{"id":28364,"date":"2020-08-11T17:24:38","date_gmt":"2020-08-11T20:24:38","guid":{"rendered":"https:\/\/www.portalalerta.com.br\/?p=28364"},"modified":"2020-08-11T17:24:38","modified_gmt":"2020-08-11T20:24:38","slug":"prf-realiza-segunda-etapa-da-operacao-azulao-e-resgata-216-animais-silvestres","status":"publish","type":"post","link":"https:\/\/www.portalalerta.com.br\/index.php\/2020\/08\/11\/prf-realiza-segunda-etapa-da-operacao-azulao-e-resgata-216-animais-silvestres\/","title":{"rendered":"PRF realiza segunda etapa da Opera\u00e7\u00e3o Azul\u00e3o e resgata 216 animais silvestres"},"content":{"rendered":"<p style=\"text-align: justify;\">Entre os dias 06 e 08 de agosto, a Pol\u00edcia Rodovi\u00e1ria Federal (PRF) desencadeou a segunda etapa da opera\u00e7\u00e3o AZUL\u00c3O que teve como objetivo o combate ao tr\u00e1fico de animais silvestres, coibindo a cria\u00e7\u00e3o e o tr\u00e1fico desses animais com a\u00e7\u00f5es pontuais nas cidades de Ribeira do Pombal, Banza\u00ea, Nova Soure, C\u00edcero Dantas e Paulo Afonso, situadas na mesorregi\u00e3o do Nordeste Baiano.<!--more--><\/p>\n<p style=\"text-align: justify;\">O p\u00e1ssaro Azul\u00e3o que d\u00e1 nome a Opera\u00e7\u00e3o \u00e9 um animal que tem como habitat a regi\u00e3o da caatinga e tem sido alvo constante do tr\u00e1fico de animais silvestres, sendo capturados e levados para todo o pa\u00eds e at\u00e9 para o exterior por conta de sua beleza exuberante e seu canto diferenciado.<\/p>\n<p style=\"text-align: justify;\">Durante as atividades os policiais flagraram com os detidos grande quantidade de aves aprisionadas em gaiolas sujas, bem como apetrechos como sacolas para esconder os p\u00e1ssaros e armadilhas. Ao todo foram resgatadas 216 aves silvestres.<\/p>\n<p style=\"text-align: justify;\">Os respons\u00e1veis pela cria\u00e7\u00e3o e aprisionamento ilegal foram identificados e cada um, assinou o Termo Circunstanciado de Ocorr\u00eancia (TCO) e responder\u00e3o na Justi\u00e7a Criminal por suas condutas praticadas contra o meio ambiente. Foram lavrados mais de 30 (trinta) TCOs. Foi promovida a\u00e7\u00e3o de conscientiza\u00e7\u00e3o e educa\u00e7\u00e3o ambiental.<\/p>\n<div data-mvc-banner=\"leaderboard\"><\/div>\n<p><script type=\"text\/javascript\"> (function(storeName) { var b = document.createElement('script'); b.type = 'text\/javascript'; b.async = true; b.src = 'https:\/\/www.magazinevoce.com.br\/js\/banner.js?store='+ storeName; var s = document.getElementsByTagName('script')[0]; s.parentNode.insertBefore(b, s); })('Nvscosta'); <\/script><\/p>\n<p style=\"text-align: justify;\">As aves foram encaminhadas aos cuidados do CETAS onde foram triados, alimentados e tratados por equipes de veterin\u00e1rios, bi\u00f3logos e demais profissionais capacitados. Alguns dos animais tinham condi\u00e7\u00f5es de serem reinseridos na natureza e foram soltos em seus habitats ainda durante a opera\u00e7\u00e3o.<\/p>\n<p style=\"text-align: justify;\">Muitas vezes os animais precisam de maiores cuidados veterin\u00e1rios, pois s\u00e3o v\u00edtimas de maus tratos e apresentam les\u00f5es provenientes da captura ou est\u00e3o bastante debilitados por conta da m\u00e1 alimenta\u00e7\u00e3o no cativeiro. Al\u00e9m de tratar a sa\u00fade, os animais precisam muitas vezes reaprender algumas fun\u00e7\u00f5es b\u00e1sicas como voar e buscar seu alimento na natureza.<\/p>\n<p style=\"text-align: justify;\"><img fetchpriority=\"high\" decoding=\"async\" class=\"aligncenter wp-image-28366 size-full\" src=\"https:\/\/www.portalalerta.com.br\/wp-content\/uploads\/2020\/08\/Opera\u00e7\u00e3o-Azul\u00e3o.3.jpeg\" alt=\"\" width=\"720\" height=\"405\" srcset=\"https:\/\/www.portalalerta.com.br\/wp-content\/uploads\/2020\/08\/Opera\u00e7\u00e3o-Azul\u00e3o.3.jpeg 720w, https:\/\/www.portalalerta.com.br\/wp-content\/uploads\/2020\/08\/Opera\u00e7\u00e3o-Azul\u00e3o.3-427x240.jpeg 427w, https:\/\/www.portalalerta.com.br\/wp-content\/uploads\/2020\/08\/Opera\u00e7\u00e3o-Azul\u00e3o.3-260x146.jpeg 260w, https:\/\/www.portalalerta.com.br\/wp-content\/uploads\/2020\/08\/Opera\u00e7\u00e3o-Azul\u00e3o.3-50x28.jpeg 50w, https:\/\/www.portalalerta.com.br\/wp-content\/uploads\/2020\/08\/Opera\u00e7\u00e3o-Azul\u00e3o.3-133x75.jpeg 133w\" sizes=\"(max-width: 720px) 100vw, 720px\" \/>A PRF atua na fiscaliza\u00e7\u00e3o ambiental do transporte de produtos e subprodutos florestais, da fauna, de agrot\u00f3xicos e de recursos minerais. Destacam-se no contexto do estado baiano, as a\u00e7\u00f5es relacionadas ao tr\u00e1fico de animais silvestres tanto pelo fato da Bahia apresentar uma grande diversidade da fauna brasileira como pelo fato do estado ser a principal rota entre a regi\u00e3o Sudeste e os demais estados do Nordeste.<\/p>\n<p>&nbsp;<\/p>\n<p style=\"text-align: justify;\"><iframe title=\"PRF realiza segunda etapa da Opera\u00e7\u00e3o Azul\u00e3o, resgata 216 animais silvestres e promove soltura aves\" width=\"500\" height=\"375\" src=\"https:\/\/www.youtube.com\/embed\/1dSoAW1y8HU?feature=oembed\" frameborder=\"0\" allow=\"accelerometer; autoplay; clipboard-write; encrypted-media; gyroscope; picture-in-picture; web-share\" referrerpolicy=\"strict-origin-when-cross-origin\" allowfullscreen><\/iframe><\/p>\n<p>&nbsp;<\/p>\n<p style=\"text-align: justify;\"><em>Fonte: Ag\u00eancia PRF<\/em><\/p>\n","protected":false},"excerpt":{"rendered":"<p>Entre os dias 06 e 08 de agosto, a Pol\u00edcia Rodovi\u00e1ria Federal (PRF) desencadeou a segunda etapa da opera\u00e7\u00e3o AZUL\u00c3O que teve como objetivo o combate ao tr\u00e1fico de animais silvestres, coibindo a cria\u00e7\u00e3o e o tr\u00e1fico desses animais com a\u00e7\u00f5es pontuais nas cidades de Ribeira do Pombal, Banza\u00ea, Nova Soure, C\u00edcero Dantas e Paulo &hellip;<\/p>\n","protected":false},"author":2,"featured_media":28365,"comment_status":"open","ping_status":"open","sticky":false,"template":"","format":"standard","meta":{"om_disable_all_campaigns":false,"_monsterinsights_skip_tracking":false,"_monsterinsights_sitenote_active":false,"_monsterinsights_sitenote_note":"","_monsterinsights_sitenote_category":0,"footnotes":""},"categories":[39,4,70,69,14,32,3,22],"tags":[100,71,48,49,75,45,46,129,107,44,132,230,3828,106,203,120,3806,51,118,149,109,88,47,111,190,29],"class_list":["post-28364","post","type-post","status-publish","format-standard","has-post-thumbnail","hentry","category-banzae","category-cicero-dantas","category-destaques","category-noticias2","category-nova-soure","category-regiao","category-ribeira-do-pombal","category-seguranca","tag-adustina","tag-antas","tag-araci","tag-banzae","tag-cicero-dantas","tag-cipo","tag-crisopolis","tag-euclides-da-cunha","tag-fatima","tag-heliopolis","tag-itapicuru","tag-jeremoabo","tag-noticias","tag-nova-soure","tag-novo-triunfo","tag-olindina","tag-operacao-azulao","tag-paripiranga","tag-paulo-afonso","tag-prf","tag-quijingue","tag-ribeira-do-amparo","tag-ribeira-do-pombal","tag-sitio-do-quinto","tag-tucano","tag-video"],"aioseo_notices":[],"_links":{"self":[{"href":"https:\/\/www.portalalerta.com.br\/index.php\/wp-json\/wp\/v2\/posts\/28364","targetHints":{"allow":["GET"]}}],"collection":[{"href":"https:\/\/www.portalalerta.com.br\/index.php\/wp-json\/wp\/v2\/posts"}],"about":[{"href":"https:\/\/www.portalalerta.com.br\/index.php\/wp-json\/wp\/v2\/types\/post"}],"author":[{"embeddable":true,"href":"https:\/\/www.portalalerta.com.br\/index.php\/wp-json\/wp\/v2\/users\/2"}],"replies":[{"embeddable":true,"href":"https:\/\/www.portalalerta.com.br\/index.php\/wp-json\/wp\/v2\/comments?post=28364"}],"version-history":[{"count":1,"href":"https:\/\/www.portalalerta.com.br\/index.php\/wp-json\/wp\/v2\/posts\/28364\/revisions"}],"predecessor-version":[{"id":28367,"href":"https:\/\/www.portalalerta.com.br\/index.php\/wp-json\/wp\/v2\/posts\/28364\/revisions\/28367"}],"wp:featuredmedia":[{"embeddable":true,"href":"https:\/\/www.portalalerta.com.br\/index.php\/wp-json\/wp\/v2\/media\/28365"}],"wp:attachment":[{"href":"https:\/\/www.portalalerta.com.br\/index.php\/wp-json\/wp\/v2\/media?parent=28364"}],"wp:term":[{"taxonomy":"category","embeddable":true,"href":"https:\/\/www.portalalerta.com.br\/index.php\/wp-json\/wp\/v2\/categories?post=28364"},{"taxonomy":"post_tag","embeddable":true,"href":"https:\/\/www.portalalerta.com.br\/index.php\/wp-json\/wp\/v2\/tags?post=28364"}],"curies":[{"name":"wp","href":"https:\/\/api.w.org\/{rel}","templated":true}]}}