{"id":28368,"date":"2020-08-11T17:36:53","date_gmt":"2020-08-11T20:36:53","guid":{"rendered":"https:\/\/www.portalalerta.com.br\/?p=28368"},"modified":"2020-08-11T17:36:53","modified_gmt":"2020-08-11T20:36:53","slug":"governo-do-parana-e-russia-farao-acordo-para-fabricacao-de-vacina-contra-covid","status":"publish","type":"post","link":"https:\/\/www.portalalerta.com.br\/index.php\/2020\/08\/11\/governo-do-parana-e-russia-farao-acordo-para-fabricacao-de-vacina-contra-covid\/","title":{"rendered":"Governo do Paran\u00e1 e R\u00fassia far\u00e3o acordo para fabrica\u00e7\u00e3o de vacina contra Covid"},"content":{"rendered":"<p style=\"text-align: justify;\">O governo do Paran\u00e1 anunciou que vai assinar na quarta-feira (12) um conv\u00eanio com a R\u00fassia para produ\u00e7\u00e3o da\u00a0vacina Sputnik V, que teve o registro de agente imunizante contra o\u00a0novo coronav\u00edrus\u00a0anunciado pelo presidente Vladmir Putin nesta ter\u00e7a-feira (11).<!--more--><\/p>\n<p style=\"text-align: justify;\">O acordo, que deve ser assinado pelo governador Ratinho J\u00fanior (PSD) e pelo embaixador da R\u00fassia no Brasil, prev\u00ea que o Paran\u00e1 poder\u00e1 testar, produzir e distribuir a vacina. O an\u00fancio da parceria foi feito pelo diretor-presidente do TecPar (Instituto de Tecnologia do Paran\u00e1), Jorge Callado, em entrevista \u00e0 GloboNews.<\/p>\n<p style=\"text-align: justify;\">Ap\u00f3s o pacto, o governo do Paran\u00e1 informou que ir\u00e1 compartilhar o protocolo russo com a Anvisa (Ag\u00eancia Nacional de Vigil\u00e2ncia Sanit\u00e1ria), para que a ag\u00eancia libere todas essas etapas. A produ\u00e7\u00e3o da vacina no Brasil, no entanto, depende do aval da Anvisa.<\/p>\n<p style=\"text-align: justify;\">Procurada, a Secretaria de Comunica\u00e7\u00e3o do governo do Estado do Paran\u00e1 disse que o governador tem prevista uma reuni\u00e3o na quarta-feira com o embaixador russo no Brasil, mas n\u00e3o confirmou que ser\u00e1 assinado um acordo de parceria para a vacina.<\/p>\n<p style=\"text-align: justify;\">\n<figure id=\"attachment_28369\" aria-describedby=\"caption-attachment-28369\" style=\"width: 720px\" class=\"wp-caption aligncenter\"><img fetchpriority=\"high\" decoding=\"async\" class=\"wp-image-28369 size-full\" src=\"https:\/\/www.portalalerta.com.br\/wp-content\/uploads\/2020\/08\/acordo-do-Paran\u00e1-vacina-covid19.jpg\" alt=\"\" width=\"720\" height=\"480\" srcset=\"https:\/\/www.portalalerta.com.br\/wp-content\/uploads\/2020\/08\/acordo-do-Paran\u00e1-vacina-covid19.jpg 720w, https:\/\/www.portalalerta.com.br\/wp-content\/uploads\/2020\/08\/acordo-do-Paran\u00e1-vacina-covid19-360x240.jpg 360w, https:\/\/www.portalalerta.com.br\/wp-content\/uploads\/2020\/08\/acordo-do-Paran\u00e1-vacina-covid19-219x146.jpg 219w, https:\/\/www.portalalerta.com.br\/wp-content\/uploads\/2020\/08\/acordo-do-Paran\u00e1-vacina-covid19-50x33.jpg 50w, https:\/\/www.portalalerta.com.br\/wp-content\/uploads\/2020\/08\/acordo-do-Paran\u00e1-vacina-covid19-113x75.jpg 113w\" sizes=\"(max-width: 720px) 100vw, 720px\" \/><figcaption id=\"caption-attachment-28369\" class=\"wp-caption-text\">Governo do Paran\u00e1 anunciou o acordo nesta ter\u00e7a-feira (11). (Foto: Gilson Abreu\/AEN)<\/figcaption><\/figure>\n<p style=\"text-align: justify;\">O chefe do fundo soberano da R\u00fassia, Kirill Dmitriev, disse que a vacina deveria ser produzida no Brasil ap\u00f3s aprova\u00e7\u00e3o regulat\u00f3ria.<\/p>\n<p style=\"text-align: justify;\">Callado ressaltou ainda que, se tudo ocorrer dentro dos protocolos previstos, a distribui\u00e7\u00e3o da vacina russa n\u00e3o deve ocorrer antes do 2\u00ba semestre de 2021.<\/p>\n<p style=\"text-align: justify;\"><strong><em>\u201cAntes da libera\u00e7\u00e3o, n\u00e3o h\u00e1 possibilidade de colocar nada em pr\u00e1tica. Reitero que a prud\u00eancia e a seguran\u00e7a s\u00e3o palavras-chave nesse processo. (&#8230;)\u00a0<\/em><\/strong><em>\u00c9 importante n\u00e3o queimar etapas, e a investiga\u00e7\u00e3o [cient\u00edfica] \u00e9 fundamental agora. Como o termo prev\u00ea estudos e valida\u00e7\u00f5es, n\u00e3o vejo a possibilidade de atrasos<strong>\u201d, afirmou Callado, em entrevista \u00e0 GloboNews.<\/strong><\/em><\/p>\n<p style=\"text-align: justify;\"><img decoding=\"async\" class=\"size-thumbnail wp-image-9394 alignleft\" src=\"https:\/\/www.portalalerta.com.br\/wp-content\/uploads\/2018\/07\/05elab-320x240.jpg\" alt=\"\" width=\"320\" height=\"240\" srcset=\"https:\/\/www.portalalerta.com.br\/wp-content\/uploads\/2018\/07\/05elab-320x240.jpg 320w, https:\/\/www.portalalerta.com.br\/wp-content\/uploads\/2018\/07\/05elab-195x146.jpg 195w, https:\/\/www.portalalerta.com.br\/wp-content\/uploads\/2018\/07\/05elab-50x38.jpg 50w, https:\/\/www.portalalerta.com.br\/wp-content\/uploads\/2018\/07\/05elab-100x75.jpg 100w, https:\/\/www.portalalerta.com.br\/wp-content\/uploads\/2018\/07\/05elab.jpg 400w\" sizes=\"(max-width: 320px) 100vw, 320px\" \/>A parceria foi discutida em reuni\u00e3o no dia 24 de julho, em Bras\u00edlia, entre o secret\u00e1rio da Casa Civil, Guto Silva, e o embaixador da R\u00fassia no Brasil, Sergey Akopov. Na ocasi\u00e3o, o governo paranaense colocou \u00e0 disposi\u00e7\u00e3o a estrutura e t\u00e9cnicos Tecpar.<\/p>\n<p style=\"text-align: justify;\">&#8220;Tivemos a aprova\u00e7\u00e3o do embaixador e agora os protocolos do acordo ser\u00e3o preparados pelas equipes do Paran\u00e1 e da R\u00fassia&#8221;, disse o chefe da Casa Civil na ocasi\u00e3o.<\/p>\n<p style=\"text-align: justify;\">De acordo com Callado, do Tecpar, \u00e9 poss\u00edvel que uma terceira fase de testes cl\u00ednicos com a vacina seja feita no Brasil. &#8220;Esperamos que os resultados sejam positivos, pois o Gamaleya \u00e9 um laborat\u00f3rio de refer\u00eancia internacional&#8221;, afirmou.<\/p>\n<p style=\"text-align: justify;\">O governo do Paran\u00e1 possui uma reserva or\u00e7ament\u00e1ria de R$ 200 milh\u00f5es para a compra de vacinas contra a Covid-19. Metade do valor sair\u00e1 do caixa da secretaria estadual da Sa\u00fade e a outra parte \u00e9 resultado de um repasse da Assembleia Legislativa do Paran\u00e1.<\/p>\n<p style=\"text-align: justify;\"><strong>OMS ACENDE ALERTA AP\u00d3S REGISTRO<\/strong><\/p>\n<p style=\"text-align: justify;\">No entanto, a falta de publica\u00e7\u00f5es cient\u00edficas que comprovem a efic\u00e1cia da imuniza\u00e7\u00e3o acende um alerta na\u00a0OMS (Organiza\u00e7\u00e3o Mundial da Sa\u00fade). A entidade afirmou precisar\u00e1 ter acesso aos dados da pesquisa para avaliar a vacina e aprov\u00e1-la.<\/p>\n<p style=\"text-align: justify;\">No entanto, a R\u00fassia n\u00e3o precisa do aval da organiza\u00e7\u00e3o para fazer o registro.<\/p>\n<p style=\"text-align: justify;\">No dia 31 de julho, a OMS registrou que os russos\u00a0ainda estavam na primeira fase da vacina. Para que a imuniza\u00e7\u00e3o seja considerada segura e eficaz, \u00e9 preciso concluir a fase 3. Para a entidade, a popula\u00e7\u00e3o s\u00f3 deve ser vacina ap\u00f3s ser aprovada nas tr\u00eas etapas.<\/p>\n<p style=\"text-align: justify;\">Tarik Jasarevic, porta-voz da Organiza\u00e7\u00e3o Mundial da Sa\u00fade, afirmou que a informa\u00e7\u00e3o que a entidade tem \u00e9 a de que os russos seguiam na fase 1. O representante da OMS disse que a organiza\u00e7\u00e3o est\u00e1 em contato com a ag\u00eancia regulat\u00f3ria russa.<\/p>\n<p style=\"text-align: justify;\">\u201cOs produtores pedem \u00e0 OMS uma pr\u00e9-qualifica\u00e7\u00e3o porque \u00e9 uma esp\u00e9cie de selo de qualidade. E ent\u00e3o, h\u00e1 um processo de avalia\u00e7\u00e3o dos dados de seguran\u00e7a e efic\u00e1cia que foram colhidos nos ensaios cl\u00ednicos\u201d, explicou. Ele ainda afirmou que a Organiza\u00e7\u00e3o Mundial da Sa\u00fade faria o mesmo processo com qualquer vacina candidata.<\/p>\n<p style=\"text-align: justify;\">Especialistas internacionais levantaram preocupa\u00e7\u00f5es sobre a velocidade com que a R\u00fassia criou a vacina, sugerindo que o pa\u00eds possa t\u00ea-la desenvolvido de forma apressada.<\/p>\n<p style=\"text-align: justify;\">A vacina russa n\u00e3o est\u00e1 na lista da OMS de seis vacinas que alcan\u00e7aram a fase tr\u00eas dos testes cl\u00ednicos, que envolvem testes mais amplos em humanos.<\/p>\n<p style=\"text-align: justify;\"><em>Fonte: Yahoo Not\u00edcias<\/em><\/p>\n","protected":false},"excerpt":{"rendered":"<p>O governo do Paran\u00e1 anunciou que vai assinar na quarta-feira (12) um conv\u00eanio com a R\u00fassia para produ\u00e7\u00e3o da\u00a0vacina Sputnik V, que teve o registro de agente imunizante contra o\u00a0novo coronav\u00edrus\u00a0anunciado pelo presidente Vladmir Putin nesta ter\u00e7a-feira (11).<\/p>\n","protected":false},"author":2,"featured_media":27000,"comment_status":"open","ping_status":"open","sticky":false,"template":"","format":"standard","meta":{"om_disable_all_campaigns":false,"_monsterinsights_skip_tracking":false,"_monsterinsights_sitenote_active":false,"_monsterinsights_sitenote_note":"","_monsterinsights_sitenote_category":0,"footnotes":""},"categories":[34,70,35,69,19],"tags":[93,339,442,826,3570],"class_list":["post-28368","post","type-post","status-publish","format-standard","has-post-thumbnail","hentry","category-brasil","category-destaques","category-mundo","category-noticias2","category-saude","tag-brasil","tag-mundo","tag-parana","tag-russia","tag-vacina"],"aioseo_notices":[],"_links":{"self":[{"href":"https:\/\/www.portalalerta.com.br\/index.php\/wp-json\/wp\/v2\/posts\/28368","targetHints":{"allow":["GET"]}}],"collection":[{"href":"https:\/\/www.portalalerta.com.br\/index.php\/wp-json\/wp\/v2\/posts"}],"about":[{"href":"https:\/\/www.portalalerta.com.br\/index.php\/wp-json\/wp\/v2\/types\/post"}],"author":[{"embeddable":true,"href":"https:\/\/www.portalalerta.com.br\/index.php\/wp-json\/wp\/v2\/users\/2"}],"replies":[{"embeddable":true,"href":"https:\/\/www.portalalerta.com.br\/index.php\/wp-json\/wp\/v2\/comments?post=28368"}],"version-history":[{"count":1,"href":"https:\/\/www.portalalerta.com.br\/index.php\/wp-json\/wp\/v2\/posts\/28368\/revisions"}],"predecessor-version":[{"id":28370,"href":"https:\/\/www.portalalerta.com.br\/index.php\/wp-json\/wp\/v2\/posts\/28368\/revisions\/28370"}],"wp:featuredmedia":[{"embeddable":true,"href":"https:\/\/www.portalalerta.com.br\/index.php\/wp-json\/wp\/v2\/media\/27000"}],"wp:attachment":[{"href":"https:\/\/www.portalalerta.com.br\/index.php\/wp-json\/wp\/v2\/media?parent=28368"}],"wp:term":[{"taxonomy":"category","embeddable":true,"href":"https:\/\/www.portalalerta.com.br\/index.php\/wp-json\/wp\/v2\/categories?post=28368"},{"taxonomy":"post_tag","embeddable":true,"href":"https:\/\/www.portalalerta.com.br\/index.php\/wp-json\/wp\/v2\/tags?post=28368"}],"curies":[{"name":"wp","href":"https:\/\/api.w.org\/{rel}","templated":true}]}}