{"id":28373,"date":"2020-08-11T21:12:45","date_gmt":"2020-08-12T00:12:45","guid":{"rendered":"https:\/\/www.portalalerta.com.br\/?p=28373"},"modified":"2020-08-11T21:32:10","modified_gmt":"2020-08-12T00:32:10","slug":"ribeira-do-pombal-ba-justica-nega-liminar-e-contas-do-ex-prefeito-ze-grilo-seguem-rejeitadas","status":"publish","type":"post","link":"https:\/\/www.portalalerta.com.br\/index.php\/2020\/08\/11\/ribeira-do-pombal-ba-justica-nega-liminar-e-contas-do-ex-prefeito-ze-grilo-seguem-rejeitadas\/","title":{"rendered":"Ribeira do Pombal-BA: Justi\u00e7a nega liminar e contas do ex-prefeito Z\u00e9 Grilo seguem rejeitadas!"},"content":{"rendered":"<p style=\"text-align: justify;\">O Juiz de Direito da Comarca de Ribeira do Pombal-BA, Paulo Ramalho Pessoa de Andrade Campos Neto, negou nesta ter\u00e7a-feira, 11, o pedido em car\u00e1ter liminar para anula\u00e7\u00e3o da sess\u00e3o da C\u00e2mara de Vereadores de Ribeira do Pombal-BA realizada no dia <a href=\"https:\/\/www.portalalerta.com.br\/index.php\/2020\/05\/23\/ex-prefeito-ze-grilo-tem-contas-rejeitadas-na-camara-de-vereadores-de-ribeira-do-pombal-ba\/\"><strong>22 de maio do corrente ano,<\/strong><\/a> quando foram rejeitadas as contas do ex-prefeito Z\u00e9 Grilo, exerc\u00edcio 2012.<!--more--><\/p>\n<p style=\"text-align: justify;\">A a\u00e7\u00e3o de <a href=\"https:\/\/www.portalalerta.com.br\/index.php\/2020\/08\/07\/ex-prefeito-de-ribeira-do-pombal-ba-ze-grilo-recorre-a-justica-para-anular-rejeicao-de-contas\/\"><strong>autoria do ex-gestor<\/strong><\/a>, tinha como argumentos: <strong>aus\u00eancia de indica\u00e7\u00e3o no ato citat\u00f3rio dos atos de gest\u00e3o e governo, sobre os quais a defesa deveria se manifestar e esclarecer; \u00a0cerceamento imotivado de produ\u00e7\u00e3o de prova pericial; cerceamento imotivado de produ\u00e7\u00e3o de prova testemunhal; \u00f3bice \u00e0 defesa t\u00e9cnica do interessado em participar da Sess\u00e3o da Comiss\u00e3o de Finan\u00e7as, Or\u00e7amento e Fiscaliza\u00e7\u00e3o, do dia 11.03.2020, dirigida \u00e0 delibera\u00e7\u00e3o do Parecer conclusivo; e \u00a0cerceamento de defesa por aus\u00eancia de oportunidade de recurso administrativo.<\/strong><\/p>\n<p style=\"text-align: justify;\"><img fetchpriority=\"high\" decoding=\"async\" class=\"size-thumbnail wp-image-28287 alignleft\" src=\"https:\/\/www.portalalerta.com.br\/wp-content\/uploads\/2020\/08\/Real-Juro-Zero-2020-240x240.jpg\" alt=\"\" width=\"240\" height=\"240\" \/>J\u00e1 em sua decis\u00e3o, o magistrado teve como base a Constitui\u00e7\u00e3o Federal, afirmando que compete \u00e0 C\u00e2mara Municipal o julgamento das contas do chefe do Poder Executivo municipal, com o aux\u00edlio dos Tribunais de Contas, que devem emitir parecer pr\u00e9vio, cuja efic\u00e1cia impositiva subsiste e somente deixar\u00e1 de prevalecer por decis\u00e3o de dois ter\u00e7os dos membros da casa legislativa. <em><strong>\u201cLogo, o \u00f3rg\u00e3o competente para os fins da inelegibilidade prevista no art. 1\u00ba, I, g, da LC 64\/1990, dada pela LC 135\/ 2010, \u00e9 a C\u00e2mara Municipal, e n\u00e3o o Tribunal de Contas\u201d<\/strong><\/em> pontuou.<\/p>\n<p style=\"text-align: justify;\">As constantes intima\u00e7\u00f5es para a apresenta\u00e7\u00e3o da defesa, bem como as aus\u00eancias destas, na \u00e9poca bastante divulgadas pela imprensa regional, tamb\u00e9m serviram como base para negar um poss\u00edvel cerceamento de defesa.<\/p>\n<p style=\"text-align: justify;\">Por fim concluiu: <strong>Assim, n\u00e3o vislumbro, pelos sucintos fundamentos ora expostos, a probabilidade do direito da parte autora a autorizar a medida de urg\u00eancia requerida. Sendo assim, inexistente probabilidade do direito autoral, ausente os requisitos legais para a concess\u00e3o da tutela de urg\u00eancia requerida, sob pena de ofensa ao art. 300 e seguintes do C\u00f3digo de Processo Civil, raz\u00e3o pela qual\u00a0<u>INDEFIRO A TUTELA DE URG\u00caNCIA<\/u>\u00a0requerida nesta demanda<\/strong>.<\/p>\n<p style=\"text-align: justify;\">A decis\u00e3o ainda n\u00e3o \u00e9 definitiva, mas em tese mant\u00e9m o ex-prefeito que havia se lan\u00e7ado pr\u00e9-candidato \u00e0 prefeito, ineleg\u00edvel. Diante do exposto, o mesmo poder\u00e1 tentar reverter a situa\u00e7\u00e3o no Tribunal de Justi\u00e7a da Bahia, o que ainda n\u00e3o foi confirmado por Z\u00e9 Grilo.<\/p>\n<p style=\"text-align: justify;\">Clique <a href=\"https:\/\/consultapublicapje.tjba.jus.br\/pje-web\/ConsultaPublica\/listView.seam\"><strong>AQUI<\/strong><\/a> e confira a decis\u00e3o na \u00edntegra, do processo <strong>8000981-20.2020.8.05.0213<\/strong>.<\/p>\n<p style=\"text-align: justify;\"><em>Reda\u00e7\u00e3o: Portal Alerta<\/em><\/p>\n<p style=\"text-align: justify;\"><strong><em>#fiqueemcasa<\/em><\/strong><\/p>\n<p style=\"text-align: justify;\"><strong><em>#usemascaras<\/em><\/strong><\/p>\n","protected":false},"excerpt":{"rendered":"<p>O Juiz de Direito da Comarca de Ribeira do Pombal-BA, Paulo Ramalho Pessoa de Andrade Campos Neto, negou nesta ter\u00e7a-feira, 11, o pedido em car\u00e1ter liminar para anula\u00e7\u00e3o da sess\u00e3o da C\u00e2mara de Vereadores de Ribeira do Pombal-BA realizada no dia 22 de maio do corrente ano, quando foram rejeitadas as contas do ex-prefeito Z\u00e9 &hellip;<\/p>\n","protected":false},"author":2,"featured_media":20211,"comment_status":"open","ping_status":"open","sticky":false,"template":"","format":"standard","meta":{"om_disable_all_campaigns":false,"_monsterinsights_skip_tracking":false,"_monsterinsights_sitenote_active":false,"_monsterinsights_sitenote_note":"","_monsterinsights_sitenote_category":0,"footnotes":""},"categories":[70,69,21,32,3],"tags":[100,71,48,49,75,45,1066,46,3215,129,107,44,132,230,270,3828,106,203,120,51,109,88,47,111,190,3259],"class_list":["post-28373","post","type-post","status-publish","format-standard","has-post-thumbnail","hentry","category-destaques","category-noticias2","category-politica","category-regiao","category-ribeira-do-pombal","tag-adustina","tag-antas","tag-araci","tag-banzae","tag-cicero-dantas","tag-cipo","tag-contas-rejeitadas","tag-crisopolis","tag-eleicoes-2020","tag-euclides-da-cunha","tag-fatima","tag-heliopolis","tag-itapicuru","tag-jeremoabo","tag-justica","tag-noticias","tag-nova-soure","tag-novo-triunfo","tag-olindina","tag-paripiranga","tag-quijingue","tag-ribeira-do-amparo","tag-ribeira-do-pombal","tag-sitio-do-quinto","tag-tucano","tag-ze-grilo"],"aioseo_notices":[],"_links":{"self":[{"href":"https:\/\/www.portalalerta.com.br\/index.php\/wp-json\/wp\/v2\/posts\/28373","targetHints":{"allow":["GET"]}}],"collection":[{"href":"https:\/\/www.portalalerta.com.br\/index.php\/wp-json\/wp\/v2\/posts"}],"about":[{"href":"https:\/\/www.portalalerta.com.br\/index.php\/wp-json\/wp\/v2\/types\/post"}],"author":[{"embeddable":true,"href":"https:\/\/www.portalalerta.com.br\/index.php\/wp-json\/wp\/v2\/users\/2"}],"replies":[{"embeddable":true,"href":"https:\/\/www.portalalerta.com.br\/index.php\/wp-json\/wp\/v2\/comments?post=28373"}],"version-history":[{"count":4,"href":"https:\/\/www.portalalerta.com.br\/index.php\/wp-json\/wp\/v2\/posts\/28373\/revisions"}],"predecessor-version":[{"id":28378,"href":"https:\/\/www.portalalerta.com.br\/index.php\/wp-json\/wp\/v2\/posts\/28373\/revisions\/28378"}],"wp:featuredmedia":[{"embeddable":true,"href":"https:\/\/www.portalalerta.com.br\/index.php\/wp-json\/wp\/v2\/media\/20211"}],"wp:attachment":[{"href":"https:\/\/www.portalalerta.com.br\/index.php\/wp-json\/wp\/v2\/media?parent=28373"}],"wp:term":[{"taxonomy":"category","embeddable":true,"href":"https:\/\/www.portalalerta.com.br\/index.php\/wp-json\/wp\/v2\/categories?post=28373"},{"taxonomy":"post_tag","embeddable":true,"href":"https:\/\/www.portalalerta.com.br\/index.php\/wp-json\/wp\/v2\/tags?post=28373"}],"curies":[{"name":"wp","href":"https:\/\/api.w.org\/{rel}","templated":true}]}}