{"id":28391,"date":"2020-08-12T12:22:24","date_gmt":"2020-08-12T15:22:24","guid":{"rendered":"https:\/\/www.portalalerta.com.br\/?p=28391"},"modified":"2020-08-12T12:22:24","modified_gmt":"2020-08-12T15:22:24","slug":"avo-de-michelle-bolsonaro-morre-apos-ser-internada-com-covid-19","status":"publish","type":"post","link":"https:\/\/www.portalalerta.com.br\/index.php\/2020\/08\/12\/avo-de-michelle-bolsonaro-morre-apos-ser-internada-com-covid-19\/","title":{"rendered":"Av\u00f3 de Michelle Bolsonaro morre ap\u00f3s ser internada com Covid-19"},"content":{"rendered":"<p style=\"text-align: justify;\">A av\u00f3 da primeira-dama Michelle Bolsonaro morreu na madrugada desta quarta-feira, 12. Maria Aparecida Firmo Ferreira estava internada desde o dia 1\u00ba de julho, quando foi diagnosticada com Covid-19.<!--more--><\/p>\n<p style=\"text-align: justify;\"><img fetchpriority=\"high\" decoding=\"async\" class=\"size-thumbnail wp-image-9394 alignleft\" src=\"https:\/\/www.portalalerta.com.br\/wp-content\/uploads\/2018\/07\/05elab-320x240.jpg\" alt=\"\" width=\"320\" height=\"240\" srcset=\"https:\/\/www.portalalerta.com.br\/wp-content\/uploads\/2018\/07\/05elab-320x240.jpg 320w, https:\/\/www.portalalerta.com.br\/wp-content\/uploads\/2018\/07\/05elab-195x146.jpg 195w, https:\/\/www.portalalerta.com.br\/wp-content\/uploads\/2018\/07\/05elab-50x38.jpg 50w, https:\/\/www.portalalerta.com.br\/wp-content\/uploads\/2018\/07\/05elab-100x75.jpg 100w, https:\/\/www.portalalerta.com.br\/wp-content\/uploads\/2018\/07\/05elab.jpg 400w\" sizes=\"(max-width: 320px) 100vw, 320px\" \/>A av\u00f3 de Michelle Bolsonaro tinha 81 anos e estava no Hospital Regional da Ceil\u00e2ndia, no Distrito Federal. Segundo informa\u00e7\u00f5es da r\u00e1dio BandNews FM, Maria Aparecida deixou a Unidade de Terapia Intensiva do Hospital na \u00faltima sexta-feira, 7, mas seguia internada.<\/p>\n<p style=\"text-align: justify;\">A idosa teve 78% da capacidade pulmonar comprometida por causa do coronav\u00edrus.<\/p>\n<p style=\"text-align: justify;\">Ao portal Metr\u00f3poles, a tia de Michelle e filha de Maria Aparecida, Maria de F\u00e1tima Ferreira, afirmou que toda a fam\u00edlia est\u00e1 muito abalada. \u201cDeus resolveu levar minha m\u00e3ezinha, n\u00e3o consigo acreditar. Ela lutou tanto, mostrou tanta for\u00e7a, mas n\u00e3o resistiu\u201d, disse.<\/p>\n<p style=\"text-align: justify;\">Michelle Bolsonaro tamb\u00e9m foi diagnosticada com Covid-19, assim como o\u00a0presidente Jair Bolsonaro\u00a0(sem partido). Nenhum dos dois teve complica\u00e7\u00f5es causadas pela doen\u00e7a.<\/p>\n<p style=\"text-align: justify;\"><em>Fonte: Yahoo Not\u00edcias<\/em><\/p>\n","protected":false},"excerpt":{"rendered":"<p>A av\u00f3 da primeira-dama Michelle Bolsonaro morreu na madrugada desta quarta-feira, 12. Maria Aparecida Firmo Ferreira estava internada desde o dia 1\u00ba de julho, quando foi diagnosticada com Covid-19.<\/p>\n","protected":false},"author":2,"featured_media":27861,"comment_status":"open","ping_status":"open","sticky":false,"template":"","format":"standard","meta":{"om_disable_all_campaigns":false,"_monsterinsights_skip_tracking":false,"_monsterinsights_sitenote_active":false,"_monsterinsights_sitenote_note":"","_monsterinsights_sitenote_category":0,"footnotes":""},"categories":[34,70,69,21,19],"tags":[907,93,3429,3486,539,3095,169],"class_list":["post-28391","post","type-post","status-publish","format-standard","has-post-thumbnail","hentry","category-brasil","category-destaques","category-noticias2","category-politica","category-saude","tag-avo","tag-brasil","tag-coronavirus","tag-covid-19","tag-distrito-federal","tag-michelle-bolsonaro","tag-morte"],"aioseo_notices":[],"_links":{"self":[{"href":"https:\/\/www.portalalerta.com.br\/index.php\/wp-json\/wp\/v2\/posts\/28391","targetHints":{"allow":["GET"]}}],"collection":[{"href":"https:\/\/www.portalalerta.com.br\/index.php\/wp-json\/wp\/v2\/posts"}],"about":[{"href":"https:\/\/www.portalalerta.com.br\/index.php\/wp-json\/wp\/v2\/types\/post"}],"author":[{"embeddable":true,"href":"https:\/\/www.portalalerta.com.br\/index.php\/wp-json\/wp\/v2\/users\/2"}],"replies":[{"embeddable":true,"href":"https:\/\/www.portalalerta.com.br\/index.php\/wp-json\/wp\/v2\/comments?post=28391"}],"version-history":[{"count":1,"href":"https:\/\/www.portalalerta.com.br\/index.php\/wp-json\/wp\/v2\/posts\/28391\/revisions"}],"predecessor-version":[{"id":28392,"href":"https:\/\/www.portalalerta.com.br\/index.php\/wp-json\/wp\/v2\/posts\/28391\/revisions\/28392"}],"wp:featuredmedia":[{"embeddable":true,"href":"https:\/\/www.portalalerta.com.br\/index.php\/wp-json\/wp\/v2\/media\/27861"}],"wp:attachment":[{"href":"https:\/\/www.portalalerta.com.br\/index.php\/wp-json\/wp\/v2\/media?parent=28391"}],"wp:term":[{"taxonomy":"category","embeddable":true,"href":"https:\/\/www.portalalerta.com.br\/index.php\/wp-json\/wp\/v2\/categories?post=28391"},{"taxonomy":"post_tag","embeddable":true,"href":"https:\/\/www.portalalerta.com.br\/index.php\/wp-json\/wp\/v2\/tags?post=28391"}],"curies":[{"name":"wp","href":"https:\/\/api.w.org\/{rel}","templated":true}]}}