{"id":28393,"date":"2020-08-12T12:36:24","date_gmt":"2020-08-12T15:36:24","guid":{"rendered":"https:\/\/www.portalalerta.com.br\/?p=28393"},"modified":"2020-08-12T12:36:24","modified_gmt":"2020-08-12T15:36:24","slug":"vereador-de-cicero-dantas-ba-testa-positivo-para-covid-19","status":"publish","type":"post","link":"https:\/\/www.portalalerta.com.br\/index.php\/2020\/08\/12\/vereador-de-cicero-dantas-ba-testa-positivo-para-covid-19\/","title":{"rendered":"Vereador de C\u00edcero Dantas-BA testa positivo para Covid-19"},"content":{"rendered":"<p style=\"text-align: justify;\">Na \u00faltima ter\u00e7a-feira, 11, o vereador de C\u00edcero Dantas (BA), M\u00e1rcio Amaral, divulgou\u00a0nas redes sociais um comunicado em que revela ter testado positivo para o novo coronav\u00edrus.<!--more--><\/p>\n<p style=\"text-align: justify;\">&#8220;Hoje, 11 de agosto de 2020, me submeti ao exame de Covid-19 e testei positivo. J\u00e1 me encontro isolado e medicado em minha resid\u00eancia. Pe\u00e7o for\u00e7as a Deus para que essa doen\u00e7a n\u00e3o agrave. Juntos venceremos\u201d. declarou M\u00e1rcio Amaral no v\u00eddeo.<\/p>\n<p style=\"text-align: justify;\"><img fetchpriority=\"high\" decoding=\"async\" class=\"size-thumbnail wp-image-4869 aligncenter\" src=\"https:\/\/www.portalalerta.com.br\/wp-content\/uploads\/2018\/02\/Auto-Escola-Nobre-720x181.jpg\" alt=\"\" width=\"720\" height=\"181\" srcset=\"https:\/\/www.portalalerta.com.br\/wp-content\/uploads\/2018\/02\/Auto-Escola-Nobre.jpg 720w, https:\/\/www.portalalerta.com.br\/wp-content\/uploads\/2018\/02\/Auto-Escola-Nobre-260x65.jpg 260w, https:\/\/www.portalalerta.com.br\/wp-content\/uploads\/2018\/02\/Auto-Escola-Nobre-50x13.jpg 50w, https:\/\/www.portalalerta.com.br\/wp-content\/uploads\/2018\/02\/Auto-Escola-Nobre-150x38.jpg 150w\" sizes=\"(max-width: 720px) 100vw, 720px\" \/>Esse \u00e9 o terceiro caso de parlamentar que obt\u00e9m diagn\u00f3stico positivo para Covid-19 em C\u00edcero Dantas. Em meados de julho, o vereador Jackson Almeida havia informado que tinha contra\u00eddo a infec\u00e7\u00e3o e dias depois, foi a vez da vereadora Aderian. Ambos j\u00e1 se encontram recuperados.<\/p>\n<p style=\"text-align: justify;\">Atualmente C\u00edcero Dantas-BA se encontra com 273 casos registrados, sendo 118 ativos (43%), 154 curados (56%), e 01 morte (1%).<br \/>\n<strong><em><br \/>\n<\/em><\/strong><a href=\"https:\/\/www.portalalerta.com.br\/index.php\/2020\/05\/25\/saiba-como-esta-a-evolucao-do-covid-19-em-cicero-dantas-ba\/\"><strong style=\"font-style: inherit;\">Clique aqui e saiba como est\u00e1 a evolu\u00e7\u00e3o do Covid-19 em C\u00edcero Dantas-BA<\/strong><\/a><\/p>\n<p style=\"text-align: justify;\"><em style=\"font-weight: inherit;\">\u00a0Fonte: C\u00edcero Dantas Acontece <\/em><\/p>\n","protected":false},"excerpt":{"rendered":"<p>Na \u00faltima ter\u00e7a-feira, 11, o vereador de C\u00edcero Dantas (BA), M\u00e1rcio Amaral, divulgou\u00a0nas redes sociais um comunicado em que revela ter testado positivo para o novo coronav\u00edrus.<\/p>\n","protected":false},"author":2,"featured_media":28394,"comment_status":"open","ping_status":"open","sticky":false,"template":"","format":"standard","meta":{"om_disable_all_campaigns":false,"_monsterinsights_skip_tracking":false,"_monsterinsights_sitenote_active":false,"_monsterinsights_sitenote_note":"","_monsterinsights_sitenote_category":0,"footnotes":""},"categories":[4,70,69,21,32,19],"tags":[100,71,48,49,75,45,3429,3486,46,129,107,44,3724,132,230,3828,106,203,120,51,109,88,47,61,111,190,80],"class_list":["post-28393","post","type-post","status-publish","format-standard","has-post-thumbnail","hentry","category-cicero-dantas","category-destaques","category-noticias2","category-politica","category-regiao","category-saude","tag-adustina","tag-antas","tag-araci","tag-banzae","tag-cicero-dantas","tag-cipo","tag-coronavirus","tag-covid-19","tag-crisopolis","tag-euclides-da-cunha","tag-fatima","tag-heliopolis","tag-infeccao","tag-itapicuru","tag-jeremoabo","tag-noticias","tag-nova-soure","tag-novo-triunfo","tag-olindina","tag-paripiranga","tag-quijingue","tag-ribeira-do-amparo","tag-ribeira-do-pombal","tag-saude","tag-sitio-do-quinto","tag-tucano","tag-vereador"],"aioseo_notices":[],"_links":{"self":[{"href":"https:\/\/www.portalalerta.com.br\/index.php\/wp-json\/wp\/v2\/posts\/28393","targetHints":{"allow":["GET"]}}],"collection":[{"href":"https:\/\/www.portalalerta.com.br\/index.php\/wp-json\/wp\/v2\/posts"}],"about":[{"href":"https:\/\/www.portalalerta.com.br\/index.php\/wp-json\/wp\/v2\/types\/post"}],"author":[{"embeddable":true,"href":"https:\/\/www.portalalerta.com.br\/index.php\/wp-json\/wp\/v2\/users\/2"}],"replies":[{"embeddable":true,"href":"https:\/\/www.portalalerta.com.br\/index.php\/wp-json\/wp\/v2\/comments?post=28393"}],"version-history":[{"count":1,"href":"https:\/\/www.portalalerta.com.br\/index.php\/wp-json\/wp\/v2\/posts\/28393\/revisions"}],"predecessor-version":[{"id":28395,"href":"https:\/\/www.portalalerta.com.br\/index.php\/wp-json\/wp\/v2\/posts\/28393\/revisions\/28395"}],"wp:featuredmedia":[{"embeddable":true,"href":"https:\/\/www.portalalerta.com.br\/index.php\/wp-json\/wp\/v2\/media\/28394"}],"wp:attachment":[{"href":"https:\/\/www.portalalerta.com.br\/index.php\/wp-json\/wp\/v2\/media?parent=28393"}],"wp:term":[{"taxonomy":"category","embeddable":true,"href":"https:\/\/www.portalalerta.com.br\/index.php\/wp-json\/wp\/v2\/categories?post=28393"},{"taxonomy":"post_tag","embeddable":true,"href":"https:\/\/www.portalalerta.com.br\/index.php\/wp-json\/wp\/v2\/tags?post=28393"}],"curies":[{"name":"wp","href":"https:\/\/api.w.org\/{rel}","templated":true}]}}