{"id":28405,"date":"2020-08-12T17:09:25","date_gmt":"2020-08-12T20:09:25","guid":{"rendered":"https:\/\/www.portalalerta.com.br\/?p=28405"},"modified":"2020-08-12T17:15:46","modified_gmt":"2020-08-12T20:15:46","slug":"guedes-diz-que-furar-teto-de-gastos-e-caminho-para-o-impeachment-de-bolsonaro","status":"publish","type":"post","link":"https:\/\/www.portalalerta.com.br\/index.php\/2020\/08\/12\/guedes-diz-que-furar-teto-de-gastos-e-caminho-para-o-impeachment-de-bolsonaro\/","title":{"rendered":"Guedes diz que &#8216;furar&#8217; teto de gastos \u00e9 caminho para o impeachment de Bolsonaro"},"content":{"rendered":"<p style=\"text-align: justify;\">O ministro da Economia, Paulo Guedes, afirmou nesta ter\u00e7a-feira que os auxiliares que aconselham o presidente Jair Bolsonaro a burlar a regra do teto de gastos est\u00e3o levando o presidente para uma zona de impeachment.<!--more--><\/p>\n<p style=\"text-align: justify;\">Sem citar nomes, Guedes defendeu a regra que limita o crescimento das despesas da Uni\u00e3o \u00e0 infla\u00e7\u00e3o, e afirmou que o Minist\u00e9rio da Economia n\u00e3o apoia \u201cministros fura-teto\u201d.<\/p>\n<p style=\"text-align: justify;\">\u2014 Os conselheiros do presidente que est\u00e3o aconselhando a pular a cerca e furar teto v\u00e3o levar o presidente para uma zona sombria, uma zona de impeachment, de irresponsabilidade fiscal. O presidente sabe disso, o presidente tem nos apoiado \u2014 afirmou.<\/p>\n<p style=\"text-align: justify;\"><img fetchpriority=\"high\" decoding=\"async\" class=\"size-thumbnail wp-image-28287 alignleft\" src=\"https:\/\/www.portalalerta.com.br\/wp-content\/uploads\/2020\/08\/Real-Juro-Zero-2020-240x240.jpg\" alt=\"\" width=\"240\" height=\"240\" \/>A fala foi feita ao lado do presidente da C\u00e2mara, Rodrigo Maia (DEM-RJ). Os dois se reuniram para defender o teto de gastos e passar uma sinaliza\u00e7\u00e3o de seguran\u00e7a ao mercado.<\/p>\n<p style=\"text-align: justify;\">Durante a entrevista, Guedes anunciou a demiss\u00e3o de dois secret\u00e1rios: Salim Mattar (Desestatiza\u00e7\u00e3o) e Paulo Uebel (Desburocratiza\u00e7\u00e3o, Gest\u00e3o e Governo Digital).<\/p>\n<p style=\"text-align: justify;\">\u2014 N\u00e3o haver\u00e1 nenhum apoio do Minist\u00e9rio da Economia a ministros fura-teto. Se tiver ministro fura-teto, eu vou brigar com o ministro fura-teto \u2014 disse.<\/p>\n<p style=\"text-align: justify;\">Guedes tem sido pressionado a aumentar os gastos com investimentos nos pr\u00f3ximos anos pela ala pol\u00edtica do governo, como forma de pavimentar o caminho para a campanha de reelei\u00e7\u00e3o de Bolsonaro em 2022. O ministro Rog\u00e9rio Marinho (Desenvolvimento Regional) lidera essa press\u00e3o, ao lado de ministros militares e de Tarc\u00edsio Gomes de Freitas (Infraestrutura).<\/p>\n<p style=\"text-align: justify;\">O presidente da C\u00e2mara disse que n\u00e3o haver\u00e1 &#8220;jeitinho&#8221; para furar o teto de gastos. O l\u00edder do PP, Arthur Lira (PP-AL), que atua como l\u00edder informal do governo tamb\u00e9m participou do encontro.<\/p>\n<p style=\"text-align: justify;\">\u2014 N\u00e3o tem jeitinho, n\u00e3o tem esperteza. O que tem \u00e9 uma realidade, temos uma carga tribut\u00e1ria de mais de 33% do PIB somado ao d\u00e9ficit prim\u00e1rio. Precisamos entender que essa conta est\u00e1 dentro do governo e est\u00e1 dentro do Congresso \u2014 disse Maia.<\/p>\n<p style=\"text-align: justify;\">Segundo Maia, \u00e9 preciso dar a solu\u00e7\u00e3o para cortar gastos dentro do Or\u00e7amento. Ele citou a desindexa\u00e7\u00e3o e corte de subs\u00eddios.<\/p>\n<p style=\"text-align: justify;\">\u2014 Eu sou a favor de investimento p\u00fablico dentro do teto de gastos. Todo mundo tem que construir a solu\u00e7\u00e3o. Tem senadores falando da necessidade de investimento, tem deputados falando, e tem ministros da \u00e1rea de investimento do governo querendo recurso para investimento. N\u00f3s tamb\u00e9m queremos, mas baseado na redu\u00e7\u00e3o das despesas \u2014 disse o presidente da C\u00e2mara.<\/p>\n<p style=\"text-align: justify;\">Maia disse ainda que n\u00e3o pautar\u00e1 a prorroga\u00e7\u00e3o do Estado de Calamidade P\u00fablica, que permite descumprir o teto de gastos e gastar mais.<\/p>\n<p style=\"text-align: justify;\">\u2014 De forma nenhuma a C\u00e2mara vai pautar a prorroga\u00e7\u00e3o do estado de calamidade.<\/p>\n<p style=\"text-align: justify;\"><em>Fonte: Yahoo Not\u00edcias<\/em><\/p>\n","protected":false},"excerpt":{"rendered":"<p>O ministro da Economia, Paulo Guedes, afirmou nesta ter\u00e7a-feira que os auxiliares que aconselham o presidente Jair Bolsonaro a burlar a regra do teto de gastos est\u00e3o levando o presidente para uma zona de impeachment.<\/p>\n","protected":false},"author":2,"featured_media":16889,"comment_status":"open","ping_status":"open","sticky":false,"template":"","format":"standard","meta":{"om_disable_all_campaigns":false,"_monsterinsights_skip_tracking":false,"_monsterinsights_sitenote_active":false,"_monsterinsights_sitenote_note":"","_monsterinsights_sitenote_category":0,"footnotes":""},"categories":[34,70,69,21],"tags":[100,71,48,49,93,75,45,46,129,107,44,988,132,1395,230,2707,3828,106,203,120,51,2708,199,109,88,47,111,3844,190],"class_list":["post-28405","post","type-post","status-publish","format-standard","has-post-thumbnail","hentry","category-brasil","category-destaques","category-noticias2","category-politica","tag-adustina","tag-antas","tag-araci","tag-banzae","tag-brasil","tag-cicero-dantas","tag-cipo","tag-crisopolis","tag-euclides-da-cunha","tag-fatima","tag-heliopolis","tag-impeachment","tag-itapicuru","tag-jair-bolsonaro","tag-jeremoabo","tag-ministro-da-economia","tag-noticias","tag-nova-soure","tag-novo-triunfo","tag-olindina","tag-paripiranga","tag-paulo-guedes","tag-politica","tag-quijingue","tag-ribeira-do-amparo","tag-ribeira-do-pombal","tag-sitio-do-quinto","tag-teto-de-gastos","tag-tucano"],"aioseo_notices":[],"_links":{"self":[{"href":"https:\/\/www.portalalerta.com.br\/index.php\/wp-json\/wp\/v2\/posts\/28405","targetHints":{"allow":["GET"]}}],"collection":[{"href":"https:\/\/www.portalalerta.com.br\/index.php\/wp-json\/wp\/v2\/posts"}],"about":[{"href":"https:\/\/www.portalalerta.com.br\/index.php\/wp-json\/wp\/v2\/types\/post"}],"author":[{"embeddable":true,"href":"https:\/\/www.portalalerta.com.br\/index.php\/wp-json\/wp\/v2\/users\/2"}],"replies":[{"embeddable":true,"href":"https:\/\/www.portalalerta.com.br\/index.php\/wp-json\/wp\/v2\/comments?post=28405"}],"version-history":[{"count":1,"href":"https:\/\/www.portalalerta.com.br\/index.php\/wp-json\/wp\/v2\/posts\/28405\/revisions"}],"predecessor-version":[{"id":28406,"href":"https:\/\/www.portalalerta.com.br\/index.php\/wp-json\/wp\/v2\/posts\/28405\/revisions\/28406"}],"wp:featuredmedia":[{"embeddable":true,"href":"https:\/\/www.portalalerta.com.br\/index.php\/wp-json\/wp\/v2\/media\/16889"}],"wp:attachment":[{"href":"https:\/\/www.portalalerta.com.br\/index.php\/wp-json\/wp\/v2\/media?parent=28405"}],"wp:term":[{"taxonomy":"category","embeddable":true,"href":"https:\/\/www.portalalerta.com.br\/index.php\/wp-json\/wp\/v2\/categories?post=28405"},{"taxonomy":"post_tag","embeddable":true,"href":"https:\/\/www.portalalerta.com.br\/index.php\/wp-json\/wp\/v2\/tags?post=28405"}],"curies":[{"name":"wp","href":"https:\/\/api.w.org\/{rel}","templated":true}]}}