{"id":28428,"date":"2020-08-12T22:27:17","date_gmt":"2020-08-13T01:27:17","guid":{"rendered":"https:\/\/www.portalalerta.com.br\/?p=28428"},"modified":"2020-08-12T22:45:37","modified_gmt":"2020-08-13T01:45:37","slug":"condenado-pela-morte-de-policial-rodoviario-e-capturado-em-simoes-filho-ba","status":"publish","type":"post","link":"https:\/\/www.portalalerta.com.br\/index.php\/2020\/08\/12\/condenado-pela-morte-de-policial-rodoviario-e-capturado-em-simoes-filho-ba\/","title":{"rendered":"Condenado pela morte de Policial Rodovi\u00e1rio, \u00e9 capturado em Sim\u00f5es Filho (BA)"},"content":{"rendered":"<p style=\"text-align: justify;\">Agentes da Pol\u00edcia Rodovi\u00e1ria Federal (PRF) capturaram na tarde desta quarta-feira (12), um dos condenados respons\u00e1vel pela morte do policial rodovi\u00e1rio federal, Marcelo Carib\u00e9 de Carvalho, v\u00edtima de latroc\u00ednio ocorrido em setembro\/2015.<!--more--><\/p>\n<p style=\"text-align: justify;\">Era por volta das 15h00 quando uma equipe da PRF realizava ronda na altura do quil\u00f4metro 603 da BR 324, momento em que foi informada atrav\u00e9s do sistema de rastreamento, do registro de roubo de um ve\u00edculo CITROEN\/C3, de cor branca.<\/p>\n<p style=\"text-align: justify;\"><img fetchpriority=\"high\" decoding=\"async\" class=\"size-thumbnail wp-image-9394 alignleft\" src=\"https:\/\/www.portalalerta.com.br\/wp-content\/uploads\/2018\/07\/05elab-320x240.jpg\" alt=\"\" width=\"320\" height=\"240\" srcset=\"https:\/\/www.portalalerta.com.br\/wp-content\/uploads\/2018\/07\/05elab-320x240.jpg 320w, https:\/\/www.portalalerta.com.br\/wp-content\/uploads\/2018\/07\/05elab-195x146.jpg 195w, https:\/\/www.portalalerta.com.br\/wp-content\/uploads\/2018\/07\/05elab-50x38.jpg 50w, https:\/\/www.portalalerta.com.br\/wp-content\/uploads\/2018\/07\/05elab-100x75.jpg 100w, https:\/\/www.portalalerta.com.br\/wp-content\/uploads\/2018\/07\/05elab.jpg 400w\" sizes=\"(max-width: 320px) 100vw, 320px\" \/>Prontamente, os policiais iniciariam dilig\u00eancias e instantes depois avistaram o ve\u00edculo suspeito \u2018passar\u2019 na rodovia, com 02 ocupantes. Diante desse fato, os agentes iniciaram tentativas de abordagem, por\u00e9m o condutor desobedeceu as ordens de parada e empreendeu fuga.<\/p>\n<p style=\"text-align: justify;\">Iniciou-se um acompanhamento t\u00e1tico, e ap\u00f3s alguns quil\u00f4metros conseguiram se aproximar do autom\u00f3vel, por\u00e9m disparos de arma de fogo foram efetuados contra a equipe, que reagiu iniciando uma troca de tiros.<\/p>\n<p style=\"text-align: justify;\">O Citroen s\u00f3 parou, ap\u00f3s o motorista tentar uma manobra evasiva na al\u00e7a de retorno da pista, por\u00e9m, em raz\u00e3o da velocidade, o carro capotou. Mesmo ap\u00f3s o acidente, os ocupantes continuaram a disparar em dire\u00e7\u00e3o aos policiais.<\/p>\n<p style=\"text-align: justify;\">Durante o confronto, os suspeitos foram baleados e receberam os primeiros cuidados pela equipe \u2013 que acionou a SAMU e atendimento m\u00e9dico da concession\u00e1ria Via Bahia, que de pronto atenderam o chamado e encaminharam os dois homens para um estabelecimento hospitalar na capital baiana.<\/p>\n<p style=\"text-align: justify;\">Em consulta aos sistemas da pol\u00edcia, verificou-se que um dos suspeitos era foragido da Unidade Especial Disciplinar (UED) desde abril\/2020 e possu\u00eda em seu desfavor um mandado de pris\u00e3o pelo crime de latroc\u00ednio que teve como v\u00edtima o PRF Carib\u00e9, morto em setembro de 2015.<\/p>\n<p style=\"text-align: justify;\">Al\u00e9m do ve\u00edculo recuperado, foram apreendidos duas pistolas cal.380, catorze muni\u00e7\u00f5es, dois carregadores, seis aparelhos celulares e quase 1.500 reais em esp\u00e9cie. A ocorr\u00eancia e os materiais foram apresentados e entregues \u00e0 Pol\u00edcia Civil, para procedimentos cab\u00edveis.<\/p>\n<p style=\"text-align: justify;\"><strong>CASO CARIB\u00c9<\/strong><\/p>\n<p style=\"text-align: justify;\">O crime ocorreu em 24 de setembro de 2015. Carib\u00e9 estava em uma barraca com amigos, no bairro da Pituba, quando dois homens chegaram e anunciaram o assalto. Ele foi atingido por disparo na cabe\u00e7a e deu entrada na emerg\u00eancia do Hospital da Bahia em estado grave. A morte encef\u00e1lica do policial, com apenas 28 anos de idade, foi confirmada na madrugada do dia 26\/07\/2015.<\/p>\n<p style=\"text-align: justify;\">Ap\u00f3s intenso trabalho de investiga\u00e7\u00e3o das for\u00e7as policiais (PRF, PF, PM e PC), os respons\u00e1veis pelo assassinato foram presos e o crime foi elucidado.<\/p>\n<p style=\"text-align: justify;\">Em mar\u00e7o de 2017, quatro criminosos foram condenados pela Justi\u00e7a baiana e sentenciados pelos crimes de latroc\u00ednio e roubo qualificado.<\/p>\n<p style=\"text-align: justify;\">O capturado na data de hoje, 12 de agosto, foi sentenciado a 56 anos, oito meses e 11 dias de pris\u00e3o. Ele j\u00e1 havia evadido do sistema prisional por duas vezes.<\/p>\n<p style=\"text-align: justify;\"><em>Fonte: Ag\u00eancia PRF<\/em><\/p>\n","protected":false},"excerpt":{"rendered":"<p>Agentes da Pol\u00edcia Rodovi\u00e1ria Federal (PRF) capturaram na tarde desta quarta-feira (12), um dos condenados respons\u00e1vel pela morte do policial rodovi\u00e1rio federal, Marcelo Carib\u00e9 de Carvalho, v\u00edtima de latroc\u00ednio ocorrido em setembro\/2015.<\/p>\n","protected":false},"author":2,"featured_media":28429,"comment_status":"open","ping_status":"open","sticky":false,"template":"","format":"standard","meta":{"om_disable_all_campaigns":false,"_monsterinsights_skip_tracking":false,"_monsterinsights_sitenote_active":false,"_monsterinsights_sitenote_note":"","_monsterinsights_sitenote_category":0,"footnotes":""},"categories":[33,70,69,22],"tags":[100,71,48,54,49,498,75,45,46,129,107,44,258,132,230,3828,106,203,120,51,77,149,109,88,47,111,190],"class_list":["post-28428","post","type-post","status-publish","format-standard","has-post-thumbnail","hentry","category-bahia","category-destaques","category-noticias2","category-seguranca","tag-adustina","tag-antas","tag-araci","tag-bahia","tag-banzae","tag-br-324","tag-cicero-dantas","tag-cipo","tag-crisopolis","tag-euclides-da-cunha","tag-fatima","tag-heliopolis","tag-homicida","tag-itapicuru","tag-jeremoabo","tag-noticias","tag-nova-soure","tag-novo-triunfo","tag-olindina","tag-paripiranga","tag-preso","tag-prf","tag-quijingue","tag-ribeira-do-amparo","tag-ribeira-do-pombal","tag-sitio-do-quinto","tag-tucano"],"aioseo_notices":[],"_links":{"self":[{"href":"https:\/\/www.portalalerta.com.br\/index.php\/wp-json\/wp\/v2\/posts\/28428","targetHints":{"allow":["GET"]}}],"collection":[{"href":"https:\/\/www.portalalerta.com.br\/index.php\/wp-json\/wp\/v2\/posts"}],"about":[{"href":"https:\/\/www.portalalerta.com.br\/index.php\/wp-json\/wp\/v2\/types\/post"}],"author":[{"embeddable":true,"href":"https:\/\/www.portalalerta.com.br\/index.php\/wp-json\/wp\/v2\/users\/2"}],"replies":[{"embeddable":true,"href":"https:\/\/www.portalalerta.com.br\/index.php\/wp-json\/wp\/v2\/comments?post=28428"}],"version-history":[{"count":2,"href":"https:\/\/www.portalalerta.com.br\/index.php\/wp-json\/wp\/v2\/posts\/28428\/revisions"}],"predecessor-version":[{"id":28432,"href":"https:\/\/www.portalalerta.com.br\/index.php\/wp-json\/wp\/v2\/posts\/28428\/revisions\/28432"}],"wp:featuredmedia":[{"embeddable":true,"href":"https:\/\/www.portalalerta.com.br\/index.php\/wp-json\/wp\/v2\/media\/28429"}],"wp:attachment":[{"href":"https:\/\/www.portalalerta.com.br\/index.php\/wp-json\/wp\/v2\/media?parent=28428"}],"wp:term":[{"taxonomy":"category","embeddable":true,"href":"https:\/\/www.portalalerta.com.br\/index.php\/wp-json\/wp\/v2\/categories?post=28428"},{"taxonomy":"post_tag","embeddable":true,"href":"https:\/\/www.portalalerta.com.br\/index.php\/wp-json\/wp\/v2\/tags?post=28428"}],"curies":[{"name":"wp","href":"https:\/\/api.w.org\/{rel}","templated":true}]}}