{"id":28433,"date":"2020-08-12T22:53:32","date_gmt":"2020-08-13T01:53:32","guid":{"rendered":"https:\/\/www.portalalerta.com.br\/?p=28433"},"modified":"2020-08-12T23:01:37","modified_gmt":"2020-08-13T02:01:37","slug":"iniciada-a-restauracao-da-igreja-da-mirandela-em-banzae-ba","status":"publish","type":"post","link":"https:\/\/www.portalalerta.com.br\/index.php\/2020\/08\/12\/iniciada-a-restauracao-da-igreja-da-mirandela-em-banzae-ba\/","title":{"rendered":"Iniciada a Restaura\u00e7\u00e3o da Igreja da Mirandela, em Banza\u00ea-BA"},"content":{"rendered":"<p style=\"text-align: justify;\">Na quarta-feira, 12 de agosto 2020, a Prefeita Jailma Dantas, do munic\u00edpio de Banza\u00ea-BA, acompanhou o in\u00edcio da restaura\u00e7\u00e3o da Igreja do Povoado da Mirandela pela empresa Compacto Engenharia, um conv\u00eanio com o Governo do Estado da Bahia.<!--more--><\/p>\n<p style=\"text-align: justify;\"><img fetchpriority=\"high\" decoding=\"async\" class=\"size-thumbnail wp-image-28287 alignleft\" src=\"https:\/\/www.portalalerta.com.br\/wp-content\/uploads\/2020\/08\/Real-Juro-Zero-2020-240x240.jpg\" alt=\"\" width=\"240\" height=\"240\" \/>A princ\u00edpio a restaura\u00e7\u00e3o ser\u00e1 realizada: \u00a0no teto, piso, janelas, portas e coro. A previs\u00e3o da conclus\u00e3o desta etapa \u00e9 de 90 dias. Um sonho antigo da comunidade cat\u00f3lica de Banza\u00ea, e devotos do Senhor da Ascens\u00e3o espalhado pela regi\u00e3o, filhos da Mirandela.<\/p>\n<p style=\"text-align: justify;\"><em>Fonte: Joilson Costa<\/em><\/p>\n","protected":false},"excerpt":{"rendered":"<p>Na quarta-feira, 12 de agosto 2020, a Prefeita Jailma Dantas, do munic\u00edpio de Banza\u00ea-BA, acompanhou o in\u00edcio da restaura\u00e7\u00e3o da Igreja do Povoado da Mirandela pela empresa Compacto Engenharia, um conv\u00eanio com o Governo do Estado da Bahia.<\/p>\n","protected":false},"author":2,"featured_media":21694,"comment_status":"open","ping_status":"open","sticky":false,"template":"","format":"standard","meta":{"om_disable_all_campaigns":false,"_monsterinsights_skip_tracking":false,"_monsterinsights_sitenote_active":false,"_monsterinsights_sitenote_note":"","_monsterinsights_sitenote_category":0,"footnotes":""},"categories":[39,70,69,32],"tags":[100,71,48,49,75,45,46,129,107,44,817,132,230,3412,3828,106,203,120,51,109,3411,88,47,111,190],"class_list":["post-28433","post","type-post","status-publish","format-standard","has-post-thumbnail","hentry","category-banzae","category-destaques","category-noticias2","category-regiao","tag-adustina","tag-antas","tag-araci","tag-banzae","tag-cicero-dantas","tag-cipo","tag-crisopolis","tag-euclides-da-cunha","tag-fatima","tag-heliopolis","tag-igreja","tag-itapicuru","tag-jeremoabo","tag-mirandela","tag-noticias","tag-nova-soure","tag-novo-triunfo","tag-olindina","tag-paripiranga","tag-quijingue","tag-restauracao","tag-ribeira-do-amparo","tag-ribeira-do-pombal","tag-sitio-do-quinto","tag-tucano"],"aioseo_notices":[],"_links":{"self":[{"href":"https:\/\/www.portalalerta.com.br\/index.php\/wp-json\/wp\/v2\/posts\/28433","targetHints":{"allow":["GET"]}}],"collection":[{"href":"https:\/\/www.portalalerta.com.br\/index.php\/wp-json\/wp\/v2\/posts"}],"about":[{"href":"https:\/\/www.portalalerta.com.br\/index.php\/wp-json\/wp\/v2\/types\/post"}],"author":[{"embeddable":true,"href":"https:\/\/www.portalalerta.com.br\/index.php\/wp-json\/wp\/v2\/users\/2"}],"replies":[{"embeddable":true,"href":"https:\/\/www.portalalerta.com.br\/index.php\/wp-json\/wp\/v2\/comments?post=28433"}],"version-history":[{"count":1,"href":"https:\/\/www.portalalerta.com.br\/index.php\/wp-json\/wp\/v2\/posts\/28433\/revisions"}],"predecessor-version":[{"id":28434,"href":"https:\/\/www.portalalerta.com.br\/index.php\/wp-json\/wp\/v2\/posts\/28433\/revisions\/28434"}],"wp:featuredmedia":[{"embeddable":true,"href":"https:\/\/www.portalalerta.com.br\/index.php\/wp-json\/wp\/v2\/media\/21694"}],"wp:attachment":[{"href":"https:\/\/www.portalalerta.com.br\/index.php\/wp-json\/wp\/v2\/media?parent=28433"}],"wp:term":[{"taxonomy":"category","embeddable":true,"href":"https:\/\/www.portalalerta.com.br\/index.php\/wp-json\/wp\/v2\/categories?post=28433"},{"taxonomy":"post_tag","embeddable":true,"href":"https:\/\/www.portalalerta.com.br\/index.php\/wp-json\/wp\/v2\/tags?post=28433"}],"curies":[{"name":"wp","href":"https:\/\/api.w.org\/{rel}","templated":true}]}}