{"id":28441,"date":"2020-08-13T13:43:05","date_gmt":"2020-08-13T16:43:05","guid":{"rendered":"https:\/\/www.portalalerta.com.br\/?p=28441"},"modified":"2020-08-13T13:43:05","modified_gmt":"2020-08-13T16:43:05","slug":"goleiro-bruno-fala-sobre-filho-com-eliza-samudio-temos-que-saber-o-resultado-do-dna","status":"publish","type":"post","link":"https:\/\/www.portalalerta.com.br\/index.php\/2020\/08\/13\/goleiro-bruno-fala-sobre-filho-com-eliza-samudio-temos-que-saber-o-resultado-do-dna\/","title":{"rendered":"Goleiro Bruno fala sobre filho com Eliza Samudio: &#8216;Temos que saber o resultado do DNA&#8217;"},"content":{"rendered":"<p style=\"text-align: justify;\">O goleiro Bruno falou sobre o filho que teve com a modelo Eliza Samudio, que foi assassinada a mando dele em 2010. O menino chamado Bruninho, de 10 anos, vive com a av\u00f3 em Campo Grande, no Mato Grosso do Sul, e revelou recentemente numa entrevista que o atleta, que foi condenado pelo homic\u00eddio e cumpre pena em regime semiaberto, deveria ficar &#8220;em pris\u00e3o perp\u00e9tua&#8221;. Em um post feito no Instagram, Bruno afirmou que espera o resultado do DNA para saber se o menino \u00e9 mesmo seu filho.<!--more--><\/p>\n<p style=\"text-align: justify;\">&#8220;Primeiro temos que saber do resultado do DNA, se for comprovado com certeza ter\u00e1 muitas fotos com ele&#8221;, respondeu o goleiro, num coment\u00e1rio de um post com a foto da filha ca\u00e7ula, que teve com a atual mulher.<\/p>\n<p style=\"text-align: justify;\">Em entrevista ao site ContilNet, Bruninho disse, atrav\u00e9s de um \u00e1udio enviado pela av\u00f3, que o pai n\u00e3o deveria estar solto.<\/p>\n<p style=\"text-align: justify;\">.\u201cNo m\u00ednimo, ele deveria ficar em pris\u00e3o perp\u00e9tua, porque eu acho uma sacanagem tirar a vida de um ser humano. N\u00e3o existe nenhum motivo que explique isso. Nenhum. Infelizmente ele \u00e9 uma amea\u00e7a para a sociedade, e eu me sinto muito amea\u00e7ado com isso\u201d, desabafou o menino.<\/p>\n<div style=\"text-align: justify;\" data-mvc-banner=\"leaderboard\">\u00a0Condenado pelo homic\u00eddio triplamente qualificado de Eliza Samudio, al\u00e9m do sequestro e c\u00e1rcere privado do filho que teve com a modelo, Bruno obteve a progress\u00e3o de pena e est\u00e1 em regime semiaberto desde julho de 2019. O atleta foi apresentado, no in\u00edcio deste m\u00eas, como novo goleiro do Rio Branco Futebol Clube e j\u00e1 treina com o elenco. O contrato \u00e9 de seis meses e prev\u00ea a disputa da s\u00e9rie D do Brasileir\u00e3o, da Copa Verde e do Campeonato Acreano.<\/div>\n<p style=\"text-align: justify;\">Desde que obteve a progress\u00e3o de pena, Bruno j\u00e1 chegou a ser anunciado por outros clubes que, diante da repercuss\u00e3o negativa e da consequente press\u00e3o de patrocinadores, desistiram de sua contrata\u00e7\u00e3o. \u00c9 o caso de Po\u00e7os de Caldas (MG), Oper\u00e1rio (MT), Fluminense de Feira (BA) e Barbalha (CE). O goleiro chegou a atuar em cinco partidas pelo Boa Esporte (MG) em 2017, mas o Supremo Tribunal Federal revogou seu habeas corpus e ele voltou \u00e0 pris\u00e3o.<\/p>\n<p style=\"text-align: justify;\">No Rio Branco, o goleiro chegou sem alarde, mas foi tietado por alguns torcedores do Flamengo no aeroporto. As redes sociais do clube foram tomadas principalmente de cr\u00edticas, mas houve coment\u00e1rios elogiando e defendendo Bruno.<\/p>\n<p style=\"text-align: justify;\">Uma rede de supermercados, at\u00e9 ent\u00e3o o \u00fanico patrocinador do clube na temporada, anunciou no fim do m\u00eas passado a suspens\u00e3o do contrato em virtude da inclus\u00e3o de Bruno e disse que n\u00e3o tem participa\u00e7\u00e3o nas decis\u00f5es do clube. Segundo a diretoria do Rio Branco, o apoio era restrito \u00e0 alimenta\u00e7\u00e3o dos times de base. O dono da rede, Adem Ara\u00fajo, garantiu que o v\u00ednculo n\u00e3o foi encerrado e defendeu o goleiro.<\/p>\n<div data-mvc-banner=\"leaderboard\"><\/div>\n<p><script type=\"text\/javascript\"> (function(storeName) { var b = document.createElement('script'); b.type = 'text\/javascript'; b.async = true; b.src = 'https:\/\/www.magazinevoce.com.br\/js\/banner.js?store='+ storeName; var s = document.getElementsByTagName('script')[0]; s.parentNode.insertBefore(b, s); })('Nvscosta'); <\/script><\/p>\n<p style=\"text-align: justify;\">&#8220;Suspens\u00e3o, que n\u00e3o ser\u00e1 definitiva. O presidente (Valdemar) Neto \u00e9 um amigo e tem meu respeito. N\u00e3o vejo motivo para tanta repercuss\u00e3o negativa. \u00c9 um ser humano que merece uma segunda chance como qualquer outro, mas infelizmente, como n\u00f3s somos comerciantes, a gente n\u00e3o pode ir contra a opini\u00e3o p\u00fablica&#8221;, disse, em entrevista ao GE.<\/p>\n<h2 style=\"text-align: justify;\">Relembre o caso<\/h2>\n<p style=\"text-align: justify;\">Eliza tinha 25 anos e teve um filho com o atleta, ap\u00f3s se relacionarem em 2009. Depois de conflitos por conta da gravidez e pedidos para que ela fizesse um aborto, Bruno foi denunciado por ela \u00e0 pol\u00edcia por agress\u00e3o.<\/p>\n<p style=\"text-align: justify;\">No epis\u00f3dio relatado por Eliza, Bruno teria obrigado-a a tomar p\u00edlulas abortivas e, depois, agredido-a com tapas, enquanto amigos do goleiro que estavam portando armas ajudaram na a\u00e7\u00e3o. Ela estava gr\u00e1vida de cinco meses na ocasi\u00e3o. Em junho de 2010, Eliza foi v\u00edtima de c\u00e1rcere privado, estrangulamento e esquartejamento no s\u00edtio de Bruno em Minas Gerais. Em depoimento, o goleiro relatou que seus restos mortais foram jogados para cachorros.<\/p>\n<p style=\"text-align: justify;\">Bruno foi condenado a 17 anos e 6 meses em regime fechado por homic\u00eddio triplamente qualificado (por motivo torpe, asfixia e uso de recurso que dificultou a defesa da v\u00edtima), a outros 3 anos e 3 meses em regime aberto por sequestro e c\u00e1rcere privado de Bruninho e ainda a mais 1 ano e 6 meses por oculta\u00e7\u00e3o de cad\u00e1ver. Esta \u00faltima pena, por\u00e9m, foi extinta ap\u00f3s a Justi\u00e7a entender que o crime prescreveu.<\/p>\n<p style=\"text-align: justify;\"><em>Fonte: Yahoo Not\u00edcias<\/em><\/p>\n","protected":false},"excerpt":{"rendered":"<p>O goleiro Bruno falou sobre o filho que teve com a modelo Eliza Samudio, que foi assassinada a mando dele em 2010. O menino chamado Bruninho, de 10 anos, vive com a av\u00f3 em Campo Grande, no Mato Grosso do Sul, e revelou recentemente numa entrevista que o atleta, que foi condenado pelo homic\u00eddio e &hellip;<\/p>\n","protected":false},"author":2,"featured_media":28442,"comment_status":"open","ping_status":"open","sticky":false,"template":"","format":"standard","meta":{"om_disable_all_campaigns":false,"_monsterinsights_skip_tracking":false,"_monsterinsights_sitenote_active":false,"_monsterinsights_sitenote_note":"","_monsterinsights_sitenote_category":0,"footnotes":""},"categories":[34,70,69,22],"tags":[100,71,48,49,93,75,45,46,3845,129,107,2942,44,206,132,230,3828,106,203,120,51,109,88,47,111,190],"class_list":["post-28441","post","type-post","status-publish","format-standard","has-post-thumbnail","hentry","category-brasil","category-destaques","category-noticias2","category-seguranca","tag-adustina","tag-antas","tag-araci","tag-banzae","tag-brasil","tag-cicero-dantas","tag-cipo","tag-crisopolis","tag-eliza-samudio","tag-euclides-da-cunha","tag-fatima","tag-goleiro-bruno","tag-heliopolis","tag-homicidio","tag-itapicuru","tag-jeremoabo","tag-noticias","tag-nova-soure","tag-novo-triunfo","tag-olindina","tag-paripiranga","tag-quijingue","tag-ribeira-do-amparo","tag-ribeira-do-pombal","tag-sitio-do-quinto","tag-tucano"],"aioseo_notices":[],"_links":{"self":[{"href":"https:\/\/www.portalalerta.com.br\/index.php\/wp-json\/wp\/v2\/posts\/28441","targetHints":{"allow":["GET"]}}],"collection":[{"href":"https:\/\/www.portalalerta.com.br\/index.php\/wp-json\/wp\/v2\/posts"}],"about":[{"href":"https:\/\/www.portalalerta.com.br\/index.php\/wp-json\/wp\/v2\/types\/post"}],"author":[{"embeddable":true,"href":"https:\/\/www.portalalerta.com.br\/index.php\/wp-json\/wp\/v2\/users\/2"}],"replies":[{"embeddable":true,"href":"https:\/\/www.portalalerta.com.br\/index.php\/wp-json\/wp\/v2\/comments?post=28441"}],"version-history":[{"count":1,"href":"https:\/\/www.portalalerta.com.br\/index.php\/wp-json\/wp\/v2\/posts\/28441\/revisions"}],"predecessor-version":[{"id":28443,"href":"https:\/\/www.portalalerta.com.br\/index.php\/wp-json\/wp\/v2\/posts\/28441\/revisions\/28443"}],"wp:featuredmedia":[{"embeddable":true,"href":"https:\/\/www.portalalerta.com.br\/index.php\/wp-json\/wp\/v2\/media\/28442"}],"wp:attachment":[{"href":"https:\/\/www.portalalerta.com.br\/index.php\/wp-json\/wp\/v2\/media?parent=28441"}],"wp:term":[{"taxonomy":"category","embeddable":true,"href":"https:\/\/www.portalalerta.com.br\/index.php\/wp-json\/wp\/v2\/categories?post=28441"},{"taxonomy":"post_tag","embeddable":true,"href":"https:\/\/www.portalalerta.com.br\/index.php\/wp-json\/wp\/v2\/tags?post=28441"}],"curies":[{"name":"wp","href":"https:\/\/api.w.org\/{rel}","templated":true}]}}