{"id":28445,"date":"2020-08-13T13:54:41","date_gmt":"2020-08-13T16:54:41","guid":{"rendered":"https:\/\/www.portalalerta.com.br\/?p=28445"},"modified":"2020-08-13T13:54:41","modified_gmt":"2020-08-13T16:54:41","slug":"energia-eolica-bahia-e-2a-maior-produtora-do-pais","status":"publish","type":"post","link":"https:\/\/www.portalalerta.com.br\/index.php\/2020\/08\/13\/energia-eolica-bahia-e-2a-maior-produtora-do-pais\/","title":{"rendered":"Energia e\u00f3lica: Bahia \u00e9 2\u00aa maior produtora do pa\u00eds"},"content":{"rendered":"<p style=\"text-align: justify;\">O Nordeste bateu novo recorde de produ\u00e7\u00e3o de energia e\u00f3lica no m\u00eas de agosto. De acordo com informa\u00e7\u00f5es do Operador Nacional do Sistema El\u00e9trico (ONS), a energia produzida na regi\u00e3o seria suficiente para atender 93,8% da demanda do Nordeste durante 30 dias.<!--more--><\/p>\n<p style=\"text-align: justify;\"><img fetchpriority=\"high\" decoding=\"async\" class=\"size-thumbnail wp-image-9394 alignleft\" src=\"https:\/\/www.portalalerta.com.br\/wp-content\/uploads\/2018\/07\/05elab-320x240.jpg\" alt=\"\" width=\"320\" height=\"240\" srcset=\"https:\/\/www.portalalerta.com.br\/wp-content\/uploads\/2018\/07\/05elab-320x240.jpg 320w, https:\/\/www.portalalerta.com.br\/wp-content\/uploads\/2018\/07\/05elab-195x146.jpg 195w, https:\/\/www.portalalerta.com.br\/wp-content\/uploads\/2018\/07\/05elab-50x38.jpg 50w, https:\/\/www.portalalerta.com.br\/wp-content\/uploads\/2018\/07\/05elab-100x75.jpg 100w, https:\/\/www.portalalerta.com.br\/wp-content\/uploads\/2018\/07\/05elab.jpg 400w\" sizes=\"(max-width: 320px) 100vw, 320px\" \/>Os fortes ventos de agosto foram suficientes para atender quase toda a demanda energ\u00e9tica da regi\u00e3o, e ventos da Bahia mostraram for\u00e7a mais uma vez. O estado ocupa a vice-lideran\u00e7a na gera\u00e7\u00e3o de energia e\u00f3lica do pa\u00eds.<\/p>\n<p style=\"text-align: justify;\">Nos primeiros meses deste ano, a Bahia gerou 31% de toda a energia e\u00f3lica do pa\u00eds e assumiu a lideran\u00e7a do segmento de energias renov\u00e1veis, ultrapassando o Rio Grande do Norte na gera\u00e7\u00e3o de energia e\u00f3lica. De acordo com o G1, informa\u00e7\u00f5es do ONS apontam que a Bahia e o Rio Grande do Norte est\u00e3o sempre disputando o topo e a diferen\u00e7a de produ\u00e7\u00e3o entre elas \u00e9 m\u00ednima.<\/p>\n<p style=\"text-align: justify;\">Em toda a Bahia s\u00e3o 171 parques e\u00f3licos em opera\u00e7\u00e3o e mais de 1.300 aerogeradores instalados.<\/p>\n<p style=\"text-align: justify;\"><em>Fonte: R\u00e1dio Povo <\/em><\/p>\n<p style=\"text-align: justify;\"><em>Com informa\u00e7\u00f5es: Metro1<\/em><\/p>\n","protected":false},"excerpt":{"rendered":"<p>O Nordeste bateu novo recorde de produ\u00e7\u00e3o de energia e\u00f3lica no m\u00eas de agosto. De acordo com informa\u00e7\u00f5es do Operador Nacional do Sistema El\u00e9trico (ONS), a energia produzida na regi\u00e3o seria suficiente para atender 93,8% da demanda do Nordeste durante 30 dias.<\/p>\n","protected":false},"author":2,"featured_media":28446,"comment_status":"open","ping_status":"open","sticky":false,"template":"","format":"standard","meta":{"om_disable_all_campaigns":false,"_monsterinsights_skip_tracking":false,"_monsterinsights_sitenote_active":false,"_monsterinsights_sitenote_note":"","_monsterinsights_sitenote_category":0,"footnotes":""},"categories":[33,70,69],"tags":[100,71,48,54,49,75,45,46,680,129,107,44,132,230,3828,106,203,120,51,109,88,47,111,190],"class_list":["post-28445","post","type-post","status-publish","format-standard","has-post-thumbnail","hentry","category-bahia","category-destaques","category-noticias2","tag-adustina","tag-antas","tag-araci","tag-bahia","tag-banzae","tag-cicero-dantas","tag-cipo","tag-crisopolis","tag-energia-eolica","tag-euclides-da-cunha","tag-fatima","tag-heliopolis","tag-itapicuru","tag-jeremoabo","tag-noticias","tag-nova-soure","tag-novo-triunfo","tag-olindina","tag-paripiranga","tag-quijingue","tag-ribeira-do-amparo","tag-ribeira-do-pombal","tag-sitio-do-quinto","tag-tucano"],"aioseo_notices":[],"_links":{"self":[{"href":"https:\/\/www.portalalerta.com.br\/index.php\/wp-json\/wp\/v2\/posts\/28445","targetHints":{"allow":["GET"]}}],"collection":[{"href":"https:\/\/www.portalalerta.com.br\/index.php\/wp-json\/wp\/v2\/posts"}],"about":[{"href":"https:\/\/www.portalalerta.com.br\/index.php\/wp-json\/wp\/v2\/types\/post"}],"author":[{"embeddable":true,"href":"https:\/\/www.portalalerta.com.br\/index.php\/wp-json\/wp\/v2\/users\/2"}],"replies":[{"embeddable":true,"href":"https:\/\/www.portalalerta.com.br\/index.php\/wp-json\/wp\/v2\/comments?post=28445"}],"version-history":[{"count":1,"href":"https:\/\/www.portalalerta.com.br\/index.php\/wp-json\/wp\/v2\/posts\/28445\/revisions"}],"predecessor-version":[{"id":28447,"href":"https:\/\/www.portalalerta.com.br\/index.php\/wp-json\/wp\/v2\/posts\/28445\/revisions\/28447"}],"wp:featuredmedia":[{"embeddable":true,"href":"https:\/\/www.portalalerta.com.br\/index.php\/wp-json\/wp\/v2\/media\/28446"}],"wp:attachment":[{"href":"https:\/\/www.portalalerta.com.br\/index.php\/wp-json\/wp\/v2\/media?parent=28445"}],"wp:term":[{"taxonomy":"category","embeddable":true,"href":"https:\/\/www.portalalerta.com.br\/index.php\/wp-json\/wp\/v2\/categories?post=28445"},{"taxonomy":"post_tag","embeddable":true,"href":"https:\/\/www.portalalerta.com.br\/index.php\/wp-json\/wp\/v2\/tags?post=28445"}],"curies":[{"name":"wp","href":"https:\/\/api.w.org\/{rel}","templated":true}]}}