{"id":28450,"date":"2020-08-13T16:55:17","date_gmt":"2020-08-13T19:55:17","guid":{"rendered":"https:\/\/www.portalalerta.com.br\/?p=28450"},"modified":"2020-08-13T16:55:17","modified_gmt":"2020-08-13T19:55:17","slug":"weintraub-recebe-titulo-de-persona-non-grata-no-df","status":"publish","type":"post","link":"https:\/\/www.portalalerta.com.br\/index.php\/2020\/08\/13\/weintraub-recebe-titulo-de-persona-non-grata-no-df\/","title":{"rendered":"Weintraub recebe t\u00edtulo de persona non grata no DF"},"content":{"rendered":"<p style=\"text-align: justify;\">O ex-ministro da Educa\u00e7\u00e3o do governo Bolsonaro\u00a0Abraham Weintraub\u00a0recebeu t\u00edtulo de persona non grata no Distrito Federal. Por unanimidade, a C\u00e2mara Legislativa do Distrito Federal aprovou a mo\u00e7\u00e3o na quarta-feira (12). \u00c9 a primeira vez na hist\u00f3ria do DF que uma pessoa recebe o t\u00edtulo.<!--more--><\/p>\n<p style=\"text-align: justify;\">A iniciativa \u00e9 do deputado distrital Chico Vigilante (PT), em resposta \u00e0s cr\u00edticas do ex-ministro durante reuni\u00e3o com o presidente Jair Bolsonaro.<\/p>\n<p style=\"text-align: justify;\"><img fetchpriority=\"high\" decoding=\"async\" class=\"size-thumbnail wp-image-28287 alignleft\" src=\"https:\/\/www.portalalerta.com.br\/wp-content\/uploads\/2020\/08\/Real-Juro-Zero-2020-240x240.jpg\" alt=\"\" width=\"240\" height=\"240\" \/>\u201cOlha, a capital do 3\u00ba mil\u00eanio, marco arquitet\u00f4nico, civilizat\u00f3rio e cultural do Brasil, idealizada por pessoas como Juscelino Kubitschek e Oscar Niemeyer, dentre outros, n\u00e3o poderia em hip\u00f3tese alguma tolerar uma pessoa como Weintraub como ministro nesta cidade. Ele desrespeitou todos n\u00f3s quando falou mal de Bras\u00edlia\u201d, disse Vigilante.<\/p>\n<p style=\"text-align: justify;\">Na\u00a0reuni\u00e3o ministerial\u00a0do dia 22 de abril, cuja grava\u00e7\u00e3o tornou-se p\u00fablica por decis\u00e3o do Supremo Tribunal Federal (STF), Weintraub chamou Bras\u00edlia de \u201cporcaria\u201d e \u201ccancro de corrup\u00e7\u00e3o\u201d.<\/p>\n<p style=\"text-align: justify;\">\u201cEu n\u00e3o quero ser escravo nesse pa\u00eds. E acabar com essa porcaria que \u00e9 Bras\u00edlia. Isso daqui \u00e9 um cancro de corrup\u00e7\u00e3o, de privil\u00e9gio. Eu tinha uma vis\u00e3o extremamente negativa de Bras\u00edlia. Bras\u00edlia \u00e9 muito pior do que eu podia imaginar. As pessoas aqui perdem a percep\u00e7\u00e3o, a empatia, a rela\u00e7\u00e3o com o povo. Se sentem inexpugn\u00e1veis\u201d, disse o ex-ministro.<\/p>\n<p style=\"text-align: justify;\">Ap\u00f3s diversas pol\u00eamicas, Weintraub deixou o\u00a0Minist\u00e9rio da Educa\u00e7\u00e3o\u00a0e assumiu o cargo de diretor-executivo do Banco Mundial.<\/p>\n<p style=\"text-align: justify;\"><em>Fonte: Yahoo Not\u00edcias<\/em><\/p>\n","protected":false},"excerpt":{"rendered":"<p>O ex-ministro da Educa\u00e7\u00e3o do governo Bolsonaro\u00a0Abraham Weintraub\u00a0recebeu t\u00edtulo de persona non grata no Distrito Federal. Por unanimidade, a C\u00e2mara Legislativa do Distrito Federal aprovou a mo\u00e7\u00e3o na quarta-feira (12). \u00c9 a primeira vez na hist\u00f3ria do DF que uma pessoa recebe o t\u00edtulo.<\/p>\n","protected":false},"author":2,"featured_media":16605,"comment_status":"open","ping_status":"open","sticky":false,"template":"","format":"standard","meta":{"om_disable_all_campaigns":false,"_monsterinsights_skip_tracking":false,"_monsterinsights_sitenote_active":false,"_monsterinsights_sitenote_note":"","_monsterinsights_sitenote_category":0,"footnotes":""},"categories":[34,70,69,21],"tags":[2530,93,539,3846,199],"class_list":["post-28450","post","type-post","status-publish","format-standard","has-post-thumbnail","hentry","category-brasil","category-destaques","category-noticias2","category-politica","tag-abraham-weintraub","tag-brasil","tag-distrito-federal","tag-persona-non-grata","tag-politica"],"aioseo_notices":[],"_links":{"self":[{"href":"https:\/\/www.portalalerta.com.br\/index.php\/wp-json\/wp\/v2\/posts\/28450","targetHints":{"allow":["GET"]}}],"collection":[{"href":"https:\/\/www.portalalerta.com.br\/index.php\/wp-json\/wp\/v2\/posts"}],"about":[{"href":"https:\/\/www.portalalerta.com.br\/index.php\/wp-json\/wp\/v2\/types\/post"}],"author":[{"embeddable":true,"href":"https:\/\/www.portalalerta.com.br\/index.php\/wp-json\/wp\/v2\/users\/2"}],"replies":[{"embeddable":true,"href":"https:\/\/www.portalalerta.com.br\/index.php\/wp-json\/wp\/v2\/comments?post=28450"}],"version-history":[{"count":1,"href":"https:\/\/www.portalalerta.com.br\/index.php\/wp-json\/wp\/v2\/posts\/28450\/revisions"}],"predecessor-version":[{"id":28451,"href":"https:\/\/www.portalalerta.com.br\/index.php\/wp-json\/wp\/v2\/posts\/28450\/revisions\/28451"}],"wp:featuredmedia":[{"embeddable":true,"href":"https:\/\/www.portalalerta.com.br\/index.php\/wp-json\/wp\/v2\/media\/16605"}],"wp:attachment":[{"href":"https:\/\/www.portalalerta.com.br\/index.php\/wp-json\/wp\/v2\/media?parent=28450"}],"wp:term":[{"taxonomy":"category","embeddable":true,"href":"https:\/\/www.portalalerta.com.br\/index.php\/wp-json\/wp\/v2\/categories?post=28450"},{"taxonomy":"post_tag","embeddable":true,"href":"https:\/\/www.portalalerta.com.br\/index.php\/wp-json\/wp\/v2\/tags?post=28450"}],"curies":[{"name":"wp","href":"https:\/\/api.w.org\/{rel}","templated":true}]}}