{"id":28452,"date":"2020-08-13T17:13:44","date_gmt":"2020-08-13T20:13:44","guid":{"rendered":"https:\/\/www.portalalerta.com.br\/?p=28452"},"modified":"2020-08-13T17:13:44","modified_gmt":"2020-08-13T20:13:44","slug":"carreta-roubada-e-recuperada-em-jeremoabo-ba","status":"publish","type":"post","link":"https:\/\/www.portalalerta.com.br\/index.php\/2020\/08\/13\/carreta-roubada-e-recuperada-em-jeremoabo-ba\/","title":{"rendered":"Carreta roubada \u00e9 recuperada em Jeremoabo-BA"},"content":{"rendered":"<p style=\"text-align: justify;\">Uma carreta roubada foi recuperada durante uma a\u00e7\u00e3o conjunta entre as Pol\u00edcias Civil e Militar, na manh\u00e3 desta quarta-feira (12), no munic\u00edpio de Jeremoabo \u2013 BA.<!--more--><\/p>\n<p style=\"text-align: justify;\">De acordo com informa\u00e7\u00f5es, por volta das 10:10hs policiais receberam a informa\u00e7\u00e3o de que havia uma carreta roubada escondida em um dep\u00f3sito localizado no centro de Jeremoabo-BA. De posse das informa\u00e7\u00f5es, policiais se deslocaram at\u00e9 o local indicado e l\u00e1 encontraram o ve\u00edculo, uma carreta Bi trem, placa JTX 2E55, com licen\u00e7a de Riacho de Santana-BA e uma FH 540 de placa OVC1904, Riacho de Santana \u2013 BA. Os ve\u00edculos estavam carregados com soja.<\/p>\n<div data-mvc-banner=\"leaderboard\"><\/div>\n<p><script type=\"text\/javascript\"> (function(storeName) { var b = document.createElement('script'); b.type = 'text\/javascript'; b.async = true; b.src = 'https:\/\/www.magazinevoce.com.br\/js\/banner.js?store='+ storeName; var s = document.getElementsByTagName('script')[0]; s.parentNode.insertBefore(b, s); })('Nvscosta'); <\/script><\/p>\n<p style=\"text-align: justify;\">No local haviam cinco homens, tr\u00eas deles foram liberados. Com um dos suspeitos, foi encontrado um rev\u00f3lver calibre 38 contendo cinco muni\u00e7\u00f5es.<\/p>\n<figure id=\"attachment_28453\" aria-describedby=\"caption-attachment-28453\" style=\"width: 400px\" class=\"wp-caption aligncenter\"><img fetchpriority=\"high\" decoding=\"async\" class=\"wp-image-28453 size-full\" src=\"https:\/\/www.portalalerta.com.br\/wp-content\/uploads\/2020\/08\/porte-de-arma-de-fogo-em-Jeremoabo-2020.jpg\" alt=\"\" width=\"400\" height=\"300\" srcset=\"https:\/\/www.portalalerta.com.br\/wp-content\/uploads\/2020\/08\/porte-de-arma-de-fogo-em-Jeremoabo-2020.jpg 400w, https:\/\/www.portalalerta.com.br\/wp-content\/uploads\/2020\/08\/porte-de-arma-de-fogo-em-Jeremoabo-2020-320x240.jpg 320w, https:\/\/www.portalalerta.com.br\/wp-content\/uploads\/2020\/08\/porte-de-arma-de-fogo-em-Jeremoabo-2020-195x146.jpg 195w, https:\/\/www.portalalerta.com.br\/wp-content\/uploads\/2020\/08\/porte-de-arma-de-fogo-em-Jeremoabo-2020-50x38.jpg 50w, https:\/\/www.portalalerta.com.br\/wp-content\/uploads\/2020\/08\/porte-de-arma-de-fogo-em-Jeremoabo-2020-100x75.jpg 100w\" sizes=\"(max-width: 400px) 100vw, 400px\" \/><figcaption id=\"caption-attachment-28453\" class=\"wp-caption-text\">arma de fogo apreendida com um dos criminosos<\/figcaption><\/figure>\n<p style=\"text-align: justify;\">Diante dos fatos, os dois suspeitos e todo o material apreendido, foram encaminhados para a Delegacia para ado\u00e7\u00e3o das medidas cab\u00edveis.<\/p>\n<p style=\"text-align: justify;\"><em>Fonte: R\u00e1dio Povo <\/em><\/p>\n<p style=\"text-align: justify;\"><em>Com informa\u00e7\u00f5es: Chico Sabe Tudo <\/em><\/p>\n","protected":false},"excerpt":{"rendered":"<p>Uma carreta roubada foi recuperada durante uma a\u00e7\u00e3o conjunta entre as Pol\u00edcias Civil e Militar, na manh\u00e3 desta quarta-feira (12), no munic\u00edpio de Jeremoabo \u2013 BA.<\/p>\n","protected":false},"author":2,"featured_media":28454,"comment_status":"open","ping_status":"open","sticky":false,"template":"","format":"standard","meta":{"om_disable_all_campaigns":false,"_monsterinsights_skip_tracking":false,"_monsterinsights_sitenote_active":false,"_monsterinsights_sitenote_note":"","_monsterinsights_sitenote_category":0,"footnotes":""},"categories":[70,9,69,32,22],"tags":[100,71,48,49,75,45,46,129,107,44,132,230,3828,106,203,120,51,83,77,110,109,88,47,698,111,190,102],"class_list":["post-28452","post","type-post","status-publish","format-standard","has-post-thumbnail","hentry","category-destaques","category-jeremoabo","category-noticias2","category-regiao","category-seguranca","tag-adustina","tag-antas","tag-araci","tag-banzae","tag-cicero-dantas","tag-cipo","tag-crisopolis","tag-euclides-da-cunha","tag-fatima","tag-heliopolis","tag-itapicuru","tag-jeremoabo","tag-noticias","tag-nova-soure","tag-novo-triunfo","tag-olindina","tag-paripiranga","tag-porte-ilegal-de-arma-de-fogo","tag-preso","tag-presos","tag-quijingue","tag-ribeira-do-amparo","tag-ribeira-do-pombal","tag-roubo-de-carga","tag-sitio-do-quinto","tag-tucano","tag-veiculo-recuperado"],"aioseo_notices":[],"_links":{"self":[{"href":"https:\/\/www.portalalerta.com.br\/index.php\/wp-json\/wp\/v2\/posts\/28452","targetHints":{"allow":["GET"]}}],"collection":[{"href":"https:\/\/www.portalalerta.com.br\/index.php\/wp-json\/wp\/v2\/posts"}],"about":[{"href":"https:\/\/www.portalalerta.com.br\/index.php\/wp-json\/wp\/v2\/types\/post"}],"author":[{"embeddable":true,"href":"https:\/\/www.portalalerta.com.br\/index.php\/wp-json\/wp\/v2\/users\/2"}],"replies":[{"embeddable":true,"href":"https:\/\/www.portalalerta.com.br\/index.php\/wp-json\/wp\/v2\/comments?post=28452"}],"version-history":[{"count":1,"href":"https:\/\/www.portalalerta.com.br\/index.php\/wp-json\/wp\/v2\/posts\/28452\/revisions"}],"predecessor-version":[{"id":28455,"href":"https:\/\/www.portalalerta.com.br\/index.php\/wp-json\/wp\/v2\/posts\/28452\/revisions\/28455"}],"wp:featuredmedia":[{"embeddable":true,"href":"https:\/\/www.portalalerta.com.br\/index.php\/wp-json\/wp\/v2\/media\/28454"}],"wp:attachment":[{"href":"https:\/\/www.portalalerta.com.br\/index.php\/wp-json\/wp\/v2\/media?parent=28452"}],"wp:term":[{"taxonomy":"category","embeddable":true,"href":"https:\/\/www.portalalerta.com.br\/index.php\/wp-json\/wp\/v2\/categories?post=28452"},{"taxonomy":"post_tag","embeddable":true,"href":"https:\/\/www.portalalerta.com.br\/index.php\/wp-json\/wp\/v2\/tags?post=28452"}],"curies":[{"name":"wp","href":"https:\/\/api.w.org\/{rel}","templated":true}]}}