{"id":28462,"date":"2020-08-13T23:06:05","date_gmt":"2020-08-14T02:06:05","guid":{"rendered":"https:\/\/www.portalalerta.com.br\/?p=28462"},"modified":"2020-08-13T23:06:05","modified_gmt":"2020-08-14T02:06:05","slug":"homem-morre-apos-cair-de-poste-em-ribeira-do-pombal-ba","status":"publish","type":"post","link":"https:\/\/www.portalalerta.com.br\/index.php\/2020\/08\/13\/homem-morre-apos-cair-de-poste-em-ribeira-do-pombal-ba\/","title":{"rendered":"Homem morre ap\u00f3s cair de poste em Ribeira do Pombal-BA"},"content":{"rendered":"<p style=\"text-align: justify;\">Por volta das 18:20hs desta quinta-feira, 13, um homem de 38 anos, teve o seu \u00f3bito confirmado, logo ap\u00f3s cair de um poste de Energia El\u00e9trica, localizado \u00e0s margens da BR 410, em Ribeira do Pombal-BA.<!--more--><\/p>\n<p style=\"text-align: justify;\"><img fetchpriority=\"high\" decoding=\"async\" class=\"size-thumbnail wp-image-28287 alignleft\" src=\"https:\/\/www.portalalerta.com.br\/wp-content\/uploads\/2020\/08\/Real-Juro-Zero-2020-240x240.jpg\" alt=\"\" width=\"240\" height=\"240\" \/>Monialdo Concei\u00e7\u00e3o de Souza (Pel\u00e9 ou caboclo), estava no poste \u00e0 trabalho, realizando servi\u00e7os para um provedor de internet local.<\/p>\n<p style=\"text-align: justify;\">Ap\u00f3s o acidente, socorristas da A.N.R (Associa\u00e7\u00e3o Nordeste de Resgate) estiveram no local, por\u00e9m a v\u00edtima j\u00e1 se encontrava sem os sinais vitais.<\/p>\n<p style=\"text-align: justify;\">O Departamento de Pol\u00edcia T\u00e9cnica (DPT \u2013 Euclides da Cunha), esteve no local, onde realizou a per\u00edcia, bem como removeu o corpo, que foi transladado at\u00e9 o IML (Instituto M\u00e9dico Legal de Euclides da Cunha), para ser autopsiado).<\/p>\n<p>&nbsp;<\/p>\n<p style=\"text-align: justify;\"><strong>Choque el\u00e9trico ou queda<\/strong><\/p>\n<figure id=\"attachment_28464\" aria-describedby=\"caption-attachment-28464\" style=\"width: 310px\" class=\"wp-caption aligncenter\"><img decoding=\"async\" class=\"wp-image-28464 size-full\" src=\"https:\/\/www.portalalerta.com.br\/wp-content\/uploads\/2020\/08\/acidente-em-Ribeira-do-Pombal-2020.4.jpg\" alt=\"\" width=\"310\" height=\"250\" srcset=\"https:\/\/www.portalalerta.com.br\/wp-content\/uploads\/2020\/08\/acidente-em-Ribeira-do-Pombal-2020.4.jpg 310w, https:\/\/www.portalalerta.com.br\/wp-content\/uploads\/2020\/08\/acidente-em-Ribeira-do-Pombal-2020.4-298x240.jpg 298w, https:\/\/www.portalalerta.com.br\/wp-content\/uploads\/2020\/08\/acidente-em-Ribeira-do-Pombal-2020.4-181x146.jpg 181w, https:\/\/www.portalalerta.com.br\/wp-content\/uploads\/2020\/08\/acidente-em-Ribeira-do-Pombal-2020.4-50x40.jpg 50w, https:\/\/www.portalalerta.com.br\/wp-content\/uploads\/2020\/08\/acidente-em-Ribeira-do-Pombal-2020.4-93x75.jpg 93w\" sizes=\"(max-width: 310px) 100vw, 310px\" \/><figcaption id=\"caption-attachment-28464\" class=\"wp-caption-text\">Monialdo teve o \u00f3bito constatado ap\u00f3s cair de poste<\/figcaption><\/figure>\n<p style=\"text-align: justify;\">Ap\u00f3s a remo\u00e7\u00e3o do corpo, funcion\u00e1rios da COELBA (Companhia de Eletricidade do Estado da Bahia) foram at\u00e9 o local, onde constataram que um bra\u00e7o de ilumina\u00e7\u00e3o p\u00fablica estava energizado, o que levanta a suspeita de que a v\u00edtima tenha sofrido uma descarga el\u00e9trica.<\/p>\n<p style=\"text-align: justify;\">Mesmo com a referida suspeita, somente o resultado do exame cadav\u00e9rico poder\u00e1 confirmar se Monialdo morreu decorrente de um choque el\u00e9trico, ou da queda.<\/p>\n<p style=\"text-align: justify;\"><em>Reda\u00e7\u00e3o: Portal Alerta<\/em><\/p>\n<p style=\"text-align: justify;\"><strong><em>#fiqueemcasa<\/em><\/strong><\/p>\n<p style=\"text-align: justify;\"><strong><em>#usemascaras<\/em><\/strong><\/p>\n","protected":false},"excerpt":{"rendered":"<p>Por volta das 18:20hs desta quinta-feira, 13, um homem de 38 anos, teve o seu \u00f3bito confirmado, logo ap\u00f3s cair de um poste de Energia El\u00e9trica, localizado \u00e0s margens da BR 410, em Ribeira do Pombal-BA.<\/p>\n","protected":false},"author":2,"featured_media":28463,"comment_status":"open","ping_status":"open","sticky":false,"template":"","format":"standard","meta":{"om_disable_all_campaigns":false,"_monsterinsights_skip_tracking":false,"_monsterinsights_sitenote_active":false,"_monsterinsights_sitenote_note":"","_monsterinsights_sitenote_category":0,"footnotes":""},"categories":[70,69,32,3],"tags":[166,100,71,48,49,75,45,46,129,107,44,132,230,169,3828,106,203,120,51,109,88,47,111,190],"class_list":["post-28462","post","type-post","status-publish","format-standard","has-post-thumbnail","hentry","category-destaques","category-noticias2","category-regiao","category-ribeira-do-pombal","tag-acidente","tag-adustina","tag-antas","tag-araci","tag-banzae","tag-cicero-dantas","tag-cipo","tag-crisopolis","tag-euclides-da-cunha","tag-fatima","tag-heliopolis","tag-itapicuru","tag-jeremoabo","tag-morte","tag-noticias","tag-nova-soure","tag-novo-triunfo","tag-olindina","tag-paripiranga","tag-quijingue","tag-ribeira-do-amparo","tag-ribeira-do-pombal","tag-sitio-do-quinto","tag-tucano"],"aioseo_notices":[],"_links":{"self":[{"href":"https:\/\/www.portalalerta.com.br\/index.php\/wp-json\/wp\/v2\/posts\/28462","targetHints":{"allow":["GET"]}}],"collection":[{"href":"https:\/\/www.portalalerta.com.br\/index.php\/wp-json\/wp\/v2\/posts"}],"about":[{"href":"https:\/\/www.portalalerta.com.br\/index.php\/wp-json\/wp\/v2\/types\/post"}],"author":[{"embeddable":true,"href":"https:\/\/www.portalalerta.com.br\/index.php\/wp-json\/wp\/v2\/users\/2"}],"replies":[{"embeddable":true,"href":"https:\/\/www.portalalerta.com.br\/index.php\/wp-json\/wp\/v2\/comments?post=28462"}],"version-history":[{"count":1,"href":"https:\/\/www.portalalerta.com.br\/index.php\/wp-json\/wp\/v2\/posts\/28462\/revisions"}],"predecessor-version":[{"id":28465,"href":"https:\/\/www.portalalerta.com.br\/index.php\/wp-json\/wp\/v2\/posts\/28462\/revisions\/28465"}],"wp:featuredmedia":[{"embeddable":true,"href":"https:\/\/www.portalalerta.com.br\/index.php\/wp-json\/wp\/v2\/media\/28463"}],"wp:attachment":[{"href":"https:\/\/www.portalalerta.com.br\/index.php\/wp-json\/wp\/v2\/media?parent=28462"}],"wp:term":[{"taxonomy":"category","embeddable":true,"href":"https:\/\/www.portalalerta.com.br\/index.php\/wp-json\/wp\/v2\/categories?post=28462"},{"taxonomy":"post_tag","embeddable":true,"href":"https:\/\/www.portalalerta.com.br\/index.php\/wp-json\/wp\/v2\/tags?post=28462"}],"curies":[{"name":"wp","href":"https:\/\/api.w.org\/{rel}","templated":true}]}}