{"id":28469,"date":"2020-08-14T11:36:39","date_gmt":"2020-08-14T14:36:39","guid":{"rendered":"https:\/\/www.portalalerta.com.br\/?p=28469"},"modified":"2020-08-14T11:36:39","modified_gmt":"2020-08-14T14:36:39","slug":"alba-publica-lei-que-reduz-as-mensalidades-escolares-em-ate-30-durante-a-pandemia-da-covid-19","status":"publish","type":"post","link":"https:\/\/www.portalalerta.com.br\/index.php\/2020\/08\/14\/alba-publica-lei-que-reduz-as-mensalidades-escolares-em-ate-30-durante-a-pandemia-da-covid-19\/","title":{"rendered":"Alba publica lei que reduz as mensalidades escolares em at\u00e9 30% durante a pandemia da Covid-19"},"content":{"rendered":"<p style=\"text-align: justify;\">O presidente da Assembleia Legislativa da Bahia (Alba), Nelson Leal, publicou nesta quinta-feira (13), seis leis que foram aprovados pelo plen\u00e1rio virtual. Entre elas, foi promulgada a lei que reduz as mensalidades escolares em at\u00e9 30% durante a pandemia da Covid-19. Segundo informa\u00e7\u00f5es da Alba, o governador da Bahia, Rui Costa, optou pela san\u00e7\u00e3o t\u00e1cita, pois n\u00e3o exerceu o direito de veto (total ou parcial) das leis, que ao final do prazo constitucional de 15 dias foram devolvidas ao parlamento para a publica\u00e7\u00e3o.\u00a0<!--more--><\/p>\n<p style=\"text-align: justify;\">\u00a0<img fetchpriority=\"high\" decoding=\"async\" class=\"size-thumbnail wp-image-9394 alignleft\" src=\"https:\/\/www.portalalerta.com.br\/wp-content\/uploads\/2018\/07\/05elab-320x240.jpg\" alt=\"\" width=\"320\" height=\"240\" srcset=\"https:\/\/www.portalalerta.com.br\/wp-content\/uploads\/2018\/07\/05elab-320x240.jpg 320w, https:\/\/www.portalalerta.com.br\/wp-content\/uploads\/2018\/07\/05elab-195x146.jpg 195w, https:\/\/www.portalalerta.com.br\/wp-content\/uploads\/2018\/07\/05elab-50x38.jpg 50w, https:\/\/www.portalalerta.com.br\/wp-content\/uploads\/2018\/07\/05elab-100x75.jpg 100w, https:\/\/www.portalalerta.com.br\/wp-content\/uploads\/2018\/07\/05elab.jpg 400w\" sizes=\"(max-width: 320px) 100vw, 320px\" \/>De acordo com assembleia legislativa, as leis foram votadas atrav\u00e9s do Sistema de Delibera\u00e7\u00e3o Remota e a aprova\u00e7\u00e3o se deu por acordo. \u201cNunca o Legislativo atuou com tanta agilidade, oferecendo as respostas ansiadas por todos num momento dif\u00edcil\u201d, disse o presidente Nelson Leal. A Alba informou que tamb\u00e9m foram convertidos em leis, j\u00e1 publicadas no Di\u00e1rio Oficial desta quinta, projetos sobre agricultura familiar e que obriga condom\u00ednios a informar casos de viol\u00eancia contra mulheres, crian\u00e7as e idosos.<\/p>\n<p style=\"text-align: justify;\">Outra lei que foi publicada nesta quinta, \u00e9 a que disciplina as denomina\u00e7\u00f5es de institui\u00e7\u00f5es e bens estaduais, proibindo, por exemplo, o uso de nomes de pessoas vivas. A cria\u00e7\u00e3o do selo \u201cMade In Bahia\u201d para tudo produzido ou fabricado no estado e a lei que instituiu o Dia de Conscientiza\u00e7\u00e3o, Combate \u00e0 Intoler\u00e2ncia e \u00e0 Vitimiza\u00e7\u00e3o Policial no estado da Bahia tamb\u00e9m foram publicadas.<\/p>\n<p style=\"text-align: justify;\"><em>Fonte: Cleriston Silva<\/em><\/p>\n","protected":false},"excerpt":{"rendered":"<p>O presidente da Assembleia Legislativa da Bahia (Alba), Nelson Leal, publicou nesta quinta-feira (13), seis leis que foram aprovados pelo plen\u00e1rio virtual. Entre elas, foi promulgada a lei que reduz as mensalidades escolares em at\u00e9 30% durante a pandemia da Covid-19. Segundo informa\u00e7\u00f5es da Alba, o governador da Bahia, Rui Costa, optou pela san\u00e7\u00e3o t\u00e1cita, &hellip;<\/p>\n","protected":false},"author":2,"featured_media":4167,"comment_status":"open","ping_status":"open","sticky":false,"template":"","format":"standard","meta":{"om_disable_all_campaigns":false,"_monsterinsights_skip_tracking":false,"_monsterinsights_sitenote_active":false,"_monsterinsights_sitenote_note":"","_monsterinsights_sitenote_category":0,"footnotes":""},"categories":[33,70,20,69,19],"tags":[100,478,71,48,54,49,75,45,3429,3486,46,560,129,107,44,132,230,3828,106,203,120,51,109,88,47,61,111,190],"class_list":["post-28469","post","type-post","status-publish","format-standard","has-post-thumbnail","hentry","category-bahia","category-destaques","category-educacao","category-noticias2","category-saude","tag-adustina","tag-alba","tag-antas","tag-araci","tag-bahia","tag-banzae","tag-cicero-dantas","tag-cipo","tag-coronavirus","tag-covid-19","tag-crisopolis","tag-escolas","tag-euclides-da-cunha","tag-fatima","tag-heliopolis","tag-itapicuru","tag-jeremoabo","tag-noticias","tag-nova-soure","tag-novo-triunfo","tag-olindina","tag-paripiranga","tag-quijingue","tag-ribeira-do-amparo","tag-ribeira-do-pombal","tag-saude","tag-sitio-do-quinto","tag-tucano"],"aioseo_notices":[],"_links":{"self":[{"href":"https:\/\/www.portalalerta.com.br\/index.php\/wp-json\/wp\/v2\/posts\/28469","targetHints":{"allow":["GET"]}}],"collection":[{"href":"https:\/\/www.portalalerta.com.br\/index.php\/wp-json\/wp\/v2\/posts"}],"about":[{"href":"https:\/\/www.portalalerta.com.br\/index.php\/wp-json\/wp\/v2\/types\/post"}],"author":[{"embeddable":true,"href":"https:\/\/www.portalalerta.com.br\/index.php\/wp-json\/wp\/v2\/users\/2"}],"replies":[{"embeddable":true,"href":"https:\/\/www.portalalerta.com.br\/index.php\/wp-json\/wp\/v2\/comments?post=28469"}],"version-history":[{"count":1,"href":"https:\/\/www.portalalerta.com.br\/index.php\/wp-json\/wp\/v2\/posts\/28469\/revisions"}],"predecessor-version":[{"id":28470,"href":"https:\/\/www.portalalerta.com.br\/index.php\/wp-json\/wp\/v2\/posts\/28469\/revisions\/28470"}],"wp:featuredmedia":[{"embeddable":true,"href":"https:\/\/www.portalalerta.com.br\/index.php\/wp-json\/wp\/v2\/media\/4167"}],"wp:attachment":[{"href":"https:\/\/www.portalalerta.com.br\/index.php\/wp-json\/wp\/v2\/media?parent=28469"}],"wp:term":[{"taxonomy":"category","embeddable":true,"href":"https:\/\/www.portalalerta.com.br\/index.php\/wp-json\/wp\/v2\/categories?post=28469"},{"taxonomy":"post_tag","embeddable":true,"href":"https:\/\/www.portalalerta.com.br\/index.php\/wp-json\/wp\/v2\/tags?post=28469"}],"curies":[{"name":"wp","href":"https:\/\/api.w.org\/{rel}","templated":true}]}}