{"id":28476,"date":"2020-08-14T16:38:35","date_gmt":"2020-08-14T19:38:35","guid":{"rendered":"https:\/\/www.portalalerta.com.br\/?p=28476"},"modified":"2020-08-14T16:38:35","modified_gmt":"2020-08-14T19:38:35","slug":"bolsonaro-indica-que-vai-a-justica-contra-a-globo-por-editorial-do-jn","status":"publish","type":"post","link":"https:\/\/www.portalalerta.com.br\/index.php\/2020\/08\/14\/bolsonaro-indica-que-vai-a-justica-contra-a-globo-por-editorial-do-jn\/","title":{"rendered":"Bolsonaro indica que vai \u00e0 Justi\u00e7a contra a Globo por editorial do JN"},"content":{"rendered":"<p style=\"text-align: justify;\">O presidente Jair Bolsonaro (sem partido) afirmou que tentar\u00e1 a &#8220;responsabiliza\u00e7\u00e3o e o esclarecimento da verdade&#8221; ao se referir ao editorial do Jornal Nacional, da TV Globo, no \u00faltimo s\u00e1bado (8), dia em que o Brasil bateu a marca de 100 mil mortos pela pandemia do coronav\u00edrus.<!--more--><\/p>\n<p style=\"text-align: justify;\">Na edi\u00e7\u00e3o, os \u00e2ncoras William Bonner e Renata Vasconcelos leram um texto em tom editorial que questionou se o presidente havia cumprido a Constitui\u00e7\u00e3o no que diz respeito a evitar com que os brasileiros ficassem doentes. O JN chamou a aten\u00e7\u00e3o para o fato de o pa\u00eds n\u00e3o ter um ministro da Sa\u00fade titular desde 15 de maio e afirmou que Bolsonaro &#8220;menosprezou&#8221; a covid, lembrando falas do presidente que minimizaram a doen\u00e7a.<\/p>\n<p style=\"text-align: justify;\">Em sua live semanal nas redes sociais nesta quinta (13), Bolsonaro afirmou que a acusa\u00e7\u00e3o &#8220;n\u00e3o tem cabimento&#8221;, defendeu as a\u00e7\u00f5es do governo federal, criticou o ex-ministro da Sa\u00fade Luiz Henrique Mandetta e indicou que acionar\u00e1 judicialmente a Globo por conta do editorial.<\/p>\n<p style=\"text-align: justify;\">&#8220;Um \u00f3rg\u00e3o de imprensa grande me acusou de ser o respons\u00e1vel por 100 mil mortes. N\u00e3o tem cabimento. Tomamos medidas concretas para se preparar, antever, prevenir, porque a gente sabia que viria [o v\u00edrus]&#8221;, disse o presidente, citando o resgate dos brasileiros que moravam Wuhan, cidade chinesa onde a pandemia come\u00e7ou.<\/p>\n<p style=\"text-align: justify;\">&#8220;Vamos tentar a responsabiliza\u00e7\u00e3o e o esclarecimento da verdade no tocante a essa mat\u00e9ria, porque n\u00e3o d\u00e1 para a gente n\u00e3o se defender disso. Uma acusa\u00e7\u00e3o de genocida para cima de mim no hor\u00e1rio nobre, ou que eu sou o respons\u00e1vel e que deveria cumprir a Constitui\u00e7\u00e3o? &#8216;Ser\u00e1 que o presidente est\u00e1 cumprindo a Constitui\u00e7\u00e3o?&#8217; Com tudo que fizemos, com quase R$ 700 bilh\u00f5es para combater o v\u00edrus&#8221;, acrescentou.<\/p>\n<div data-mvc-banner=\"leaderboard\"><\/div>\n<p><script type=\"text\/javascript\"> (function(storeName) { var b = document.createElement('script'); b.type = 'text\/javascript'; b.async = true; b.src = 'https:\/\/www.magazinevoce.com.br\/js\/banner.js?store='+ storeName; var s = document.getElementsByTagName('script')[0]; s.parentNode.insertBefore(b, s); })('Nvscosta'); <\/script><\/p>\n<p style=\"text-align: justify;\">&#8220;A hist\u00f3ria vai mostrar onde se errou, e se algumas mortes poderiam ser evitadas&#8221;, disse Bolsonaro, que na sequ\u00eancia voltou a defender a hidroxicloroquina, afirmando que o rem\u00e9dio &#8220;deu certo&#8221; no seu tratamento pessoal da covid-19 e tamb\u00e9m de ministros e outros cerca de 100 servidores do Pal\u00e1cio do Planalto que contra\u00edram o v\u00edrus.<\/p>\n<p style=\"text-align: justify;\">O presidente criticou seu ex-ministro Mandetta, a quem chamou de &#8220;grande marqueteiro da TV Globo&#8221;, por ter determinado isolamento domiciliar de pessoas sintom\u00e1ticas e tamb\u00e9m de assintom\u00e1ticas que moravam na mesma resid\u00eancia. &#8220;N\u00e3o que o Mandetta tenha feito de m\u00e1-f\u00e9, mas \u00e9 uma medida que n\u00e3o deu certo&#8221;, acusou.<\/p>\n<p style=\"text-align: justify;\"><strong>&#8220;Patriotismo&#8221; para o mercado<\/strong><\/p>\n<p style=\"text-align: justify;\">Bolsonaro tamb\u00e9m fez cr\u00edticas \u00e0 imprensa pela cobertura da sa\u00edda dos secret\u00e1rios Paulo Uebel (Desburocratiza\u00e7\u00e3o) e Salim Mattar (Desestatiza\u00e7\u00e3o) do Minist\u00e9rio da Economia.<\/p>\n<p style=\"text-align: justify;\">Bolsonaro reclamou que \u00f3rg\u00e3os de imprensa teriam usado o termo &#8220;debandada&#8221; e agradeceu a Mattar e Uebel pelo trabalho. &#8220;Eu quero cumpriment\u00e1-lo [Mattar] pela forma que ele pediu para sair. Ele sentiu, como eu senti, a dificuldade que \u00e9 privatizar uma estatal&#8221;, declarou o presidente, citando barreiras no Congresso para efetuar o plano de desestatiza\u00e7\u00e3o.<\/p>\n<p style=\"text-align: justify;\">Mais tarde, o presidente admitiu que ministros discutiram a ideia de &#8220;furar&#8221; o teto de gastos do governo &#8211; que teria sido o estopim para a sa\u00edda dos secret\u00e1rios e gerado atrito com o ministro Paulo Guedes &#8211; e reivindicaram mais dinheiro para suas pastas.<\/p>\n<p style=\"text-align: justify;\">&#8220;Em torno de 95% do or\u00e7amento \u00e9 comprometido e a gente briga, no bom sentido. \u00c9 uma discuss\u00e3o de pauta. Mas algu\u00e9m vazou [a conversa], o mercado reage, o d\u00f3lar sobe, a Bolsa cai&#8221;, disse o presidente, que em seguida pediu &#8220;patriotismo&#8221; ao mercado financeiro.<\/p>\n<p style=\"text-align: justify;\">&#8220;O mercado tem que dar um tempinho tamb\u00e9m. Um pouquinho de patriotismo n\u00e3o faz mal a eles, aceitar essa pilha&#8221;, afirmou.<\/p>\n<p style=\"text-align: justify;\"><em>Fonte: Yahoo Not\u00edcias<\/em><\/p>\n","protected":false},"excerpt":{"rendered":"<p>O presidente Jair Bolsonaro (sem partido) afirmou que tentar\u00e1 a &#8220;responsabiliza\u00e7\u00e3o e o esclarecimento da verdade&#8221; ao se referir ao editorial do Jornal Nacional, da TV Globo, no \u00faltimo s\u00e1bado (8), dia em que o Brasil bateu a marca de 100 mil mortos pela pandemia do coronav\u00edrus.<\/p>\n","protected":false},"author":2,"featured_media":28477,"comment_status":"open","ping_status":"open","sticky":false,"template":"","format":"standard","meta":{"om_disable_all_campaigns":false,"_monsterinsights_skip_tracking":false,"_monsterinsights_sitenote_active":false,"_monsterinsights_sitenote_note":"","_monsterinsights_sitenote_category":0,"footnotes":""},"categories":[34,70,69,21],"tags":[100,71,48,49,93,75,45,46,129,107,44,132,1395,230,3828,106,203,120,51,1152,109,1844,88,47,111,190],"class_list":["post-28476","post","type-post","status-publish","format-standard","has-post-thumbnail","hentry","category-brasil","category-destaques","category-noticias2","category-politica","tag-adustina","tag-antas","tag-araci","tag-banzae","tag-brasil","tag-cicero-dantas","tag-cipo","tag-crisopolis","tag-euclides-da-cunha","tag-fatima","tag-heliopolis","tag-itapicuru","tag-jair-bolsonaro","tag-jeremoabo","tag-noticias","tag-nova-soure","tag-novo-triunfo","tag-olindina","tag-paripiranga","tag-presidente-da-republica","tag-quijingue","tag-rede-globo","tag-ribeira-do-amparo","tag-ribeira-do-pombal","tag-sitio-do-quinto","tag-tucano"],"aioseo_notices":[],"_links":{"self":[{"href":"https:\/\/www.portalalerta.com.br\/index.php\/wp-json\/wp\/v2\/posts\/28476","targetHints":{"allow":["GET"]}}],"collection":[{"href":"https:\/\/www.portalalerta.com.br\/index.php\/wp-json\/wp\/v2\/posts"}],"about":[{"href":"https:\/\/www.portalalerta.com.br\/index.php\/wp-json\/wp\/v2\/types\/post"}],"author":[{"embeddable":true,"href":"https:\/\/www.portalalerta.com.br\/index.php\/wp-json\/wp\/v2\/users\/2"}],"replies":[{"embeddable":true,"href":"https:\/\/www.portalalerta.com.br\/index.php\/wp-json\/wp\/v2\/comments?post=28476"}],"version-history":[{"count":1,"href":"https:\/\/www.portalalerta.com.br\/index.php\/wp-json\/wp\/v2\/posts\/28476\/revisions"}],"predecessor-version":[{"id":28478,"href":"https:\/\/www.portalalerta.com.br\/index.php\/wp-json\/wp\/v2\/posts\/28476\/revisions\/28478"}],"wp:featuredmedia":[{"embeddable":true,"href":"https:\/\/www.portalalerta.com.br\/index.php\/wp-json\/wp\/v2\/media\/28477"}],"wp:attachment":[{"href":"https:\/\/www.portalalerta.com.br\/index.php\/wp-json\/wp\/v2\/media?parent=28476"}],"wp:term":[{"taxonomy":"category","embeddable":true,"href":"https:\/\/www.portalalerta.com.br\/index.php\/wp-json\/wp\/v2\/categories?post=28476"},{"taxonomy":"post_tag","embeddable":true,"href":"https:\/\/www.portalalerta.com.br\/index.php\/wp-json\/wp\/v2\/tags?post=28476"}],"curies":[{"name":"wp","href":"https:\/\/api.w.org\/{rel}","templated":true}]}}