{"id":28489,"date":"2020-08-14T23:21:09","date_gmt":"2020-08-15T02:21:09","guid":{"rendered":"https:\/\/www.portalalerta.com.br\/?p=28489"},"modified":"2020-08-14T23:21:09","modified_gmt":"2020-08-15T02:21:09","slug":"pazuello-afirma-que-dados-sobre-vacina-russa-ainda-sao-rasos-e-incipientes","status":"publish","type":"post","link":"https:\/\/www.portalalerta.com.br\/index.php\/2020\/08\/14\/pazuello-afirma-que-dados-sobre-vacina-russa-ainda-sao-rasos-e-incipientes\/","title":{"rendered":"Pazuello afirma que dados sobre vacina russa ainda s\u00e3o &#8216;rasos&#8217; e &#8216;incipientes&#8217;"},"content":{"rendered":"<p style=\"text-align: justify;\">O ministro interino da Sa\u00fade, Eduardo Pazuello, disse que a nova vacina russa contra a Covid-19 ainda \u00e9 muito \u201cincipiente\u201d e \u201crasa\u201d. Embora n\u00e3o descarte outras op\u00e7\u00f5es, o titular da pasta afirmou que a parceria com a Universidade de Oxford ainda se mostra a melhor op\u00e7\u00e3o para o Brasil.<!--more--><\/p>\n<p style=\"text-align: justify;\">Em audi\u00eancia na comiss\u00e3o mista do Congresso Nacional que acompanha as a\u00e7\u00f5es de enfrentamento \u00e0 Covid-19, Pazuello disse que manteve uma videoconfer\u00eancia com o governador do Paran\u00e1, Ratinho J\u00fanior (PSD), e com os t\u00e9cnicos que assinaram um acordo de coopera\u00e7\u00e3o com o Fundo de Investimento Direto da R\u00fassia para pesquisa e produ\u00e7\u00e3o da vacina.<\/p>\n<p style=\"text-align: justify;\">\u201cEssa videoconfer\u00eancia mostrou que, concordo com os dados ali, est\u00e1 muito incipiente, as posi\u00e7\u00f5es est\u00e3o muito rasas. N\u00f3s n\u00e3o temos profundidade nas respostas. N\u00e3o temos acompanhamento dos n\u00fameros\u201d, disse o ministro, ap\u00f3s ser questionado por parlamentares.<\/p>\n<p style=\"text-align: justify;\">A R\u00fassia anunciou na ter\u00e7a-feira (11) que concedeu a primeira aprova\u00e7\u00e3o regulat\u00f3ria do mundo para uma vacina contra a Covid-19, que foi chamada de Sputnik V para os mercados estrangeiros.<\/p>\n<p style=\"text-align: justify;\"><img fetchpriority=\"high\" decoding=\"async\" class=\"size-thumbnail wp-image-4869 aligncenter\" src=\"https:\/\/www.portalalerta.com.br\/wp-content\/uploads\/2018\/02\/Auto-Escola-Nobre-720x181.jpg\" alt=\"\" width=\"720\" height=\"181\" srcset=\"https:\/\/www.portalalerta.com.br\/wp-content\/uploads\/2018\/02\/Auto-Escola-Nobre.jpg 720w, https:\/\/www.portalalerta.com.br\/wp-content\/uploads\/2018\/02\/Auto-Escola-Nobre-260x65.jpg 260w, https:\/\/www.portalalerta.com.br\/wp-content\/uploads\/2018\/02\/Auto-Escola-Nobre-50x13.jpg 50w, https:\/\/www.portalalerta.com.br\/wp-content\/uploads\/2018\/02\/Auto-Escola-Nobre-150x38.jpg 150w\" sizes=\"(max-width: 720px) 100vw, 720px\" \/>A aprova\u00e7\u00e3o foi dada pelo Minist\u00e9rio da Sa\u00fade do pa\u00eds \u00e0 imuniza\u00e7\u00e3o produzida pelo Instituto Gamaleya de Moscou ap\u00f3s menos de dois meses do in\u00edcio dos testes em humanos, segundo afirmou na ocasi\u00e3o o presidente russo Vladimir Putin.<\/p>\n<p style=\"text-align: justify;\">No dia seguinte, o governo do Paran\u00e1 assinou um memorando de entendimento com a R\u00fassia para dar in\u00edcio \u00e0s tratativas relativas \u00e0 vacina. A parceria vai se dar por meio do TecPar (Instituto de Tecnologia do Paran\u00e1).<\/p>\n<p style=\"text-align: justify;\">\u201cPode at\u00e9 haver tudo isso (efic\u00e1cia), mas tem que ter muita negocia\u00e7\u00e3o, muito trabalho para que isso seja de uma forma efetiva, digamos, avalizado pela Anvisa (Ag\u00eancia Nacional de Vigil\u00e2ncia Sanit\u00e1ria), para que n\u00f3s possamos discutir a compra\u201d, disse o ministro.<\/p>\n<p style=\"text-align: justify;\">Reportagem da \u201cFolha de S.Paulo\u201d mostrou que as informa\u00e7\u00f5es oficiais sobre os testes da vacina contra Covid-19 da R\u00fassia foram modificadas na base internacional que registra experimentos com humanos.<\/p>\n<p style=\"text-align: justify;\">Nessa quarta (12), as informa\u00e7\u00f5es sobre os experimentos com humanos da vacina da R\u00fassia passaram a incluir tamb\u00e9m uma segunda fase, concomitante \u00e0 primeira. Agora, consta que os estudos foram finalizados no dia 3 de agosto, mas n\u00e3o h\u00e1 informa\u00e7\u00e3o sobre conclus\u00f5es dos testes.<\/p>\n<p style=\"text-align: justify;\">Pazuello tamb\u00e9m repetiu a posi\u00e7\u00e3o largamente divulgada pelo Minist\u00e9rio da Sa\u00fade, de que os t\u00e9cnicos est\u00e3o monitorando o desenvolvimento das vacinas no mundo e que devem aderir \u00e0 primeira imuniza\u00e7\u00e3o que se mostrar mais eficaz e segura.<\/p>\n<p style=\"text-align: justify;\">\u201cResumindo: n\u00f3s estamos atentos \u00e0 vacina russa e caso essa prospec\u00e7\u00e3o seja positiva, n\u00f3s devemos tamb\u00e9m participar, seja por interm\u00e9dio da Tecpar, em Curitiba, seja por interm\u00e9dio de uma outra ala de fabrica\u00e7\u00e3o nossa\u201d, disse.<\/p>\n<p style=\"text-align: justify;\">\u201c\u00c9 orienta\u00e7\u00e3o e diretriz minha que todas as vacinas que se mostrem em uma prospe\u00e7\u00e3o positiva, devemos estar acompanhando, devemos estar parceiros e com op\u00e7\u00e3o de compra\u201d.<\/p>\n<p style=\"text-align: justify;\">O ministro tamb\u00e9m acrescentou que mant\u00e9m encontros com outros laborat\u00f3rios que estudam uma vacina e est\u00e1 em contato tamb\u00e9m com o governo de S\u00e3o Paulo, para obter informa\u00e7\u00f5es sobre a parceria desenvolvida pelo Instituto Butantan com uma farmac\u00eautica chinesa. No entanto, afirma que, at\u00e9 o momento, a parceria da Fiocruz com a empresa Aztrazenica e com a Universidade de Oxford ainda \u00e9 a melhor op\u00e7\u00e3o para o pa\u00eds.<\/p>\n<p style=\"text-align: justify;\">\u201cA Aztrazenica com Oxford \u00e9 ainda a melhor op\u00e7\u00e3o\u201d, disse o ministro. \u201c\u00c9 a mais promissora, mas a gente n\u00e3o deixa de estar atento a todas as outras.<\/p>\n<p style=\"text-align: justify;\">Antes da audi\u00eancia no Congresso, por videoconfer\u00eancia, Pazuello participou de uma sess\u00e3o informativa promovida pela OMS (Organiza\u00e7\u00e3o Mundial de Sa\u00fade). O ministro apresentou dados sobre as a\u00e7\u00f5es do governo para combater a pandemia, mas em nenhum momento mencionou que o Brasil ultrapassou a marca de 100 mil mortes em decorr\u00eancia da Covid.<\/p>\n<p style=\"text-align: justify;\">O ministro lamentou as mortes \u2013 sem mencionar o n\u00famero de \u00f3bitos \u2013 e ressaltou a quantidade de pessoas curadas da Covid-19 no Brasil.<\/p>\n<p style=\"text-align: justify;\">\u201cAt\u00e9 o final do dia (dessa quarta), o Brasil contabilizava 2.309.477 casos recuperados de Covid-19. Estamos entre os l\u00edderes mundiais em pacientes recuperados, o que evidencia o acerto das a\u00e7\u00f5es do governo brasileiro em resposta \u00e0 pandemia\u201d, disse Pazuello.<\/p>\n<p style=\"text-align: justify;\">\u201cO desafio que enfrentamos deixar\u00e1 li\u00e7\u00f5es importantes. Muito mais do que a emerg\u00eancia em sa\u00fade, a pandemia resultou em um caos social em escala jamais vista. Apenas um sistema de sa\u00fade forte, incluso e inclusivo, e uma futura vacina podem garantir que o mundo ven\u00e7a essa batalha\u201d.<\/p>\n<p style=\"text-align: justify;\"><em>Fonte: Canabrava FM <\/em><\/p>\n<p style=\"text-align: justify;\"><em>Com informa\u00e7\u00f5es: Agencia Brasil<\/em><\/p>\n","protected":false},"excerpt":{"rendered":"<p>O ministro interino da Sa\u00fade, Eduardo Pazuello, disse que a nova vacina russa contra a Covid-19 ainda \u00e9 muito \u201cincipiente\u201d e \u201crasa\u201d. Embora n\u00e3o descarte outras op\u00e7\u00f5es, o titular da pasta afirmou que a parceria com a Universidade de Oxford ainda se mostra a melhor op\u00e7\u00e3o para o Brasil.<\/p>\n","protected":false},"author":2,"featured_media":24292,"comment_status":"open","ping_status":"open","sticky":false,"template":"","format":"standard","meta":{"om_disable_all_campaigns":false,"_monsterinsights_skip_tracking":false,"_monsterinsights_sitenote_active":false,"_monsterinsights_sitenote_note":"","_monsterinsights_sitenote_category":0,"footnotes":""},"categories":[34,70,35,69,21,19],"tags":[93,3661,1885,339,826,3570],"class_list":["post-28489","post","type-post","status-publish","format-standard","has-post-thumbnail","hentry","category-brasil","category-destaques","category-mundo","category-noticias2","category-politica","category-saude","tag-brasil","tag-eduardo-pazuello","tag-ministro-da-saude","tag-mundo","tag-russia","tag-vacina"],"aioseo_notices":[],"_links":{"self":[{"href":"https:\/\/www.portalalerta.com.br\/index.php\/wp-json\/wp\/v2\/posts\/28489","targetHints":{"allow":["GET"]}}],"collection":[{"href":"https:\/\/www.portalalerta.com.br\/index.php\/wp-json\/wp\/v2\/posts"}],"about":[{"href":"https:\/\/www.portalalerta.com.br\/index.php\/wp-json\/wp\/v2\/types\/post"}],"author":[{"embeddable":true,"href":"https:\/\/www.portalalerta.com.br\/index.php\/wp-json\/wp\/v2\/users\/2"}],"replies":[{"embeddable":true,"href":"https:\/\/www.portalalerta.com.br\/index.php\/wp-json\/wp\/v2\/comments?post=28489"}],"version-history":[{"count":1,"href":"https:\/\/www.portalalerta.com.br\/index.php\/wp-json\/wp\/v2\/posts\/28489\/revisions"}],"predecessor-version":[{"id":28490,"href":"https:\/\/www.portalalerta.com.br\/index.php\/wp-json\/wp\/v2\/posts\/28489\/revisions\/28490"}],"wp:featuredmedia":[{"embeddable":true,"href":"https:\/\/www.portalalerta.com.br\/index.php\/wp-json\/wp\/v2\/media\/24292"}],"wp:attachment":[{"href":"https:\/\/www.portalalerta.com.br\/index.php\/wp-json\/wp\/v2\/media?parent=28489"}],"wp:term":[{"taxonomy":"category","embeddable":true,"href":"https:\/\/www.portalalerta.com.br\/index.php\/wp-json\/wp\/v2\/categories?post=28489"},{"taxonomy":"post_tag","embeddable":true,"href":"https:\/\/www.portalalerta.com.br\/index.php\/wp-json\/wp\/v2\/tags?post=28489"}],"curies":[{"name":"wp","href":"https:\/\/api.w.org\/{rel}","templated":true}]}}