{"id":28504,"date":"2020-08-15T13:16:57","date_gmt":"2020-08-15T16:16:57","guid":{"rendered":"https:\/\/www.portalalerta.com.br\/?p=28504"},"modified":"2020-08-15T13:16:57","modified_gmt":"2020-08-15T16:16:57","slug":"datafolha-aprovacao-de-bolsonaro-sobe-para-37-a-melhor-do-mandato-e-reprovacao-cai-para-34","status":"publish","type":"post","link":"https:\/\/www.portalalerta.com.br\/index.php\/2020\/08\/15\/datafolha-aprovacao-de-bolsonaro-sobe-para-37-a-melhor-do-mandato-e-reprovacao-cai-para-34\/","title":{"rendered":"Datafolha: aprova\u00e7\u00e3o de Bolsonaro sobe para 37%, a melhor do mandato, e reprova\u00e7\u00e3o cai para 34%"},"content":{"rendered":"<p style=\"text-align: justify;\">O presidente Jair Bolsonaro (sem partido) atingiu sua melhor avalia\u00e7\u00e3o desde o in\u00edcio do mandato, segundo pesquisa Datafolha divulgada pelo jornal &#8220;Folha de S.Paulo&#8221; no final da noite desta quinta-feira (13).<!--more--><\/p>\n<p style=\"text-align: justify;\">A pesquisa indica alta no n\u00famero de eleitores que consideram o governo \u00f3timo ou bom (aprova\u00e7\u00e3o ao governo) e queda entre os que veem o governo como ruim ou p\u00e9ssimo (reprova\u00e7\u00e3o). Os percentuais da pesquisa s\u00e3o:<\/p>\n<ul style=\"text-align: justify;\">\n<li><strong>\u00d3timo\/bom:<\/strong>37%<\/li>\n<li><strong>Regular:<\/strong>27%<\/li>\n<li><strong>Ruim\/p\u00e9ssimo:<\/strong>34%<\/li>\n<li><strong>N\u00e3o sabe\/n\u00e3o respondeu:<\/strong>1%<\/li>\n<\/ul>\n<p style=\"text-align: justify;\">A pesquisa Datafolha foi realizada em 11 e 12 de agosto, com 2.065 brasileiros adultos que possuem telefone celular em todas as regi\u00f5es e estados do pa\u00eds. A margem de erro \u00e9 de dois pontos percentuais, para mais ou para menos.<\/p>\n<p style=\"text-align: justify;\">Essa taxa de aprova\u00e7\u00e3o de 37% \u00e9 a maior j\u00e1 registrada desde o in\u00edcio do mandato de Bolsonaro.<\/p>\n<p style=\"text-align: justify;\">Nas pesquisas anteriores, os resultados foram:<\/p>\n<ul style=\"text-align: justify;\">\n<li><a href=\"https:\/\/g1.globo.com\/politica\/noticia\/2020\/06\/26\/bolsonaro-tem-reprovacao-de-44percent-e-aprovacao-de-32percent-diz-datafolha.ghtml\"><strong>23 e 24 de junho<\/strong><\/a>:\u00a0<strong>\u00d3timo\/bom:<\/strong>32%;\u00a0<strong>Regular:\u00a0<\/strong>23%;\u00a0<strong>Ruim\/p\u00e9ssimo:<\/strong>\u00a044%;\u00a0<strong>NS\/NR:<\/strong>\u00a01%<\/li>\n<li><a href=\"https:\/\/g1.globo.com\/politica\/noticia\/2020\/05\/28\/bolsonaro-tem-reprovacao-de-43percent-e-aprovacao-de-33percent-diz-datafolha.ghtml\"><strong>25 e 26 de maio<\/strong><\/a>:\u00a0<strong>\u00d3timo\/bom:<\/strong>33%;\u00a0<strong>Regular:<\/strong>\u00a022%;\u00a0<strong>Ruim\/p\u00e9ssimo:<\/strong>\u00a043%;\u00a0<strong>NS\/NR:<\/strong>\u00a02%<\/li>\n<li>Abril de 2020:\u00a0<strong>\u00d3timo\/bom<\/strong>: 33%;\u00a0<strong>Regular<\/strong>: 26%;\u00a0<strong>Ruim\/p\u00e9ssimo<\/strong>: 38%;\u00a0<strong>NS\/NR<\/strong>: 3%<\/li>\n<li><a href=\"https:\/\/g1.globo.com\/politica\/noticia\/2019\/04\/07\/32percent-aprovam-e-30percent-desaprovam-o-governo-bolsonaro-diz-datafolha.ghtml\"><strong>2 e 3 de abril de 2019<\/strong><\/a>:\u00a0<strong>\u00d3timo\/bom:\u00a0<\/strong>32%;\u00a0<strong>Regular:<\/strong>33%;\u00a0<strong>Ruim\/p\u00e9ssimo:\u00a0<\/strong>30%;<strong>\u00a0NS\/NR:<\/strong>\u00a03%<\/li>\n<\/ul>\n<p style=\"text-align: justify;\"><strong>Veja ao final da reportagem o resultado de pesquisas com outros presidentes em per\u00edodo similar de mandato.<\/strong><\/p>\n<p style=\"text-align: justify;\">00:00\/02:55<\/p>\n<p style=\"text-align: justify;\">O diretor geral do Datafolha, Mauro Paulino, diz que o programa de aux\u00edlio emergencial teve impacto na aprova\u00e7\u00e3o de Bolsonaro.<\/p>\n<p style=\"text-align: justify;\">&#8220;Com a economia em crise, o aux\u00edlio emergencial torna-se necessidade b\u00e1sica para os mais pobres. Diretamente identificado [o aux\u00edlio] como um feito do governo Bolsonaro, pode virar marca negativa quando o valor diminuir ou deixar de existir&#8221;, afirmou \u00e0 jornalista da GloboNews e colunista do\u00a0<strong>G1\u00a0<\/strong>Julia Duailibi.<\/p>\n<p style=\"text-align: justify;\">&#8220;Qualquer mudan\u00e7a de humor nessa faixa de renda mais baixa tem forte reflexo na avalia\u00e7\u00e3o presidencial pelo peso relativo que possui. Hoje, mais da metade dos brasileiros t\u00eam renda familiar mensal abaixo de dois sal\u00e1rios m\u00ednimos&#8221;, completou.<\/p>\n<p style=\"text-align: justify;\"><strong>Resultado da pesquisa por grupos<\/strong><\/p>\n<p style=\"text-align: justify;\">Na pesquisa, o Datafolha tamb\u00e9m identificou a avalia\u00e7\u00e3o do desempenho de Bolsonaro por g\u00eanero, idade, regi\u00e3o do pa\u00eds, cor, sal\u00e1rio, n\u00edvel de escolaridade, setor econ\u00f4mico.<\/p>\n<p style=\"text-align: justify;\"><strong><img fetchpriority=\"high\" decoding=\"async\" class=\"size-thumbnail wp-image-28287 alignright\" src=\"https:\/\/www.portalalerta.com.br\/wp-content\/uploads\/2020\/08\/Real-Juro-Zero-2020-240x240.jpg\" alt=\"\" width=\"240\" height=\"240\" \/>Avalia\u00e7\u00e3o \u00f3timo\/bom<\/strong><\/p>\n<ul style=\"text-align: justify;\">\n<li><strong>Entre homens<\/strong>: 42%<\/li>\n<li><strong>Entre quem tem de 35 a 44 anos<\/strong>: 45%<\/li>\n<li><strong>Entre moradores do Sul<\/strong>: 42%<\/li>\n<li><strong>Entre moradores do Centro-Oeste\/Norte<\/strong>: 42%<\/li>\n<li><strong>Entre empres\u00e1rios<\/strong>: 58%<\/li>\n<\/ul>\n<p style=\"text-align: justify;\"><strong>Avalia\u00e7\u00e3o ruim\/p\u00e9ssimo<\/strong><\/p>\n<ul style=\"text-align: justify;\">\n<li><strong>Entre mulheres<\/strong>: 39%<\/li>\n<li><strong>Entre quem tem ensino superior<\/strong>: 47%<\/li>\n<li><strong>Entre quem ganha mais de dez sal\u00e1rios m\u00ednimos<\/strong>: 47%<\/li>\n<li><strong>Entre pretos<\/strong>: 48%<\/li>\n<li><strong>Entre estudantes<\/strong>: 56%<\/li>\n<\/ul>\n<p style=\"text-align: justify;\"><strong>Confian\u00e7a nas declara\u00e7\u00f5es do presidente<\/strong><\/p>\n<p style=\"text-align: justify;\">O instituto tamb\u00e9m perguntou ao entrevistado se ele confia nas declara\u00e7\u00f5es do presidente. O resultado foi:<\/p>\n<ul style=\"text-align: justify;\">\n<li><strong>Nunca confia:\u00a0<\/strong>41% (anteriormente 46%, 44%, 38%, 43% e 44%)<\/li>\n<li><strong>\u00c0s vezes confia:<\/strong>35% (anteriormente 32%, 32%, 37%, 37% e 36%)<\/li>\n<li><strong>Sempre confia:<\/strong>22% (anteriormente 20%, 21%, 21%, 19% e 19%)<\/li>\n<li><strong>N\u00e3o sabe:<\/strong>2% (anteriormente 2%, 2%, 5%, 1% e 1%)<\/li>\n<\/ul>\n<p style=\"text-align: justify;\">Em rela\u00e7\u00e3o ao grau de confian\u00e7a nas declara\u00e7\u00f5es, tamb\u00e9m foi feito recorte de idade, regi\u00e3o do pa\u00eds, cor, sal\u00e1rio, n\u00edvel de escolaridade, setor econ\u00f4mico.<\/p>\n<p style=\"text-align: justify;\"><strong>Sempre confia<\/strong><\/p>\n<ul style=\"text-align: justify;\">\n<li><strong>Entre brancos<\/strong>: 25%<\/li>\n<li><strong>Entre quem tem de 35 a 45 anos<\/strong>: 26%<\/li>\n<li><strong>Entre moradores do Centro-Oeste\/Norte<\/strong>: 26%<\/li>\n<li><strong>Entre quem ganha mais de dez sal\u00e1rios m\u00ednimos<\/strong>: 30%<\/li>\n<li><strong>Entre empres\u00e1rios<\/strong>: 33%<\/li>\n<\/ul>\n<p style=\"text-align: justify;\"><strong>Nunca confia<\/strong><\/p>\n<ul style=\"text-align: justify;\">\n<li><strong>Entre quem ganha mais de 10 sal\u00e1rios m\u00ednimos<\/strong>: 43%<\/li>\n<li><strong>Entre funcion\u00e1rios p\u00fablicos<\/strong>: 44%<\/li>\n<li><strong>Entre quem tem ensino superior:\u00a0<\/strong>45%<\/li>\n<li><strong>Entre pretos<\/strong>: 50%<\/li>\n<li><strong>Entre estudantes<\/strong>: 55%<\/li>\n<\/ul>\n<p style=\"text-align: justify;\"><strong>Compara\u00e7\u00e3o da avalia\u00e7\u00e3o de desempenho de outros presidentes<\/strong><\/p>\n<p style=\"text-align: justify;\">O Instituto Datafolha havia feito pesquisas de an\u00e1lise de desempenho dos presidentes anteriores com tempos similares de mandato. Veja os resultados:<\/p>\n<p style=\"text-align: justify;\"><strong>Temer (janeiro de 2018)<\/strong><\/p>\n<ul style=\"text-align: justify;\">\n<li><strong>\u00d3timo\/bom<\/strong>: 6%<\/li>\n<li><strong>Regular<\/strong>: 22%<\/li>\n<li><strong>Ruim\/p\u00e9ssimo<\/strong>: 70%<\/li>\n<li><strong>N\u00e3o sabe<\/strong>: 2%<\/li>\n<\/ul>\n<p style=\"text-align: justify;\"><strong>Dilma 2 (abril de 2016)<\/strong><\/p>\n<ul style=\"text-align: justify;\">\n<li><strong>\u00d3timo\/bom<\/strong>: 13%<\/li>\n<li><strong>Regular<\/strong>: 24%<\/li>\n<li><strong>Ruim\/p\u00e9ssimo<\/strong>: 63%<\/li>\n<li><strong>N\u00e3o sabe<\/strong>: 1%<\/li>\n<\/ul>\n<p style=\"text-align: justify;\"><strong>Dilma 1 (agosto de 2012)<\/strong><\/p>\n<ul style=\"text-align: justify;\">\n<li><strong>\u00d3timo\/bom<\/strong>: 62%<\/li>\n<li><strong>Regular<\/strong>: 30%<\/li>\n<li><strong>Ruim\/p\u00e9ssimo<\/strong>: 7%<\/li>\n<li><strong>N\u00e3o sabe<\/strong>: 1%<\/li>\n<\/ul>\n<p style=\"text-align: justify;\"><strong>Lula 2 (mar\u00e7o de 2008)<\/strong><\/p>\n<ul style=\"text-align: justify;\">\n<li><strong>\u00d3timo\/bom<\/strong>: 55%<\/li>\n<li><strong>Regular<\/strong>: 33%<\/li>\n<li><strong>Ruim\/p\u00e9ssimo<\/strong>: 11%<\/li>\n<li><strong>N\u00e3o sabe<\/strong>: 1%<\/li>\n<\/ul>\n<p style=\"text-align: justify;\"><strong>Lula 1 (agosto de 2004)<\/strong><\/p>\n<ul style=\"text-align: justify;\">\n<li><strong>\u00d3timo\/bom<\/strong>: 35%<\/li>\n<li><strong>Regular<\/strong>: 45%<\/li>\n<li><strong>Ruim\/p\u00e9ssimo<\/strong>: 17%<\/li>\n<li><strong>N\u00e3o sabe<\/strong>: 3%<\/li>\n<\/ul>\n<p style=\"text-align: justify;\"><strong>FHC 2 (junho 2000)<\/strong><\/p>\n<ul style=\"text-align: justify;\">\n<li><strong>\u00d3timo\/bom<\/strong>: 19%<\/li>\n<li><strong>Regular<\/strong>: 38%<\/li>\n<li><strong>Ruim\/p\u00e9ssimo<\/strong>: 41%<\/li>\n<li><strong>N\u00e3o sabe<\/strong>: 2%<\/li>\n<\/ul>\n<p style=\"text-align: justify;\"><strong>FHC 1 (junho de 1996)<\/strong><\/p>\n<ul style=\"text-align: justify;\">\n<li><strong>\u00d3timo\/bom<\/strong>: 30%<\/li>\n<li><strong>Regular<\/strong>: 41%<\/li>\n<li><strong>Ruim\/p\u00e9ssimo<\/strong>: 25%<\/li>\n<li><strong>N\u00e3o sabe<\/strong>: 5%<\/li>\n<\/ul>\n<p style=\"text-align: justify;\"><strong>Itamar Franco (maio de 1994)<\/strong><\/p>\n<ul style=\"text-align: justify;\">\n<li><strong>\u00d3timo\/bom<\/strong>: 16%<\/li>\n<li><strong>Regular<\/strong>: 43%<\/li>\n<li><strong>Ruim\/p\u00e9ssimo<\/strong>: 38%<\/li>\n<li><strong>N\u00e3o sabe<\/strong>: 1%<\/li>\n<\/ul>\n<p style=\"text-align: justify;\"><strong>Fernando Collor (setembro de 1991)<\/strong><\/p>\n<ul style=\"text-align: justify;\">\n<li><strong>\u00d3timo\/bom<\/strong>: 18%<\/li>\n<li><strong>Regular<\/strong>: 39%<\/li>\n<li><strong>Ruim\/p\u00e9ssimo<\/strong>: 41%<\/li>\n<li><strong>N\u00e3o sabe<\/strong>: 2%<\/li>\n<\/ul>\n<p style=\"text-align: justify;\">\n<p style=\"text-align: justify;\">Fonte: G1<\/p>\n","protected":false},"excerpt":{"rendered":"<p>O presidente Jair Bolsonaro (sem partido) atingiu sua melhor avalia\u00e7\u00e3o desde o in\u00edcio do mandato, segundo pesquisa Datafolha divulgada pelo jornal &#8220;Folha de S.Paulo&#8221; no final da noite desta quinta-feira (13).<\/p>\n","protected":false},"author":2,"featured_media":13227,"comment_status":"open","ping_status":"open","sticky":false,"template":"","format":"standard","meta":{"om_disable_all_campaigns":false,"_monsterinsights_skip_tracking":false,"_monsterinsights_sitenote_active":false,"_monsterinsights_sitenote_note":"","_monsterinsights_sitenote_category":0,"footnotes":""},"categories":[34,70,69,21],"tags":[100,71,48,49,93,75,45,46,1702,129,107,44,132,1395,230,3828,106,203,120,3849,51,335,1152,109,88,47,111,190],"class_list":["post-28504","post","type-post","status-publish","format-standard","has-post-thumbnail","hentry","category-brasil","category-destaques","category-noticias2","category-politica","tag-adustina","tag-antas","tag-araci","tag-banzae","tag-brasil","tag-cicero-dantas","tag-cipo","tag-crisopolis","tag-datafolha","tag-euclides-da-cunha","tag-fatima","tag-heliopolis","tag-itapicuru","tag-jair-bolsonaro","tag-jeremoabo","tag-noticias","tag-nova-soure","tag-novo-triunfo","tag-olindina","tag-opiniao-publica","tag-paripiranga","tag-pesquisa","tag-presidente-da-republica","tag-quijingue","tag-ribeira-do-amparo","tag-ribeira-do-pombal","tag-sitio-do-quinto","tag-tucano"],"aioseo_notices":[],"_links":{"self":[{"href":"https:\/\/www.portalalerta.com.br\/index.php\/wp-json\/wp\/v2\/posts\/28504","targetHints":{"allow":["GET"]}}],"collection":[{"href":"https:\/\/www.portalalerta.com.br\/index.php\/wp-json\/wp\/v2\/posts"}],"about":[{"href":"https:\/\/www.portalalerta.com.br\/index.php\/wp-json\/wp\/v2\/types\/post"}],"author":[{"embeddable":true,"href":"https:\/\/www.portalalerta.com.br\/index.php\/wp-json\/wp\/v2\/users\/2"}],"replies":[{"embeddable":true,"href":"https:\/\/www.portalalerta.com.br\/index.php\/wp-json\/wp\/v2\/comments?post=28504"}],"version-history":[{"count":1,"href":"https:\/\/www.portalalerta.com.br\/index.php\/wp-json\/wp\/v2\/posts\/28504\/revisions"}],"predecessor-version":[{"id":28505,"href":"https:\/\/www.portalalerta.com.br\/index.php\/wp-json\/wp\/v2\/posts\/28504\/revisions\/28505"}],"wp:featuredmedia":[{"embeddable":true,"href":"https:\/\/www.portalalerta.com.br\/index.php\/wp-json\/wp\/v2\/media\/13227"}],"wp:attachment":[{"href":"https:\/\/www.portalalerta.com.br\/index.php\/wp-json\/wp\/v2\/media?parent=28504"}],"wp:term":[{"taxonomy":"category","embeddable":true,"href":"https:\/\/www.portalalerta.com.br\/index.php\/wp-json\/wp\/v2\/categories?post=28504"},{"taxonomy":"post_tag","embeddable":true,"href":"https:\/\/www.portalalerta.com.br\/index.php\/wp-json\/wp\/v2\/tags?post=28504"}],"curies":[{"name":"wp","href":"https:\/\/api.w.org\/{rel}","templated":true}]}}