{"id":28547,"date":"2020-08-16T13:19:26","date_gmt":"2020-08-16T16:19:26","guid":{"rendered":"https:\/\/www.portalalerta.com.br\/?p=28547"},"modified":"2020-08-16T13:19:26","modified_gmt":"2020-08-16T16:19:26","slug":"datafolha-47-acreditam-que-bolsonaro-nao-tem-culpa-pelas-100-mil-mortes-no-brasil","status":"publish","type":"post","link":"https:\/\/www.portalalerta.com.br\/index.php\/2020\/08\/16\/datafolha-47-acreditam-que-bolsonaro-nao-tem-culpa-pelas-100-mil-mortes-no-brasil\/","title":{"rendered":"Datafolha: 47% acreditam que Bolsonaro n\u00e3o tem culpa pelas 100 mil mortes no Brasil"},"content":{"rendered":"<p style=\"text-align: justify;\">Para 47% das pessoas, o\u00a0presidente Jair Bolsonaro\u00a0n\u00e3o t\u00eam culpa pelas 100 mil mortes nos Brasil causadas pela pandemia do\u00a0novo coronav\u00edrus. \u00c9 o que aponta a pesquisa Datafolha, divulgada na noite de sexta-feira.<!--more--><\/p>\n<p style=\"text-align: justify;\">Uma semana depois do pa\u00eds bater a marca de \u00f3bitos pela Covid-19, o levantamento indica que 41% veem Bolsonaro como um dos culpados pela trag\u00e9dia, mas n\u00e3o o principal. J\u00e1 11% acha que o presidente \u00e9 o principal respons\u00e1vel; 2% n\u00e3o sabe.<\/p>\n<p style=\"text-align: justify;\">A pesquisa foi feita nos dias 11 e 12 de agosto e foram entrevistados 2.065 brasileiros adultos, de todas as regi\u00f5es e estados do pa\u00eds, que possuem telefone celular. A margem de erro \u00e9 de dois pontos percentuais, para mais ou para menos.<\/p>\n<p style=\"text-align: justify;\">O Datafolha tamb\u00e9m perguntou aos entrevistados se Bolsonaro \u00e9 respons\u00e1vel pelo avan\u00e7o da pandemia no pa\u00eds. Os que discordam da afirma\u00e7\u00e3o somaram 49% \u2014 um aumento de quatro pontos percentuais em rela\u00e7\u00e3o \u00e0 \u00faltima pesquisa, feita nos dias 25 e 26 de maio.<\/p>\n<div data-mvc-banner=\"leaderboard\"><\/div>\n<p><script type=\"text\/javascript\"> (function(storeName) { var b = document.createElement('script'); b.type = 'text\/javascript'; b.async = true; b.src = 'https:\/\/www.magazinevoce.com.br\/js\/banner.js?store='+ storeName; var s = document.getElementsByTagName('script')[0]; s.parentNode.insertBefore(b, s); })('Nvscosta'); <\/script><\/p>\n<p style=\"text-align: justify;\">O que veem o presidente como muito respons\u00e1vel s\u00e3o 33%, mesma porcentagem do \u00faltimo levantamento, e 16% acreditam que Bolsonaro tem pouca responsabilidade pelo avan\u00e7o do coronav\u00edrus do pa\u00eds \u2014 quatro pontos percentuais a menos em compara\u00e7\u00e3o a \u00faltima pesquisa, cujo grupo somava 20%. O que responderam que n\u00e3o sabem ou n\u00e3o opinaram s\u00e3o 2%.<\/p>\n<p style=\"text-align: justify;\">O instituto tamb\u00e9m sondou a opini\u00e3o sobre se o Brasil fez o necess\u00e1rio para evitar as mais de 100 mil mortes pela pandemia: 49% disseram que n\u00e3o, enquanto 24% respondeu que a popula\u00e7\u00e3o fez, sim, o que era preciso; 22% afirmaram que nada que fosse feito evitaria o n\u00famero de v\u00edtimas, e 6% n\u00e3o souberam responder.<\/p>\n<p style=\"text-align: justify;\">Em compara\u00e7\u00e3o a pesquisa feita pelo Datafolha nos dias 23 e 24 de junho, a mesma pergunta teve as seguintes respostas: 54% acharam que o pa\u00eds n\u00e3o fez o necess\u00e1rio para evitar as mortes, enquanto 23% afirmaram o oposto; 19% respondeu que nada poderia ser feito e 5% n\u00e3o souberam.<\/p>\n<p style=\"text-align: justify;\">A pesquisa divulgada na \u00faltima sexta-feira perguntou ainda se o governador do estado do entrevistado tem responsabilidade pelo avan\u00e7o da Covid-19 no territ\u00f3rio brasileiro. Os que responderam que n\u00e3o somam 55%, enquanto os que acham que \u00e9 muito respons\u00e1vel, 24%; um pouco respons\u00e1vel, 18%, e n\u00e3o sabem, 3%.<\/p>\n<p style=\"text-align: justify;\">A mesma pergunta foi feita pelo Datafolha em um levantamento realizado em 25 e 26 de maio. Na \u00e9poca, 58% acharam que o governador n\u00e3o era respons\u00e1vel, 18% que era muito respons\u00e1vel, 20% que era um pouco respons\u00e1vel, e 3% n\u00e3o souberam ou n\u00e3o opinaram.<\/p>\n<p style=\"text-align: justify;\">Por fim, o instituto tamb\u00e9m perguntou se os entrevistados saberiam dizer o nome do ministro da Sa\u00fade: 88% afirmaram n\u00e3o saber quem estar no cargo; 10% afirmaram que sabiam o nome do comandante da pasta, e 2% disseram outro nome.<\/p>\n<p style=\"text-align: justify;\"><em>Fonte: Yahoo Not\u00edcias<\/em><\/p>\n","protected":false},"excerpt":{"rendered":"<p>Para 47% das pessoas, o\u00a0presidente Jair Bolsonaro\u00a0n\u00e3o t\u00eam culpa pelas 100 mil mortes nos Brasil causadas pela pandemia do\u00a0novo coronav\u00edrus. \u00c9 o que aponta a pesquisa Datafolha, divulgada na noite de sexta-feira.<\/p>\n","protected":false},"author":2,"featured_media":27477,"comment_status":"open","ping_status":"open","sticky":false,"template":"","format":"standard","meta":{"om_disable_all_campaigns":false,"_monsterinsights_skip_tracking":false,"_monsterinsights_sitenote_active":false,"_monsterinsights_sitenote_note":"","_monsterinsights_sitenote_category":0,"footnotes":""},"categories":[34,70,69,21,19],"tags":[93,3429,3486,1702,1395,439,3849,335,61],"class_list":["post-28547","post","type-post","status-publish","format-standard","has-post-thumbnail","hentry","category-brasil","category-destaques","category-noticias2","category-politica","category-saude","tag-brasil","tag-coronavirus","tag-covid-19","tag-datafolha","tag-jair-bolsonaro","tag-mortes","tag-opiniao-publica","tag-pesquisa","tag-saude"],"aioseo_notices":[],"_links":{"self":[{"href":"https:\/\/www.portalalerta.com.br\/index.php\/wp-json\/wp\/v2\/posts\/28547","targetHints":{"allow":["GET"]}}],"collection":[{"href":"https:\/\/www.portalalerta.com.br\/index.php\/wp-json\/wp\/v2\/posts"}],"about":[{"href":"https:\/\/www.portalalerta.com.br\/index.php\/wp-json\/wp\/v2\/types\/post"}],"author":[{"embeddable":true,"href":"https:\/\/www.portalalerta.com.br\/index.php\/wp-json\/wp\/v2\/users\/2"}],"replies":[{"embeddable":true,"href":"https:\/\/www.portalalerta.com.br\/index.php\/wp-json\/wp\/v2\/comments?post=28547"}],"version-history":[{"count":1,"href":"https:\/\/www.portalalerta.com.br\/index.php\/wp-json\/wp\/v2\/posts\/28547\/revisions"}],"predecessor-version":[{"id":28548,"href":"https:\/\/www.portalalerta.com.br\/index.php\/wp-json\/wp\/v2\/posts\/28547\/revisions\/28548"}],"wp:featuredmedia":[{"embeddable":true,"href":"https:\/\/www.portalalerta.com.br\/index.php\/wp-json\/wp\/v2\/media\/27477"}],"wp:attachment":[{"href":"https:\/\/www.portalalerta.com.br\/index.php\/wp-json\/wp\/v2\/media?parent=28547"}],"wp:term":[{"taxonomy":"category","embeddable":true,"href":"https:\/\/www.portalalerta.com.br\/index.php\/wp-json\/wp\/v2\/categories?post=28547"},{"taxonomy":"post_tag","embeddable":true,"href":"https:\/\/www.portalalerta.com.br\/index.php\/wp-json\/wp\/v2\/tags?post=28547"}],"curies":[{"name":"wp","href":"https:\/\/api.w.org\/{rel}","templated":true}]}}