{"id":28549,"date":"2020-08-16T13:20:33","date_gmt":"2020-08-16T16:20:33","guid":{"rendered":"https:\/\/www.portalalerta.com.br\/?p=28549"},"modified":"2020-08-16T13:20:33","modified_gmt":"2020-08-16T16:20:33","slug":"anabel-anuncia-fabio-rios-como-pre-candidato-a-vice-em-jeremoabo-ba","status":"publish","type":"post","link":"https:\/\/www.portalalerta.com.br\/index.php\/2020\/08\/16\/anabel-anuncia-fabio-rios-como-pre-candidato-a-vice-em-jeremoabo-ba\/","title":{"rendered":"Anabel anuncia F\u00e1bio Rios como pr\u00e9-candidato a vice em Jeremoabo-BA"},"content":{"rendered":"<p style=\"text-align: justify;\">Em entrevista coletiva concedida na quinta-feira (14) na Jeremoabo FM,\u00a0 foi oficializada a alian\u00e7a entre o PSD\/P para as elei\u00e7\u00f5es da terra da jurema em flor.\u00a0 A ex-prefeita Anabel de Tista confirmou que o empres\u00e1rio F\u00e1bio do Secof (PR) ser\u00e1 o vice na sua chapa.\u00a0<!--more--><\/p>\n<p style=\"text-align: justify;\"><img fetchpriority=\"high\" decoding=\"async\" class=\"size-thumbnail wp-image-9394 alignleft\" src=\"https:\/\/www.portalalerta.com.br\/wp-content\/uploads\/2018\/07\/05elab-320x240.jpg\" alt=\"\" width=\"320\" height=\"240\" srcset=\"https:\/\/www.portalalerta.com.br\/wp-content\/uploads\/2018\/07\/05elab-320x240.jpg 320w, https:\/\/www.portalalerta.com.br\/wp-content\/uploads\/2018\/07\/05elab-195x146.jpg 195w, https:\/\/www.portalalerta.com.br\/wp-content\/uploads\/2018\/07\/05elab-50x38.jpg 50w, https:\/\/www.portalalerta.com.br\/wp-content\/uploads\/2018\/07\/05elab-100x75.jpg 100w, https:\/\/www.portalalerta.com.br\/wp-content\/uploads\/2018\/07\/05elab.jpg 400w\" sizes=\"(max-width: 320px) 100vw, 320px\" \/>O anuncio de F\u00e1bio Rios na forma\u00e7\u00e3o da alian\u00e7a com\u00a0 Anabel de Carvalho\u00a0 foi at\u00e9 certo ponto surpreendente, j\u00e1 que na elei\u00e7\u00e3o passada eles estavam em lados opostos. F\u00e1bio Rios foi um dos principais apoiadores do atual prefeito Deri do Paloma (PROGRESSISTAS), na elei\u00e7\u00e3o passada. Anabel de Carvalho\u00a0 ainda destacou que se sentia muito feliz em ver uma alian\u00e7a entre o PSD e o PR e disse acreditar que a uni\u00e3o \u00e9 uma alian\u00e7a para vencer&#8221;<\/p>\n<p style=\"text-align: justify;\"><em>Fonte: Bob Charles<\/em><\/p>\n","protected":false},"excerpt":{"rendered":"<p>Em entrevista coletiva concedida na quinta-feira (14) na Jeremoabo FM,\u00a0 foi oficializada a alian\u00e7a entre o PSD\/P para as elei\u00e7\u00f5es da terra da jurema em flor.\u00a0 A ex-prefeita Anabel de Tista confirmou que o empres\u00e1rio F\u00e1bio do Secof (PR) ser\u00e1 o vice na sua chapa.\u00a0<\/p>\n","protected":false},"author":2,"featured_media":28550,"comment_status":"open","ping_status":"open","sticky":false,"template":"","format":"standard","meta":{"om_disable_all_campaigns":false,"_monsterinsights_skip_tracking":false,"_monsterinsights_sitenote_active":false,"_monsterinsights_sitenote_note":"","_monsterinsights_sitenote_category":0,"footnotes":""},"categories":[70,9,69,21,32],"tags":[100,71,48,49,75,45,46,129,107,44,132,230,3828,106,203,120,51,109,88,47,111,190],"class_list":["post-28549","post","type-post","status-publish","format-standard","has-post-thumbnail","hentry","category-destaques","category-jeremoabo","category-noticias2","category-politica","category-regiao","tag-adustina","tag-antas","tag-araci","tag-banzae","tag-cicero-dantas","tag-cipo","tag-crisopolis","tag-euclides-da-cunha","tag-fatima","tag-heliopolis","tag-itapicuru","tag-jeremoabo","tag-noticias","tag-nova-soure","tag-novo-triunfo","tag-olindina","tag-paripiranga","tag-quijingue","tag-ribeira-do-amparo","tag-ribeira-do-pombal","tag-sitio-do-quinto","tag-tucano"],"aioseo_notices":[],"_links":{"self":[{"href":"https:\/\/www.portalalerta.com.br\/index.php\/wp-json\/wp\/v2\/posts\/28549","targetHints":{"allow":["GET"]}}],"collection":[{"href":"https:\/\/www.portalalerta.com.br\/index.php\/wp-json\/wp\/v2\/posts"}],"about":[{"href":"https:\/\/www.portalalerta.com.br\/index.php\/wp-json\/wp\/v2\/types\/post"}],"author":[{"embeddable":true,"href":"https:\/\/www.portalalerta.com.br\/index.php\/wp-json\/wp\/v2\/users\/2"}],"replies":[{"embeddable":true,"href":"https:\/\/www.portalalerta.com.br\/index.php\/wp-json\/wp\/v2\/comments?post=28549"}],"version-history":[{"count":1,"href":"https:\/\/www.portalalerta.com.br\/index.php\/wp-json\/wp\/v2\/posts\/28549\/revisions"}],"predecessor-version":[{"id":28551,"href":"https:\/\/www.portalalerta.com.br\/index.php\/wp-json\/wp\/v2\/posts\/28549\/revisions\/28551"}],"wp:featuredmedia":[{"embeddable":true,"href":"https:\/\/www.portalalerta.com.br\/index.php\/wp-json\/wp\/v2\/media\/28550"}],"wp:attachment":[{"href":"https:\/\/www.portalalerta.com.br\/index.php\/wp-json\/wp\/v2\/media?parent=28549"}],"wp:term":[{"taxonomy":"category","embeddable":true,"href":"https:\/\/www.portalalerta.com.br\/index.php\/wp-json\/wp\/v2\/categories?post=28549"},{"taxonomy":"post_tag","embeddable":true,"href":"https:\/\/www.portalalerta.com.br\/index.php\/wp-json\/wp\/v2\/tags?post=28549"}],"curies":[{"name":"wp","href":"https:\/\/api.w.org\/{rel}","templated":true}]}}