{"id":28585,"date":"2020-08-16T21:58:16","date_gmt":"2020-08-17T00:58:16","guid":{"rendered":"https:\/\/www.portalalerta.com.br\/?p=28585"},"modified":"2020-08-16T21:58:16","modified_gmt":"2020-08-17T00:58:16","slug":"mp-investiga-suposta-contratacao-de-funcionarios-fantasmas-no-gabinete-de-carlos-bolsonaro","status":"publish","type":"post","link":"https:\/\/www.portalalerta.com.br\/index.php\/2020\/08\/16\/mp-investiga-suposta-contratacao-de-funcionarios-fantasmas-no-gabinete-de-carlos-bolsonaro\/","title":{"rendered":"MP investiga suposta contrata\u00e7\u00e3o de funcion\u00e1rios fantasmas no gabinete de Carlos Bolsonaro"},"content":{"rendered":"<p style=\"text-align: justify;\">O Minist\u00e9rio P\u00fablico do Rio de Janeiro (MPRJ) encontrou ind\u00edcios de contrata\u00e7\u00e3o de funcion\u00e1rios fantasmas no gabinete do vereador Carlos Bolsonaro (Republicanos), filho do presidente Jair Bolsonaro, em seu primeiro mandato na C\u00e2mara Municipal do Rio de Janeiro, a partir de 2001. A informa\u00e7\u00e3o foi divulgada pelo portal G1.<!--more--><\/p>\n<p style=\"text-align: justify;\">No relat\u00f3rio do inqu\u00e9rito, o MPRJ afirma ainda que \u201ch\u00e1 ind\u00edcios, ao menos em tese, do crime de peculato na contrata\u00e7\u00e3o de servidores de Carlos Bolsonaro\u201d.<\/p>\n<p style=\"text-align: justify;\"><img fetchpriority=\"high\" decoding=\"async\" class=\"size-thumbnail wp-image-4869 aligncenter\" src=\"https:\/\/www.portalalerta.com.br\/wp-content\/uploads\/2018\/02\/Auto-Escola-Nobre-720x181.jpg\" alt=\"\" width=\"720\" height=\"181\" srcset=\"https:\/\/www.portalalerta.com.br\/wp-content\/uploads\/2018\/02\/Auto-Escola-Nobre.jpg 720w, https:\/\/www.portalalerta.com.br\/wp-content\/uploads\/2018\/02\/Auto-Escola-Nobre-260x65.jpg 260w, https:\/\/www.portalalerta.com.br\/wp-content\/uploads\/2018\/02\/Auto-Escola-Nobre-50x13.jpg 50w, https:\/\/www.portalalerta.com.br\/wp-content\/uploads\/2018\/02\/Auto-Escola-Nobre-150x38.jpg 150w\" sizes=\"(max-width: 720px) 100vw, 720px\" \/>A Subprocuradoria-Geral de Justi\u00e7a aceitou o pedido dos promotores e decidiu abrir um procedimento investigat\u00f3rio criminal.<\/p>\n<p style=\"text-align: justify;\">Entre os investigados, h\u00e1 funcion\u00e1rios que n\u00e3o apareciam na C\u00e2mara em meses e outros sequer tinham crach\u00e1 de servidor. Ao menos oito pessoas j\u00e1 foram ouvidas pelos promotores desde julho do ano passado.<\/p>\n<p style=\"text-align: justify;\"><em>Fonte: Metro1<\/em><\/p>\n","protected":false},"excerpt":{"rendered":"<p>O Minist\u00e9rio P\u00fablico do Rio de Janeiro (MPRJ) encontrou ind\u00edcios de contrata\u00e7\u00e3o de funcion\u00e1rios fantasmas no gabinete do vereador Carlos Bolsonaro (Republicanos), filho do presidente Jair Bolsonaro, em seu primeiro mandato na C\u00e2mara Municipal do Rio de Janeiro, a partir de 2001. A informa\u00e7\u00e3o foi divulgada pelo portal G1.<\/p>\n","protected":false},"author":2,"featured_media":17115,"comment_status":"open","ping_status":"open","sticky":false,"template":"","format":"standard","meta":{"om_disable_all_campaigns":false,"_monsterinsights_skip_tracking":false,"_monsterinsights_sitenote_active":false,"_monsterinsights_sitenote_note":"","_monsterinsights_sitenote_category":0,"footnotes":""},"categories":[34,70,69,21],"tags":[100,71,48,49,93,2759,75,45,46,129,107,44,132,230,3281,3828,106,203,120,51,109,88,47,300,111,190,80],"class_list":["post-28585","post","type-post","status-publish","format-standard","has-post-thumbnail","hentry","category-brasil","category-destaques","category-noticias2","category-politica","tag-adustina","tag-antas","tag-araci","tag-banzae","tag-brasil","tag-carlos-bolsonaro","tag-cicero-dantas","tag-cipo","tag-crisopolis","tag-euclides-da-cunha","tag-fatima","tag-heliopolis","tag-itapicuru","tag-jeremoabo","tag-mprj","tag-noticias","tag-nova-soure","tag-novo-triunfo","tag-olindina","tag-paripiranga","tag-quijingue","tag-ribeira-do-amparo","tag-ribeira-do-pombal","tag-rio-de-janeiro","tag-sitio-do-quinto","tag-tucano","tag-vereador"],"aioseo_notices":[],"_links":{"self":[{"href":"https:\/\/www.portalalerta.com.br\/index.php\/wp-json\/wp\/v2\/posts\/28585","targetHints":{"allow":["GET"]}}],"collection":[{"href":"https:\/\/www.portalalerta.com.br\/index.php\/wp-json\/wp\/v2\/posts"}],"about":[{"href":"https:\/\/www.portalalerta.com.br\/index.php\/wp-json\/wp\/v2\/types\/post"}],"author":[{"embeddable":true,"href":"https:\/\/www.portalalerta.com.br\/index.php\/wp-json\/wp\/v2\/users\/2"}],"replies":[{"embeddable":true,"href":"https:\/\/www.portalalerta.com.br\/index.php\/wp-json\/wp\/v2\/comments?post=28585"}],"version-history":[{"count":1,"href":"https:\/\/www.portalalerta.com.br\/index.php\/wp-json\/wp\/v2\/posts\/28585\/revisions"}],"predecessor-version":[{"id":28586,"href":"https:\/\/www.portalalerta.com.br\/index.php\/wp-json\/wp\/v2\/posts\/28585\/revisions\/28586"}],"wp:featuredmedia":[{"embeddable":true,"href":"https:\/\/www.portalalerta.com.br\/index.php\/wp-json\/wp\/v2\/media\/17115"}],"wp:attachment":[{"href":"https:\/\/www.portalalerta.com.br\/index.php\/wp-json\/wp\/v2\/media?parent=28585"}],"wp:term":[{"taxonomy":"category","embeddable":true,"href":"https:\/\/www.portalalerta.com.br\/index.php\/wp-json\/wp\/v2\/categories?post=28585"},{"taxonomy":"post_tag","embeddable":true,"href":"https:\/\/www.portalalerta.com.br\/index.php\/wp-json\/wp\/v2\/tags?post=28585"}],"curies":[{"name":"wp","href":"https:\/\/api.w.org\/{rel}","templated":true}]}}