{"id":28587,"date":"2020-08-16T22:11:09","date_gmt":"2020-08-17T01:11:09","guid":{"rendered":"https:\/\/www.portalalerta.com.br\/?p=28587"},"modified":"2020-08-16T22:16:35","modified_gmt":"2020-08-17T01:16:35","slug":"desemprego-na-pandemia-continua-subindo-e-chega-a-137-diz-ibge","status":"publish","type":"post","link":"https:\/\/www.portalalerta.com.br\/index.php\/2020\/08\/16\/desemprego-na-pandemia-continua-subindo-e-chega-a-137-diz-ibge\/","title":{"rendered":"Desemprego na pandemia continua subindo e chega a 13,7%, diz IBGE"},"content":{"rendered":"<p style=\"text-align: justify;\">Nos \u00faltimos quatro meses, em que o pa\u00eds passa pela pandemia de covid-19, cerca de 3 milh\u00f5es de pessoas ficaram sem trabalho. Na quarta semana de julho, a taxa de desocupa\u00e7\u00e3o chegou a 13,7%, o que corresponde a 12,9 milh\u00f5es de pessoas. Os dados s\u00e3o da edi\u00e7\u00e3o semanal da Pesquisa Nacional por Amostra de Domic\u00edlio (Pnad) Covid-19, divulgada nesta sexta-feira (14) pelo Instituto Brasileiro de Geografia e Estat\u00edstica (IBGE).<!--more--><\/p>\n<p style=\"text-align: justify;\">Quando a pesquisa teve in\u00edcio, na primeira semana de maio, eram 9,8 milh\u00f5es de pessoas desocupadas. Na compara\u00e7\u00e3o com a terceira semana de julho, houve aumento de 550 mil pessoas entre os desocupados. A popula\u00e7\u00e3o ocupada do pa\u00eds foi estimada em 81,2 milh\u00f5es, est\u00e1vel em rela\u00e7\u00e3o \u00e0 semana anterior e com queda em rela\u00e7\u00e3o \u00e0 semana de 3 a 9 de maio, quando 83,9 milh\u00f5es de pessoas entravam nessa categoria, segundo a Ag\u00eancia Brasil.<\/p>\n<p style=\"text-align: justify;\"><img fetchpriority=\"high\" decoding=\"async\" class=\"size-thumbnail wp-image-28287 alignleft\" src=\"https:\/\/www.portalalerta.com.br\/wp-content\/uploads\/2020\/08\/Real-Juro-Zero-2020-240x240.jpg\" alt=\"\" width=\"240\" height=\"240\" \/>De acordo com a coordenadora da pesquisa, Maria L\u00facia Vieira, os demais dados relacionados a trabalho ficaram est\u00e1veis na compara\u00e7\u00e3o com a semana anterior, apesar da varia\u00e7\u00e3o em rela\u00e7\u00e3o a maio.<\/p>\n<p style=\"text-align: justify;\">\u201cComparando com o in\u00edcio da pesquisa, o saldo da investiga\u00e7\u00e3o \u00e9 que a popula\u00e7\u00e3o ocupada est\u00e1 menor em 2,9 milh\u00f5es de pessoas. A popula\u00e7\u00e3o desocupada est\u00e1 maior, pouco mais de 3 milh\u00f5es. E a taxa de desocupa\u00e7\u00e3o tamb\u00e9m est\u00e1 maior em 3,2 pontos percentuais. Isso num contexto em que a popula\u00e7\u00e3o informal vem caindo tamb\u00e9m\u201d.<\/p>\n<p style=\"text-align: justify;\">Ap\u00f3s queda na semana anterior, o n\u00famero de pessoas que estavam temporariamente afastadas do trabalho por causa do distanciamento social voltou a crescer e somou 5,8 milh\u00f5es, o que representa 7,1% da popula\u00e7\u00e3o ocupada. No in\u00edcio de maio eram 16,6 milh\u00f5es de pessoas afastadas do trabalho, o que representava 19,8%. O trabalho remoto est\u00e1 sendo exercido por 8,3 milh\u00f5es de profissionais (11,5%), apenas 300 mil a menos do que no in\u00edcio da pesquisa.<\/p>\n<p style=\"text-align: justify;\">O grupo de pessoas que gostaria de trabalhar, mas n\u00e3o procurou emprego por causa da pandemia ou por falta de trabalho perto de casa, somou 18,5 milh\u00f5es. A informalidade atinge 27,2 milh\u00f5es de pessoas, 2,7 milh\u00f5es a menos do que no in\u00edcio de maio. A taxa est\u00e1 em 33,5%, 1 ponto percentual acima do registrado na terceira semana de julho.<\/p>\n<p style=\"text-align: justify;\">Maria L\u00facia explica que entre os informais est\u00e3o os empregados do setor privado e trabalhadores dom\u00e9sticos sem carteira assinada; empregadores e trabalhadores por conta pr\u00f3pria que n\u00e3o contribuem para o INSS; e trabalhadores n\u00e3o remunerados que ajudam morador do domic\u00edlio ou parente.<\/p>\n<p style=\"text-align: justify;\">\u201cVimos na divulga\u00e7\u00e3o da semana passada que essa popula\u00e7\u00e3o tinha ca\u00eddo. \u00c9 uma for\u00e7a de trabalho que oscila bastante nessas compara\u00e7\u00f5es curtas. As pessoas entram e saem da for\u00e7a de trabalho com muita facilidade. Com mais facilidade que a popula\u00e7\u00e3o ocupada, que \u00e9 formalizada\u201d.<\/p>\n<p style=\"text-align: justify;\">A popula\u00e7\u00e3o fora da for\u00e7a de trabalho era de 76 milh\u00f5es de pessoas, est\u00e1vel em rela\u00e7\u00e3o \u00e0 semana anterior e ao in\u00edcio da pesquisa. Desses, 36,9% disseram que gostariam de trabalhar.<\/p>\n<p style=\"text-align: justify;\"><em>Fonte: Cival Anjos<\/em><\/p>\n<p style=\"text-align: justify;\"><em>Do Portal Bahia Not\u00edcias<\/em><\/p>\n","protected":false},"excerpt":{"rendered":"<p>Nos \u00faltimos quatro meses, em que o pa\u00eds passa pela pandemia de covid-19, cerca de 3 milh\u00f5es de pessoas ficaram sem trabalho. Na quarta semana de julho, a taxa de desocupa\u00e7\u00e3o chegou a 13,7%, o que corresponde a 12,9 milh\u00f5es de pessoas. Os dados s\u00e3o da edi\u00e7\u00e3o semanal da Pesquisa Nacional por Amostra de Domic\u00edlio &hellip;<\/p>\n","protected":false},"author":2,"featured_media":18729,"comment_status":"open","ping_status":"open","sticky":false,"template":"","format":"standard","meta":{"om_disable_all_campaigns":false,"_monsterinsights_skip_tracking":false,"_monsterinsights_sitenote_active":false,"_monsterinsights_sitenote_note":"","_monsterinsights_sitenote_category":0,"footnotes":""},"categories":[34,70,69,19],"tags":[100,71,48,49,93,75,45,3429,3486,46,793,129,107,44,202,132,230,3828,106,203,120,51,109,88,47,61,111,190],"class_list":["post-28587","post","type-post","status-publish","format-standard","has-post-thumbnail","hentry","category-brasil","category-destaques","category-noticias2","category-saude","tag-adustina","tag-antas","tag-araci","tag-banzae","tag-brasil","tag-cicero-dantas","tag-cipo","tag-coronavirus","tag-covid-19","tag-crisopolis","tag-desemprego","tag-euclides-da-cunha","tag-fatima","tag-heliopolis","tag-ibge","tag-itapicuru","tag-jeremoabo","tag-noticias","tag-nova-soure","tag-novo-triunfo","tag-olindina","tag-paripiranga","tag-quijingue","tag-ribeira-do-amparo","tag-ribeira-do-pombal","tag-saude","tag-sitio-do-quinto","tag-tucano"],"aioseo_notices":[],"_links":{"self":[{"href":"https:\/\/www.portalalerta.com.br\/index.php\/wp-json\/wp\/v2\/posts\/28587","targetHints":{"allow":["GET"]}}],"collection":[{"href":"https:\/\/www.portalalerta.com.br\/index.php\/wp-json\/wp\/v2\/posts"}],"about":[{"href":"https:\/\/www.portalalerta.com.br\/index.php\/wp-json\/wp\/v2\/types\/post"}],"author":[{"embeddable":true,"href":"https:\/\/www.portalalerta.com.br\/index.php\/wp-json\/wp\/v2\/users\/2"}],"replies":[{"embeddable":true,"href":"https:\/\/www.portalalerta.com.br\/index.php\/wp-json\/wp\/v2\/comments?post=28587"}],"version-history":[{"count":1,"href":"https:\/\/www.portalalerta.com.br\/index.php\/wp-json\/wp\/v2\/posts\/28587\/revisions"}],"predecessor-version":[{"id":28588,"href":"https:\/\/www.portalalerta.com.br\/index.php\/wp-json\/wp\/v2\/posts\/28587\/revisions\/28588"}],"wp:featuredmedia":[{"embeddable":true,"href":"https:\/\/www.portalalerta.com.br\/index.php\/wp-json\/wp\/v2\/media\/18729"}],"wp:attachment":[{"href":"https:\/\/www.portalalerta.com.br\/index.php\/wp-json\/wp\/v2\/media?parent=28587"}],"wp:term":[{"taxonomy":"category","embeddable":true,"href":"https:\/\/www.portalalerta.com.br\/index.php\/wp-json\/wp\/v2\/categories?post=28587"},{"taxonomy":"post_tag","embeddable":true,"href":"https:\/\/www.portalalerta.com.br\/index.php\/wp-json\/wp\/v2\/tags?post=28587"}],"curies":[{"name":"wp","href":"https:\/\/api.w.org\/{rel}","templated":true}]}}