{"id":28625,"date":"2020-08-17T19:47:42","date_gmt":"2020-08-17T22:47:42","guid":{"rendered":"https:\/\/www.portalalerta.com.br\/?p=28625"},"modified":"2020-08-17T19:47:42","modified_gmt":"2020-08-17T22:47:42","slug":"pela-primeira-vez-desde-o-inicio-da-pandemia-regiao-registra-queda-no-numero-de-novos-casos-de-covid-19","status":"publish","type":"post","link":"https:\/\/www.portalalerta.com.br\/index.php\/2020\/08\/17\/pela-primeira-vez-desde-o-inicio-da-pandemia-regiao-registra-queda-no-numero-de-novos-casos-de-covid-19\/","title":{"rendered":"Pela primeira vez desde o in\u00edcio da pandemia, regi\u00e3o registra queda no n\u00famero de novos casos de Covid-19"},"content":{"rendered":"<p style=\"text-align: justify;\">Os n\u00fameros relacionados \u00e0 novos registros da Covid-19 (Coronav\u00edrus), ca\u00edram pela primeira vez desde o in\u00edcio da pandemia nos 21 munic\u00edpios da regi\u00e3o, analisados pelo PORTAL ALERTA.<!--more--><\/p>\n<p style=\"text-align: justify;\">Somente na \u00faltima semana, foram registrados 623 novos casos, 8% a menos que no per\u00edodo anterior. O n\u00famero de ativos tamb\u00e9m diminuiu para 840, uma queda de 5% em rela\u00e7\u00e3o \u00e0 semana passada. O n\u00famero de curados, tamb\u00e9m diminuiu, com 665 curas, 7% a menos que na semana passada. J\u00e1 com rela\u00e7\u00e3o ao n\u00famero de mortos, foram registrados 06 casos, 20% a mais que no per\u00edodo anterior.<\/p>\n<p style=\"text-align: justify;\">Ao todo, foram registrados at\u00e9 o \u00faltimo s\u00e1bado (15), 4.521 casos, sendo 840 ativos (19%), 3.620 curados (80%), e 57 \u00f3bitos (1%).<\/p>\n<p style=\"text-align: justify;\"><strong>N\u00fameros Gerais<\/strong><\/p>\n<p style=\"text-align: justify;\">O munic\u00edpio de Araci segue com o maior n\u00famero de casos, 787 no total, seguido por: Itapicuru (562), Ribeira do Pombal (537), e C\u00edcero Dantas (313). J\u00e1 no que se refere a casos ativos, Araci lidera com 175 casos, seguida por: Tucano (138), C\u00edcero Dantas (84), e Ribeira do Pombal (75). Com rela\u00e7\u00e3o \u00e0s curas Araci lidera em n\u00fameros gerais, com 600 curados, seguida por Itapicuru (490), Ribeira do Pombal (453), Nova Soure (254), e C\u00edcero Dantas (228). J\u00e1 em n\u00fameros proporcionais, Banza\u00ea lidera com uma taxa de 97%, seguida por: Nova Soure (95%), Novo Triunfo e Quijingue (94% cada), e Cris\u00f3polis (92%). Araci tamb\u00e9m tem o maior n\u00famero de \u00f3bitos, 12 no total, seguida por: Ribeira do Pombal (09), Euclides da Cunha (06), e Cris\u00f3polis (05).<\/p>\n<p style=\"text-align: justify;\"><img fetchpriority=\"high\" decoding=\"async\" class=\"size-thumbnail wp-image-4869 aligncenter\" src=\"https:\/\/www.portalalerta.com.br\/wp-content\/uploads\/2018\/02\/Auto-Escola-Nobre-720x181.jpg\" alt=\"\" width=\"720\" height=\"181\" srcset=\"https:\/\/www.portalalerta.com.br\/wp-content\/uploads\/2018\/02\/Auto-Escola-Nobre.jpg 720w, https:\/\/www.portalalerta.com.br\/wp-content\/uploads\/2018\/02\/Auto-Escola-Nobre-260x65.jpg 260w, https:\/\/www.portalalerta.com.br\/wp-content\/uploads\/2018\/02\/Auto-Escola-Nobre-50x13.jpg 50w, https:\/\/www.portalalerta.com.br\/wp-content\/uploads\/2018\/02\/Auto-Escola-Nobre-150x38.jpg 150w\" sizes=\"(max-width: 720px) 100vw, 720px\" \/>Por outro lado, os munic\u00edpios com menos registros s\u00e3o: Quijingue (32), Heli\u00f3polis (38), Adustina (74), S\u00edtio do Quinto (83), e Euclides da Cunha (101). J\u00e1 com rela\u00e7\u00e3o aos casos ativos, os munic\u00edpios com menores n\u00fameros s\u00e3o: Quijingue (01), Banza\u00ea (03), Novo Triunfo (06), Heli\u00f3polis (07), e Adustina (09). Tucano se encontra com o menor \u00edndice de cura (55%), seguida por: F\u00e1tima (58%), Euclides da Cunha (72%), S\u00edtio do Quinto (73%), e Antas (75%). Banza\u00ea, Cip\u00f3, e Heli\u00f3polis, s\u00e3o os \u00fanicos munic\u00edpios que ainda n\u00e3o registraram \u00f3bitos por conta da Covid-19.<\/p>\n<p style=\"text-align: justify;\"><strong>N\u00fameros da semana<\/strong><\/p>\n<p style=\"text-align: justify;\">Na \u00faltima semana Tucano foi a cidade com maior registro de novos casos, 108 no total, seguida por: Araci (89), Ribeira do Pombal (78), Itapicuru (74), e C\u00edcero Dantas (73). J\u00e1 com rela\u00e7\u00e3o ao n\u00famero de curas, C\u00edcero Dantas teve o maior n\u00famero, 97 no total, seguida por: Itapicuru (90), Ribeira do Pombal (63), e Jeremoabo (62). Araci registrou o maior n\u00famero de mortes, 02 no total. As outras cidades que registraram \u00f3bitos foram: Antas, Itapicuru, Novo Triunfo, e Paripiranga, com 01 morte\/ cada.<\/p>\n<p style=\"text-align: justify;\"><strong>Confira os gr\u00e1ficos:<\/strong><\/p>\n<p style=\"text-align: justify;\">\n<figure id=\"attachment_28620\" aria-describedby=\"caption-attachment-28620\" style=\"width: 540px\" class=\"wp-caption aligncenter\"><img decoding=\"async\" class=\"wp-image-28620 size-full\" src=\"https:\/\/www.portalalerta.com.br\/wp-content\/uploads\/2020\/05\/gr\u00e1fico-Coronav\u00edrus-na-regi\u00e3o-2020.24.jpg\" alt=\"\" width=\"540\" height=\"430\" srcset=\"https:\/\/www.portalalerta.com.br\/wp-content\/uploads\/2020\/05\/gr\u00e1fico-Coronav\u00edrus-na-regi\u00e3o-2020.24.jpg 540w, https:\/\/www.portalalerta.com.br\/wp-content\/uploads\/2020\/05\/gr\u00e1fico-Coronav\u00edrus-na-regi\u00e3o-2020.24-301x240.jpg 301w, https:\/\/www.portalalerta.com.br\/wp-content\/uploads\/2020\/05\/gr\u00e1fico-Coronav\u00edrus-na-regi\u00e3o-2020.24-183x146.jpg 183w, https:\/\/www.portalalerta.com.br\/wp-content\/uploads\/2020\/05\/gr\u00e1fico-Coronav\u00edrus-na-regi\u00e3o-2020.24-50x40.jpg 50w, https:\/\/www.portalalerta.com.br\/wp-content\/uploads\/2020\/05\/gr\u00e1fico-Coronav\u00edrus-na-regi\u00e3o-2020.24-94x75.jpg 94w\" sizes=\"(max-width: 540px) 100vw, 540px\" \/><figcaption id=\"caption-attachment-28620\" class=\"wp-caption-text\">At\u00e9 o momento foram registrados 4.521 casos<\/figcaption><\/figure>\n<p style=\"text-align: justify;\">\n<figure id=\"attachment_28621\" aria-describedby=\"caption-attachment-28621\" style=\"width: 540px\" class=\"wp-caption aligncenter\"><img decoding=\"async\" class=\"wp-image-28621 size-full\" src=\"https:\/\/www.portalalerta.com.br\/wp-content\/uploads\/2020\/05\/gr\u00e1fico-Coronav\u00edrus-na-regi\u00e3o-2020.25.jpg\" alt=\"\" width=\"540\" height=\"430\" srcset=\"https:\/\/www.portalalerta.com.br\/wp-content\/uploads\/2020\/05\/gr\u00e1fico-Coronav\u00edrus-na-regi\u00e3o-2020.25.jpg 540w, https:\/\/www.portalalerta.com.br\/wp-content\/uploads\/2020\/05\/gr\u00e1fico-Coronav\u00edrus-na-regi\u00e3o-2020.25-301x240.jpg 301w, https:\/\/www.portalalerta.com.br\/wp-content\/uploads\/2020\/05\/gr\u00e1fico-Coronav\u00edrus-na-regi\u00e3o-2020.25-183x146.jpg 183w, https:\/\/www.portalalerta.com.br\/wp-content\/uploads\/2020\/05\/gr\u00e1fico-Coronav\u00edrus-na-regi\u00e3o-2020.25-50x40.jpg 50w, https:\/\/www.portalalerta.com.br\/wp-content\/uploads\/2020\/05\/gr\u00e1fico-Coronav\u00edrus-na-regi\u00e3o-2020.25-94x75.jpg 94w\" sizes=\"(max-width: 540px) 100vw, 540px\" \/><figcaption id=\"caption-attachment-28621\" class=\"wp-caption-text\">3.620 pessoas j\u00e1 foram curadas, e 57 evolu\u00edram a \u00f3bito<\/figcaption><\/figure>\n<p style=\"text-align: justify;\">\n<p style=\"text-align: justify;\"><strong>Confira a evolu\u00e7\u00e3o da Covid-19 em sua cidade:<\/strong><\/p>\n<p style=\"text-align: justify;\"><a href=\"https:\/\/www.portalalerta.com.br\/index.php\/2020\/05\/25\/saiba-como-esta-a-evolucao-do-covid-19-em-adustina-ba\/\"><strong>Adustina<\/strong><\/a><\/p>\n<p style=\"text-align: justify;\"><a href=\"https:\/\/www.portalalerta.com.br\/index.php\/2020\/05\/31\/saiba-como-esta-a-evolucao-do-covid-19-em-antas-ba\/\"><strong>Antas<\/strong><\/a><\/p>\n<p style=\"text-align: justify;\"><a href=\"https:\/\/www.portalalerta.com.br\/index.php\/2020\/05\/26\/saiba-como-esta-a-evolucao-do-covid-19-em-araci-ba\/\"><strong>Araci<\/strong><\/a><\/p>\n<p style=\"text-align: justify;\"><a href=\"https:\/\/www.portalalerta.com.br\/index.php\/2020\/05\/27\/saiba-como-esta-a-evolucao-do-covid-19-em-banzae-ba\/\"><strong>Banza\u00ea<\/strong><\/a><\/p>\n<p style=\"text-align: justify;\"><a href=\"https:\/\/www.portalalerta.com.br\/index.php\/2020\/05\/25\/saiba-como-esta-a-evolucao-do-covid-19-em-cicero-dantas-ba\/\"><strong>C\u00edcero Dantas<\/strong><\/a><\/p>\n<p style=\"text-align: justify;\"><a href=\"https:\/\/www.portalalerta.com.br\/index.php\/2020\/05\/29\/saiba-como-esta-a-evolucao-do-covid-19-em-cipo-ba\/\"><strong>Cip\u00f3<\/strong><\/a><\/p>\n<p style=\"text-align: justify;\"><a href=\"https:\/\/www.portalalerta.com.br\/index.php\/2020\/05\/27\/saiba-como-esta-a-evolucao-do-covid-19-em-crisopolis-ba\/\"><strong>Cris\u00f3polis<\/strong><\/a><\/p>\n<p style=\"text-align: justify;\"><a href=\"https:\/\/www.portalalerta.com.br\/index.php\/2020\/05\/27\/saiba-como-esta-a-evolucao-do-covid-19-em-euclides-da-cunha-ba\/\"><strong>Euclides da Cunha<\/strong><\/a><\/p>\n<p style=\"text-align: justify;\"><a href=\"https:\/\/www.portalalerta.com.br\/index.php\/2020\/05\/31\/saiba-como-esta-a-evolucao-do-covid-19-em-fatima-ba\/\"><strong>F\u00e1tima<\/strong><\/a><\/p>\n<p style=\"text-align: justify;\"><a href=\"https:\/\/www.portalalerta.com.br\/index.php\/2020\/06\/22\/saiba-como-esta-a-evolucao-do-covid-19-em-heliopolis-ba\/\"><strong>Heli\u00f3polis<\/strong><\/a><\/p>\n<p style=\"text-align: justify;\"><a href=\"https:\/\/www.portalalerta.com.br\/index.php\/2020\/05\/25\/saiba-como-esta-a-evolucao-do-covid-19-em-itapicuru-ba\/\"><strong>Itapicuru<\/strong><\/a><\/p>\n<p style=\"text-align: justify;\"><a href=\"https:\/\/www.portalalerta.com.br\/index.php\/2020\/05\/30\/saiba-como-esta-a-evolucao-do-covid-19-em-jeremoabo-ba\/\"><strong>Jeremoabo<\/strong><\/a><\/p>\n<p style=\"text-align: justify;\"><a href=\"https:\/\/www.portalalerta.com.br\/index.php\/2020\/05\/30\/saiba-como-esta-a-evolucao-do-covid-19-em-nova-soure-ba\/\"><strong>Nova Soure<\/strong><\/a><\/p>\n<p style=\"text-align: justify;\"><a href=\"https:\/\/www.portalalerta.com.br\/index.php\/2020\/05\/30\/saiba-como-esta-a-evolucao-do-covid-19-em-novo-triunfo-ba\/\"><strong>Novo Triunfo<\/strong><\/a><\/p>\n<p style=\"text-align: justify;\"><a href=\"https:\/\/www.portalalerta.com.br\/index.php\/2020\/05\/30\/saiba-como-esta-a-evolucao-do-covid-19-em-olindina-ba\/\"><strong>Olindina<\/strong><\/a><\/p>\n<p style=\"text-align: justify;\"><a href=\"https:\/\/www.portalalerta.com.br\/index.php\/2020\/05\/26\/saiba-como-esta-a-evolucao-do-covid-19-em-paripiranga-ba\/\"><strong>Paripiranga<\/strong><\/a><\/p>\n<p style=\"text-align: justify;\"><a href=\"https:\/\/www.portalalerta.com.br\/index.php\/2020\/06\/15\/saiba-como-esta-a-evolucao-do-covid-19-em-quijingue-ba\/\"><strong>Quijingue\u00a0<\/strong><\/a><\/p>\n<p style=\"text-align: justify;\"><a href=\"https:\/\/www.portalalerta.com.br\/index.php\/2020\/05\/29\/saiba-como-esta-a-evolucao-do-covid-19-em-ribeira-do-amparo-ba\/\"><strong>Ribeira do Amparo<\/strong><\/a><\/p>\n<p style=\"text-align: justify;\"><a href=\"https:\/\/www.portalalerta.com.br\/index.php\/2020\/05\/26\/saiba-como-esta-a-evolucao-do-covid-19-em-ribeira-do-pombal-ba\/\"><strong>Ribeira do Pombal<\/strong><\/a><\/p>\n<p style=\"text-align: justify;\"><a href=\"https:\/\/www.portalalerta.com.br\/index.php\/2020\/06\/08\/saiba-como-esta-a-evolucao-do-covid-19-em-sitio-do-quinto-ba\/\"><strong>S\u00edtio do Quinto\u00a0<\/strong><\/a><\/p>\n<p style=\"text-align: justify;\"><a href=\"https:\/\/www.portalalerta.com.br\/index.php\/2020\/05\/27\/saiba-como-esta-a-evolucao-do-covid-19-em-tucano-ba\/\"><strong>Tucano<\/strong><\/a><\/p>\n<p style=\"text-align: justify;\"><em>Reda\u00e7\u00e3o: Portal Alerta<\/em><\/p>\n<p style=\"text-align: justify;\"><strong><em>#fiqueemcasa<\/em><\/strong><\/p>\n<p style=\"text-align: justify;\"><strong><em>#usemascaras<\/em><\/strong><\/p>\n","protected":false},"excerpt":{"rendered":"<p>Os n\u00fameros relacionados \u00e0 novos registros da Covid-19 (Coronav\u00edrus), ca\u00edram pela primeira vez desde o in\u00edcio da pandemia nos 21 munic\u00edpios da regi\u00e3o, analisados pelo PORTAL ALERTA.<\/p>\n","protected":false},"author":2,"featured_media":24888,"comment_status":"open","ping_status":"open","sticky":false,"template":"","format":"standard","meta":{"om_disable_all_campaigns":false,"_monsterinsights_skip_tracking":false,"_monsterinsights_sitenote_active":false,"_monsterinsights_sitenote_note":"","_monsterinsights_sitenote_category":0,"footnotes":""},"categories":[40,5,41,39,4,13,42,70,17,10,6,18,9,69,14,8,15,11,43,32,16,3,19,7,12],"tags":[100,71,48,49,75,45,3429,3486,46,3841,129,107,44,3724,132,230,608,3828,106,203,120,51,109,278,88,47,61,111,190],"class_list":["post-28625","post","type-post","status-publish","format-standard","has-post-thumbnail","hentry","category-adustina","category-antas","category-araci","category-banzae","category-cicero-dantas","category-cipo","category-crisopolis","category-destaques","category-euclides-da-cunha","category-fatima","category-heliopolis","category-itapicuru","category-jeremoabo","category-noticias2","category-nova-soure","category-novo-triunfo","category-olindina","category-paripiranga","category-quijingue","category-regiao","category-ribeira-do-amparo","category-ribeira-do-pombal","category-saude","category-sitio-do-quinto","category-tucano","tag-adustina","tag-antas","tag-araci","tag-banzae","tag-cicero-dantas","tag-cipo","tag-coronavirus","tag-covid-19","tag-crisopolis","tag-curados","tag-euclides-da-cunha","tag-fatima","tag-heliopolis","tag-infeccao","tag-itapicuru","tag-jeremoabo","tag-mortos","tag-noticias","tag-nova-soure","tag-novo-triunfo","tag-olindina","tag-paripiranga","tag-quijingue","tag-regiao","tag-ribeira-do-amparo","tag-ribeira-do-pombal","tag-saude","tag-sitio-do-quinto","tag-tucano"],"aioseo_notices":[],"_links":{"self":[{"href":"https:\/\/www.portalalerta.com.br\/index.php\/wp-json\/wp\/v2\/posts\/28625","targetHints":{"allow":["GET"]}}],"collection":[{"href":"https:\/\/www.portalalerta.com.br\/index.php\/wp-json\/wp\/v2\/posts"}],"about":[{"href":"https:\/\/www.portalalerta.com.br\/index.php\/wp-json\/wp\/v2\/types\/post"}],"author":[{"embeddable":true,"href":"https:\/\/www.portalalerta.com.br\/index.php\/wp-json\/wp\/v2\/users\/2"}],"replies":[{"embeddable":true,"href":"https:\/\/www.portalalerta.com.br\/index.php\/wp-json\/wp\/v2\/comments?post=28625"}],"version-history":[{"count":1,"href":"https:\/\/www.portalalerta.com.br\/index.php\/wp-json\/wp\/v2\/posts\/28625\/revisions"}],"predecessor-version":[{"id":28626,"href":"https:\/\/www.portalalerta.com.br\/index.php\/wp-json\/wp\/v2\/posts\/28625\/revisions\/28626"}],"wp:featuredmedia":[{"embeddable":true,"href":"https:\/\/www.portalalerta.com.br\/index.php\/wp-json\/wp\/v2\/media\/24888"}],"wp:attachment":[{"href":"https:\/\/www.portalalerta.com.br\/index.php\/wp-json\/wp\/v2\/media?parent=28625"}],"wp:term":[{"taxonomy":"category","embeddable":true,"href":"https:\/\/www.portalalerta.com.br\/index.php\/wp-json\/wp\/v2\/categories?post=28625"},{"taxonomy":"post_tag","embeddable":true,"href":"https:\/\/www.portalalerta.com.br\/index.php\/wp-json\/wp\/v2\/tags?post=28625"}],"curies":[{"name":"wp","href":"https:\/\/api.w.org\/{rel}","templated":true}]}}