{"id":28634,"date":"2020-08-18T11:45:50","date_gmt":"2020-08-18T14:45:50","guid":{"rendered":"https:\/\/www.portalalerta.com.br\/?p=28634"},"modified":"2020-08-18T11:45:50","modified_gmt":"2020-08-18T14:45:50","slug":"funcionarios-dos-correios-entram-em-greve-contra-privatizacao","status":"publish","type":"post","link":"https:\/\/www.portalalerta.com.br\/index.php\/2020\/08\/18\/funcionarios-dos-correios-entram-em-greve-contra-privatizacao\/","title":{"rendered":"Funcion\u00e1rios dos Correios entram em greve contra privatiza\u00e7\u00e3o"},"content":{"rendered":"<p style=\"text-align: justify;\">A Federa\u00e7\u00e3o Nacional dos Trabalhadores em Empresas dos Correios e Similares (Fentect) declarou greve em todo o pa\u00eds por tempo indeterminado a partir desta ter\u00e7a-feira (18). A categoria protesta contra os planos de privatiza\u00e7\u00e3o da empresa estatal elaborados pelo Minist\u00e9rio da Economia.<!--more--><\/p>\n<p style=\"text-align: justify;\">Al\u00e9m disso, os grevistas protestam contra o que chamam de &#8220;neglig\u00eancia com a sa\u00fade dos trabalhadores&#8221; durante a pandemia de coronav\u00edrus e contra a &#8220;retirada&#8221; de direitos trabalhistas. O an\u00fancio da greve foi feito na noite da \u00faltima segunda-feira (17).<\/p>\n<p style=\"text-align: justify;\">Segundo a Fentect, 100 mil trabalhadores dos Correios aderiram \u00e0 paralisa\u00e7\u00e3o desde a noite de segunda em locais onde h\u00e1 terceiro turno. A entidade diz que, junto aos sindicatos filiados, tenta desde julho dialogar com a dire\u00e7\u00e3o dos Correios, mas que foi &#8220;surpreendida desde o dia 1\u00ba de agosto com a revoga\u00e7\u00e3o do atual Acordo Coletivo que estaria em vig\u00eancia at\u00e9 2021&#8221;.<\/p>\n<p style=\"text-align: justify;\"><img fetchpriority=\"high\" decoding=\"async\" class=\"size-thumbnail wp-image-9394 alignleft\" src=\"https:\/\/www.portalalerta.com.br\/wp-content\/uploads\/2018\/07\/05elab-320x240.jpg\" alt=\"\" width=\"320\" height=\"240\" srcset=\"https:\/\/www.portalalerta.com.br\/wp-content\/uploads\/2018\/07\/05elab-320x240.jpg 320w, https:\/\/www.portalalerta.com.br\/wp-content\/uploads\/2018\/07\/05elab-195x146.jpg 195w, https:\/\/www.portalalerta.com.br\/wp-content\/uploads\/2018\/07\/05elab-50x38.jpg 50w, https:\/\/www.portalalerta.com.br\/wp-content\/uploads\/2018\/07\/05elab-100x75.jpg 100w, https:\/\/www.portalalerta.com.br\/wp-content\/uploads\/2018\/07\/05elab.jpg 400w\" sizes=\"(max-width: 320px) 100vw, 320px\" \/>Os grevistas dizem que foram retiradas 70 cl\u00e1usulas do acordo, entre elas trechos que estabeleciam 30% do adicional de risco, vale alimenta\u00e7\u00e3o, licen\u00e7a maternidade de 180 dias, aux\u00edlio creche, indeniza\u00e7\u00e3o de morte e aux\u00edlio para filhos com necessidades especiais.<\/p>\n<p style=\"text-align: justify;\">A entidade tamb\u00e9m diz que houve neglig\u00eancia por parte da dire\u00e7\u00e3o da estatal durante a pandemia, citando que &#8220;sindicatos tiveram que acionar a Justi\u00e7a para garantir equipamentos de seguran\u00e7a, \u00e1lcool em gel, testagem e afastamento dos grupos de risco&#8221;.<\/p>\n<p style=\"text-align: justify;\">O secret\u00e1rio geral da Fentect, Jos\u00e9 Rivaldo da Silva, culpa o governo do presidente Jair Bolsonaro pela precariza\u00e7\u00e3o das condi\u00e7\u00f5es de trabalho no que ele afirma ser uma tentativa de privatizar a empresa e &#8220;entregar os Correios para o capital estrangeiro&#8221;.<\/p>\n<p style=\"text-align: justify;\">&#8220;Somos respons\u00e1veis por um dos servi\u00e7os essenciais do pa\u00eds&#8221;, disse Jos\u00e9 Rivaldo, em nota. &#8220;Privatizar \u00e9 impedir que milhares de pessoas possam ter acesso a esse servi\u00e7o nos rinc\u00f5es desse pa\u00eds, de norte a sul, com custo muito inferior aos aplicados por outras empresas.&#8221;<\/p>\n<p style=\"text-align: justify;\">J\u00e1 os Correios dizem que &#8220;n\u00e3o pretendem suprimir direitos dos empregados&#8221;. A empresa diz, em nota \u00e0 imprensa, que &#8220;prop\u00f5e ajustes dos benef\u00edcios concedidos ao que est\u00e1 previsto na CLT e em outras legisla\u00e7\u00f5es, resguardando os vencimentos dos empregados&#8221;.<\/p>\n<p style=\"text-align: justify;\">A empresa tamb\u00e9m nega qualquer neglig\u00eancia. &#8220;No momento em que pessoas e empresas mais contam com seus servi\u00e7os, a estatal tem conseguido responder \u00e0 demanda, conciliando a seguran\u00e7a dos seus empregados com a manuten\u00e7\u00e3o das suas atividades comerciais, movimentando a economia nacional.&#8221;<\/p>\n<p style=\"text-align: justify;\">A estatal n\u00e3o comentou os planos de privatiza\u00e7\u00e3o, discutidos j\u00e1 publicamente por Bolsonaro e pelo ministro da Economia, Paulo Guedes, e o ex-secret\u00e1rio de privatiza\u00e7\u00f5es, Salim Mattar \u2013 que deixou o governo na \u00faltima semana criticando os entraves burocr\u00e1ticos para a venda de empresas estatais.<\/p>\n<p style=\"text-align: justify;\">Os Correios dizem, por\u00e9m, que tiveram que &#8220;repensar a concess\u00e3o de benef\u00edcios que extrapolem a pr\u00e1tica de mercado e a legisla\u00e7\u00e3o vigente&#8221; visando &#8220;zelar pelo reequil\u00edbrio do caixa financeiro da empresa&#8221;.<\/p>\n<p style=\"text-align: justify;\">&#8220;A diminui\u00e7\u00e3o de despesas prevista com as medidas de conten\u00e7\u00e3o em pauta \u00e9 da ordem de R$ 600 milh\u00f5es anuais. As reivindica\u00e7\u00f5es da Fentect, por sua vez, custariam aos cofres dos Correios quase R$ 1 bilh\u00e3o no mesmo per\u00edodo &#8211; dez vezes o lucro obtido em 2019. Trata-se de uma proposta imposs\u00edvel de ser atendida&#8221;, declarou a empresa em nota.<\/p>\n<p style=\"text-align: justify;\"><em>Fonte: Yahoo Not\u00edcias<\/em><\/p>\n","protected":false},"excerpt":{"rendered":"<p>A Federa\u00e7\u00e3o Nacional dos Trabalhadores em Empresas dos Correios e Similares (Fentect) declarou greve em todo o pa\u00eds por tempo indeterminado a partir desta ter\u00e7a-feira (18). A categoria protesta contra os planos de privatiza\u00e7\u00e3o da empresa estatal elaborados pelo Minist\u00e9rio da Economia.<\/p>\n","protected":false},"author":2,"featured_media":19394,"comment_status":"open","ping_status":"open","sticky":false,"template":"","format":"standard","meta":{"om_disable_all_campaigns":false,"_monsterinsights_skip_tracking":false,"_monsterinsights_sitenote_active":false,"_monsterinsights_sitenote_note":"","_monsterinsights_sitenote_category":0,"footnotes":""},"categories":[34,70,69,21],"tags":[100,71,48,49,93,75,45,1035,46,129,107,349,44,132,230,3828,106,203,120,51,415,109,88,47,111,190],"class_list":["post-28634","post","type-post","status-publish","format-standard","has-post-thumbnail","hentry","category-brasil","category-destaques","category-noticias2","category-politica","tag-adustina","tag-antas","tag-araci","tag-banzae","tag-brasil","tag-cicero-dantas","tag-cipo","tag-correios","tag-crisopolis","tag-euclides-da-cunha","tag-fatima","tag-greve","tag-heliopolis","tag-itapicuru","tag-jeremoabo","tag-noticias","tag-nova-soure","tag-novo-triunfo","tag-olindina","tag-paripiranga","tag-privatizacao","tag-quijingue","tag-ribeira-do-amparo","tag-ribeira-do-pombal","tag-sitio-do-quinto","tag-tucano"],"aioseo_notices":[],"_links":{"self":[{"href":"https:\/\/www.portalalerta.com.br\/index.php\/wp-json\/wp\/v2\/posts\/28634","targetHints":{"allow":["GET"]}}],"collection":[{"href":"https:\/\/www.portalalerta.com.br\/index.php\/wp-json\/wp\/v2\/posts"}],"about":[{"href":"https:\/\/www.portalalerta.com.br\/index.php\/wp-json\/wp\/v2\/types\/post"}],"author":[{"embeddable":true,"href":"https:\/\/www.portalalerta.com.br\/index.php\/wp-json\/wp\/v2\/users\/2"}],"replies":[{"embeddable":true,"href":"https:\/\/www.portalalerta.com.br\/index.php\/wp-json\/wp\/v2\/comments?post=28634"}],"version-history":[{"count":1,"href":"https:\/\/www.portalalerta.com.br\/index.php\/wp-json\/wp\/v2\/posts\/28634\/revisions"}],"predecessor-version":[{"id":28635,"href":"https:\/\/www.portalalerta.com.br\/index.php\/wp-json\/wp\/v2\/posts\/28634\/revisions\/28635"}],"wp:featuredmedia":[{"embeddable":true,"href":"https:\/\/www.portalalerta.com.br\/index.php\/wp-json\/wp\/v2\/media\/19394"}],"wp:attachment":[{"href":"https:\/\/www.portalalerta.com.br\/index.php\/wp-json\/wp\/v2\/media?parent=28634"}],"wp:term":[{"taxonomy":"category","embeddable":true,"href":"https:\/\/www.portalalerta.com.br\/index.php\/wp-json\/wp\/v2\/categories?post=28634"},{"taxonomy":"post_tag","embeddable":true,"href":"https:\/\/www.portalalerta.com.br\/index.php\/wp-json\/wp\/v2\/tags?post=28634"}],"curies":[{"name":"wp","href":"https:\/\/api.w.org\/{rel}","templated":true}]}}