{"id":28636,"date":"2020-08-18T11:56:18","date_gmt":"2020-08-18T14:56:18","guid":{"rendered":"https:\/\/www.portalalerta.com.br\/?p=28636"},"modified":"2020-08-18T11:56:18","modified_gmt":"2020-08-18T14:56:18","slug":"tio-suspeito-de-estuprar-e-engravidar-menina-de-10-anos-e-preso-diz-governador-do-es","status":"publish","type":"post","link":"https:\/\/www.portalalerta.com.br\/index.php\/2020\/08\/18\/tio-suspeito-de-estuprar-e-engravidar-menina-de-10-anos-e-preso-diz-governador-do-es\/","title":{"rendered":"Tio suspeito de estuprar e engravidar menina de 10 anos \u00e9 preso, diz governador do ES"},"content":{"rendered":"<p style=\"text-align: justify;\">Foi preso nessa ter\u00e7a-feira (18) o tio suspeito de estuprar a sobrinha de 10 anos que acabou engravidando e, posteriormente, realizando a\u00a0<a href=\"https:\/\/www.portalalerta.com.br\/index.php\/2020\/08\/17\/menina-de-10-anos-estuprada-pelo-tio-tem-gestacao-interrompida-em-hospital\/\"><strong>interrup\u00e7\u00e3o da gravidez ap\u00f3s autoriza\u00e7\u00e3o da Justi\u00e7a<\/strong><\/a>. O caso ganhou repercuss\u00e3o nacional durante o final de semanal e reacendeu o debate sobre o aborto.<!--more--><\/p>\n<p style=\"text-align: justify;\">O an\u00fancio da pris\u00e3o do homem que estava foragido foi feito pelo governador do Esp\u00edrito Santo, onde a menina vivia com a fam\u00edlia, Renato Casagrande (PSB).<\/p>\n<p style=\"text-align: justify;\">O tio da menina foi indiciado por estupro de vulner\u00e1vel e amea\u00e7a. De acordo com a TV Globo, ele j\u00e1 esteve preso por tr\u00e1fico de drogas. O homem foi preso em Betim (MG) e deve ficar preso em pres\u00eddio na capital capixaba.<\/p>\n<p style=\"text-align: justify;\">\u201cA nossa pol\u00edcia efetuou nesta madrugada a pris\u00e3o do estuprador da menina violentada no interior do ES. Que sirva de li\u00e7\u00e3o para quem insiste em praticar um crime brutal, cruel e inaceit\u00e1vel dessa natureza. Detalhes da opera\u00e7\u00e3o ser\u00e3o repassada pela equipe seguran\u00e7a ainda hoje&#8221;, escreveu em uma rede social.<\/p>\n<p style=\"text-align: justify;\"><img fetchpriority=\"high\" decoding=\"async\" class=\"size-thumbnail wp-image-4869 aligncenter\" src=\"https:\/\/www.portalalerta.com.br\/wp-content\/uploads\/2018\/02\/Auto-Escola-Nobre-720x181.jpg\" alt=\"\" width=\"720\" height=\"181\" srcset=\"https:\/\/www.portalalerta.com.br\/wp-content\/uploads\/2018\/02\/Auto-Escola-Nobre.jpg 720w, https:\/\/www.portalalerta.com.br\/wp-content\/uploads\/2018\/02\/Auto-Escola-Nobre-260x65.jpg 260w, https:\/\/www.portalalerta.com.br\/wp-content\/uploads\/2018\/02\/Auto-Escola-Nobre-50x13.jpg 50w, https:\/\/www.portalalerta.com.br\/wp-content\/uploads\/2018\/02\/Auto-Escola-Nobre-150x38.jpg 150w\" sizes=\"(max-width: 720px) 100vw, 720px\" \/>A nossa pol\u00edcia efetuou nesta madrugada a pris\u00e3o do estuprador da menina violentadano no interior do ES. Que sirva de li\u00e7\u00e3o para quem insiste em praticar um crime brutal, cruel e inaceit\u00e1vel dessa natureza. Detalhes da opera\u00e7\u00e3o ser\u00e3o repassada pela equipe seguran\u00e7a ainda hoje.<\/p>\n<p style=\"text-align: justify;\">A crian\u00e7a passou por um procedimento e interrompeu a gesta\u00e7\u00e3o em Recife (PE) nesta segunda (17). De acordo com o hospital respons\u00e1vel, a menina passa bem.<\/p>\n<p style=\"text-align: justify;\"><strong>Entenda o caso<\/strong><\/p>\n<p style=\"text-align: justify;\">Ap\u00f3s relatar que era abusada pela tio desde os seis anos de idade, a crian\u00e7a conseguiu na Justi\u00e7a uma autoriza\u00e7\u00e3o para realizar o aborto que, nessas circunst\u00e2ncias, \u00e9 previsto por lei.<\/p>\n<p style=\"text-align: justify;\">Acompanhada de parentes, a menina, que estava gr\u00e1vida de cinco meses, embarcou no domingo (16) de Vit\u00f3ria para Recife. De acordo com o governo do Esp\u00edrito Santo, ela foi para um estado que tem protocolo m\u00e9dico mais espec\u00edfico para interrup\u00e7\u00e3o de gravidez.<\/p>\n<p style=\"text-align: justify;\">A gravidez foi revelada no dia 7 de agosto quando a menina foi ao hospital, na cidade de S\u00e3o Mateus, se queixando de dores abominais. De acordo com informa\u00e7\u00f5es da TV Globo foi no hospital que a menina contou que era estuprada pelo pr\u00f3prio tio desde que tinha seis anos.<\/p>\n<p style=\"text-align: justify;\">Na sexta-feira (14), o juiz Ant\u00f4nio Moreira Fernandes atendeu a um pedido do Minist\u00e9rio P\u00fablico, favor\u00e1vel \u00e0 interrup\u00e7\u00e3o da gravidez. Na decis\u00e3o, consta &#8220;que \u00e9 leg\u00edtimo e legal o aborto acima de 20-22 semanas nos casos de gravidez decorrente de estupro, risco \u00e0 vida da mulher e anencefalia fetal&#8221;.<\/p>\n<p style=\"text-align: justify;\">J\u00e1 na capital pernambucana, a menina conseguiu realizar o processo com seguran\u00e7a, conforme explicou obstetra Olimpio Moraes Filho, diretor do Cisam (Centro Integrado de Sa\u00fade Amaury de Medeiros).<\/p>\n<p style=\"text-align: justify;\">Houve protestos de um grupo de religiosos contra a realiza\u00e7\u00e3o do aborto. Cat\u00f3licos e Evang\u00e9licos chegaram a fazer um cord\u00e3o em volta do hospital, fato que gerou revolta nas redes sociais e motivou at\u00e9\u00a0a\u00e7\u00f5es contra o grupo envolvido, que contava com parlamentares pernambucanos.<\/p>\n<p style=\"text-align: justify;\">A extremista\u00a0Sara Winter, revelou dados da menina abusada, e \u00e9 acusada de ter cometido crimes de acordo com o ECA (Estatuto da Crian\u00e7a e do Adolescente) e com C\u00f3digo Penal.<\/p>\n<p style=\"text-align: justify;\"><em>Fonte: Yahoo Not\u00edcias<\/em><\/p>\n","protected":false},"excerpt":{"rendered":"<p>Foi preso nessa ter\u00e7a-feira (18) o tio suspeito de estuprar a sobrinha de 10 anos que acabou engravidando e, posteriormente, realizando a\u00a0interrup\u00e7\u00e3o da gravidez ap\u00f3s autoriza\u00e7\u00e3o da Justi\u00e7a. O caso ganhou repercuss\u00e3o nacional durante o final de semanal e reacendeu o debate sobre o aborto.<\/p>\n","protected":false},"author":2,"featured_media":24323,"comment_status":"open","ping_status":"open","sticky":false,"template":"","format":"standard","meta":{"om_disable_all_campaigns":false,"_monsterinsights_skip_tracking":false,"_monsterinsights_sitenote_active":false,"_monsterinsights_sitenote_note":"","_monsterinsights_sitenote_category":0,"footnotes":""},"categories":[34,70,69,22],"tags":[93,1349,438,77],"class_list":["post-28636","post","type-post","status-publish","format-standard","has-post-thumbnail","hentry","category-brasil","category-destaques","category-noticias2","category-seguranca","tag-brasil","tag-espirito-santo","tag-estupro-de-vulneravel","tag-preso"],"aioseo_notices":[],"_links":{"self":[{"href":"https:\/\/www.portalalerta.com.br\/index.php\/wp-json\/wp\/v2\/posts\/28636","targetHints":{"allow":["GET"]}}],"collection":[{"href":"https:\/\/www.portalalerta.com.br\/index.php\/wp-json\/wp\/v2\/posts"}],"about":[{"href":"https:\/\/www.portalalerta.com.br\/index.php\/wp-json\/wp\/v2\/types\/post"}],"author":[{"embeddable":true,"href":"https:\/\/www.portalalerta.com.br\/index.php\/wp-json\/wp\/v2\/users\/2"}],"replies":[{"embeddable":true,"href":"https:\/\/www.portalalerta.com.br\/index.php\/wp-json\/wp\/v2\/comments?post=28636"}],"version-history":[{"count":1,"href":"https:\/\/www.portalalerta.com.br\/index.php\/wp-json\/wp\/v2\/posts\/28636\/revisions"}],"predecessor-version":[{"id":28637,"href":"https:\/\/www.portalalerta.com.br\/index.php\/wp-json\/wp\/v2\/posts\/28636\/revisions\/28637"}],"wp:featuredmedia":[{"embeddable":true,"href":"https:\/\/www.portalalerta.com.br\/index.php\/wp-json\/wp\/v2\/media\/24323"}],"wp:attachment":[{"href":"https:\/\/www.portalalerta.com.br\/index.php\/wp-json\/wp\/v2\/media?parent=28636"}],"wp:term":[{"taxonomy":"category","embeddable":true,"href":"https:\/\/www.portalalerta.com.br\/index.php\/wp-json\/wp\/v2\/categories?post=28636"},{"taxonomy":"post_tag","embeddable":true,"href":"https:\/\/www.portalalerta.com.br\/index.php\/wp-json\/wp\/v2\/tags?post=28636"}],"curies":[{"name":"wp","href":"https:\/\/api.w.org\/{rel}","templated":true}]}}