{"id":28641,"date":"2020-08-18T17:13:33","date_gmt":"2020-08-18T20:13:33","guid":{"rendered":"https:\/\/www.portalalerta.com.br\/?p=28641"},"modified":"2020-08-18T17:13:33","modified_gmt":"2020-08-18T20:13:33","slug":"acusado-de-estuprar-menina-de-10-anos-no-es-aponta-outros-dois-parentes-como-suspeitos","status":"publish","type":"post","link":"https:\/\/www.portalalerta.com.br\/index.php\/2020\/08\/18\/acusado-de-estuprar-menina-de-10-anos-no-es-aponta-outros-dois-parentes-como-suspeitos\/","title":{"rendered":"Acusado de estuprar menina de 10 anos no ES aponta outros dois parentes como suspeitos"},"content":{"rendered":"<p style=\"text-align: justify;\">O\u00a0homem acusado de estuprar\u00a0uma menina de 10 anos em S\u00e3o Mateus (ES), que foi preso na madrugada desta ter\u00e7a-feira em Betim (MG), confessou &#8220;informalmente&#8221; o crime \u00e0 pol\u00edcia, informou \u00e0 reportagem o superintendente da Pol\u00edcia Regional Norte do ES, \u00cdcaro Ruginsk.<!--more--><\/p>\n<p style=\"text-align: justify;\">Ele est\u00e1 a caminho de Vit\u00f3ria, onde prestar\u00e1 depoimento. A crian\u00e7a, que realizou um procedimento abortivo na \u00faltima segunda-feira e tem quadro est\u00e1vel, relatou que o tio, de 33 anos, a abusava desde que ela tinha seis anos.<\/p>\n<p style=\"text-align: justify;\">A pol\u00edcia tamb\u00e9m confirmou a veracidade de um v\u00eddeo que circula nas redes sociais no qual o acusado, que ser\u00e1 indiciado por estupro com agravamento da pena pela gravidez, pede que o material gen\u00e9tico do feto, colhido pela Pol\u00edcia Cient\u00edfica de Pernambuco na \u00faltima segunda-feira, tamb\u00e9m seja comparado com o DNA do av\u00f4 da menina e de um outro tio, que morariam na mesma casa.<\/p>\n<p style=\"text-align: justify;\">A Pol\u00edcia Civil capixaba tamb\u00e9m informou \u00e0 reportagem que a investiga\u00e7\u00e3o ir\u00e1 transcorrer em sigilo.<\/p>\n<p style=\"text-align: justify;\">Fontes pr\u00f3ximas \u00e0 fam\u00edlia ouvidas pelo O Globo contaram que o acusado n\u00e3o \u00e9 tio de sangue da v\u00edtima, mas companheiro da tia da menina, e teria uma filha &#8220;de cinco ou seis anos&#8221; que moraria na mesma casa que a crian\u00e7a abusada em S\u00e3o Mateus.<\/p>\n<div data-mvc-banner=\"leaderboard\"><\/div>\n<p><script type=\"text\/javascript\"> (function(storeName) { var b = document.createElement('script'); b.type = 'text\/javascript'; b.async = true; b.src = 'https:\/\/www.magazinevoce.com.br\/js\/banner.js?store='+ storeName; var s = document.getElementsByTagName('script')[0]; s.parentNode.insertBefore(b, s); })('Nvscosta'); <\/script><\/p>\n<p>Uma coletiva sobre o caso ser\u00e1 conduzida pela Pol\u00edcia Civil em Vit\u00f3ria na tarde desta ter\u00e7a-feira. O destino final do acusado ainda n\u00e3o foi determinado. Segundo a corpora\u00e7\u00e3o, ele foi encontrado a partir do trabalho de Intelig\u00eancia da pol\u00edcia. Antes de fugir para Betim, ele teria passado pela Bahia, de onde conseguiu fugir. Em Minas Gerais, ele pr\u00f3prio procurou as autoridades para se entregar.<\/p>\n<p style=\"text-align: justify;\">De acordo com a Secretaria de Justi\u00e7a do Esp\u00edrito Santo, o acusado cumpria regime semiaberto h\u00e1 tr\u00eas anos, depois de ser condenado por tr\u00e1fico de drogas em 2013. Os abusos teriam ocorrido durante este per\u00edodo, quando ele retornava \u00e0 pris\u00e3o durante a noite para dormir.<\/p>\n<h2 style=\"text-align: justify;\">Entenda o caso<\/h2>\n<p style=\"text-align: justify;\">Ap\u00f3s relatar que era abusada pela tio desde os seis anos de idade, a crian\u00e7a conseguiu na Justi\u00e7a uma autoriza\u00e7\u00e3o para realizar o aborto que, nessas circunst\u00e2ncias, \u00e9 previsto por lei.<\/p>\n<p style=\"text-align: justify;\">Acompanhada de parentes, a menina, que estava gr\u00e1vida de cinco meses, embarcou no domingo (16) de Vit\u00f3ria para Recife. De acordo com o governo do Esp\u00edrito Santo, ela foi para um estado que tem protocolo m\u00e9dico mais espec\u00edfico para interrup\u00e7\u00e3o de gravidez.<\/p>\n<p style=\"text-align: justify;\">A gravidez foi revelada no dia 7 de agosto quando a menina foi ao hospital, na cidade de S\u00e3o Mateus, se queixando de dores abominais. De acordo com informa\u00e7\u00f5es da TV Globo foi no hospital que a menina contou que era estuprada pelo pr\u00f3prio tio desde que tinha seis anos.<\/p>\n<p style=\"text-align: justify;\">Na sexta-feira (14), o juiz Ant\u00f4nio Moreira Fernandes atendeu a um pedido do Minist\u00e9rio P\u00fablico, favor\u00e1vel \u00e0 interrup\u00e7\u00e3o da gravidez. Na decis\u00e3o, consta &#8220;que \u00e9 leg\u00edtimo e legal o aborto acima de 20-22 semanas nos casos de gravidez decorrente de estupro, risco \u00e0 vida da mulher e anencefalia fetal&#8221;.<\/p>\n<p style=\"text-align: justify;\">J\u00e1 na capital pernambucana, a menina conseguiu realizar o processo com seguran\u00e7a, conforme explicou obstetra Olimpio Moraes Filho, diretor do Cisam (Centro Integrado de Sa\u00fade Amaury de Medeiros).<\/p>\n<p style=\"text-align: justify;\">Houve protestos de um grupo de religiosos contra a realiza\u00e7\u00e3o do aborto. Cat\u00f3licos e Evang\u00e9licos chegaram a fazer um cord\u00e3o em volta do hospital, fato que gerou revolta nas redes sociais e motivou at\u00e9\u00a0a\u00e7\u00f5es contra o grupo envolvido, que contava com parlamentares pernambucanos.<\/p>\n<p style=\"text-align: justify;\">A extremista\u00a0Sara Winter, revelou dados da menina abusada, e \u00e9 acusada de ter cometido crimes de acordo com o ECA (Estatuto da Crian\u00e7a e do Adolescente) e com C\u00f3digo Penal.<\/p>\n<p style=\"text-align: justify;\"><em>Fonte: Yahoo Not\u00edcias<\/em><\/p>\n","protected":false},"excerpt":{"rendered":"<p>O\u00a0homem acusado de estuprar\u00a0uma menina de 10 anos em S\u00e3o Mateus (ES), que foi preso na madrugada desta ter\u00e7a-feira em Betim (MG), confessou &#8220;informalmente&#8221; o crime \u00e0 pol\u00edcia, informou \u00e0 reportagem o superintendente da Pol\u00edcia Regional Norte do ES, \u00cdcaro Ruginsk.<\/p>\n","protected":false},"author":2,"featured_media":28642,"comment_status":"open","ping_status":"open","sticky":false,"template":"","format":"standard","meta":{"om_disable_all_campaigns":false,"_monsterinsights_skip_tracking":false,"_monsterinsights_sitenote_active":false,"_monsterinsights_sitenote_note":"","_monsterinsights_sitenote_category":0,"footnotes":""},"categories":[34,70,69,22],"tags":[2171,100,71,48,49,93,75,45,46,1349,438,129,107,44,132,230,3828,106,203,120,51,122,77,109,88,47,111,190],"class_list":["post-28641","post","type-post","status-publish","format-standard","has-post-thumbnail","hentry","category-brasil","category-destaques","category-noticias2","category-seguranca","tag-acusacao","tag-adustina","tag-antas","tag-araci","tag-banzae","tag-brasil","tag-cicero-dantas","tag-cipo","tag-crisopolis","tag-espirito-santo","tag-estupro-de-vulneravel","tag-euclides-da-cunha","tag-fatima","tag-heliopolis","tag-itapicuru","tag-jeremoabo","tag-noticias","tag-nova-soure","tag-novo-triunfo","tag-olindina","tag-paripiranga","tag-policia-civil","tag-preso","tag-quijingue","tag-ribeira-do-amparo","tag-ribeira-do-pombal","tag-sitio-do-quinto","tag-tucano"],"aioseo_notices":[],"_links":{"self":[{"href":"https:\/\/www.portalalerta.com.br\/index.php\/wp-json\/wp\/v2\/posts\/28641","targetHints":{"allow":["GET"]}}],"collection":[{"href":"https:\/\/www.portalalerta.com.br\/index.php\/wp-json\/wp\/v2\/posts"}],"about":[{"href":"https:\/\/www.portalalerta.com.br\/index.php\/wp-json\/wp\/v2\/types\/post"}],"author":[{"embeddable":true,"href":"https:\/\/www.portalalerta.com.br\/index.php\/wp-json\/wp\/v2\/users\/2"}],"replies":[{"embeddable":true,"href":"https:\/\/www.portalalerta.com.br\/index.php\/wp-json\/wp\/v2\/comments?post=28641"}],"version-history":[{"count":1,"href":"https:\/\/www.portalalerta.com.br\/index.php\/wp-json\/wp\/v2\/posts\/28641\/revisions"}],"predecessor-version":[{"id":28643,"href":"https:\/\/www.portalalerta.com.br\/index.php\/wp-json\/wp\/v2\/posts\/28641\/revisions\/28643"}],"wp:featuredmedia":[{"embeddable":true,"href":"https:\/\/www.portalalerta.com.br\/index.php\/wp-json\/wp\/v2\/media\/28642"}],"wp:attachment":[{"href":"https:\/\/www.portalalerta.com.br\/index.php\/wp-json\/wp\/v2\/media?parent=28641"}],"wp:term":[{"taxonomy":"category","embeddable":true,"href":"https:\/\/www.portalalerta.com.br\/index.php\/wp-json\/wp\/v2\/categories?post=28641"},{"taxonomy":"post_tag","embeddable":true,"href":"https:\/\/www.portalalerta.com.br\/index.php\/wp-json\/wp\/v2\/tags?post=28641"}],"curies":[{"name":"wp","href":"https:\/\/api.w.org\/{rel}","templated":true}]}}