{"id":28644,"date":"2020-08-18T17:29:14","date_gmt":"2020-08-18T20:29:14","guid":{"rendered":"https:\/\/www.portalalerta.com.br\/?p=28644"},"modified":"2020-08-18T17:33:48","modified_gmt":"2020-08-18T20:33:48","slug":"recurso-do-ex-prefeito-de-ribeira-do-pombal-ba-ze-grilo-ja-esta-no-tj","status":"publish","type":"post","link":"https:\/\/www.portalalerta.com.br\/index.php\/2020\/08\/18\/recurso-do-ex-prefeito-de-ribeira-do-pombal-ba-ze-grilo-ja-esta-no-tj\/","title":{"rendered":"Recurso do ex-prefeito de Ribeira do Pombal-BA, Z\u00e9 Grilo, j\u00e1 est\u00e1 no TJ"},"content":{"rendered":"<p style=\"text-align: justify;\">Na segunda-feira, 17 de agosto 2020, o ex-prefeito de Ribeira do Pombal, Z\u00e9 Grilo, protocolou um &#8220;Agravo de Instrumento&#8221; no Tribunal de Justi\u00e7a da Bahia contra a C\u00e2mara de Vereadores que rejeitou suas contas 2012, tornando ineleg\u00edvel.<!--more--><\/p>\n<p style=\"text-align: justify;\"><img fetchpriority=\"high\" decoding=\"async\" class=\"size-thumbnail wp-image-9394 alignleft\" src=\"https:\/\/www.portalalerta.com.br\/wp-content\/uploads\/2018\/07\/05elab-320x240.jpg\" alt=\"\" width=\"320\" height=\"240\" srcset=\"https:\/\/www.portalalerta.com.br\/wp-content\/uploads\/2018\/07\/05elab-320x240.jpg 320w, https:\/\/www.portalalerta.com.br\/wp-content\/uploads\/2018\/07\/05elab-195x146.jpg 195w, https:\/\/www.portalalerta.com.br\/wp-content\/uploads\/2018\/07\/05elab-50x38.jpg 50w, https:\/\/www.portalalerta.com.br\/wp-content\/uploads\/2018\/07\/05elab-100x75.jpg 100w, https:\/\/www.portalalerta.com.br\/wp-content\/uploads\/2018\/07\/05elab.jpg 400w\" sizes=\"(max-width: 320px) 100vw, 320px\" \/>Por sorteio a relatora ser\u00e1 a Regina Helena Ramos Reis, da Segunda C\u00e2mara Civel. Agora \u00e9 s\u00f3 aguardar a decis\u00e3o da magistrada. <a href=\"https:\/\/www.portalalerta.com.br\/index.php\/2020\/08\/11\/ribeira-do-pombal-ba-justica-nega-liminar-e-contas-do-ex-prefeito-ze-grilo-seguem-rejeitadas\/\"><strong>Na Comarca local a liminar foi negada<\/strong><\/a>.<\/p>\n<p style=\"text-align: justify;\"><em>Fonte: Joilson Costa\u00a0<\/em><\/p>\n","protected":false},"excerpt":{"rendered":"<p>Na segunda-feira, 17 de agosto 2020, o ex-prefeito de Ribeira do Pombal, Z\u00e9 Grilo, protocolou um &#8220;Agravo de Instrumento&#8221; no Tribunal de Justi\u00e7a da Bahia contra a C\u00e2mara de Vereadores que rejeitou suas contas 2012, tornando ineleg\u00edvel.<\/p>\n","protected":false},"author":2,"featured_media":28645,"comment_status":"open","ping_status":"open","sticky":false,"template":"","format":"standard","meta":{"om_disable_all_campaigns":false,"_monsterinsights_skip_tracking":false,"_monsterinsights_sitenote_active":false,"_monsterinsights_sitenote_note":"","_monsterinsights_sitenote_category":0,"footnotes":""},"categories":[70,69,21,32,3],"tags":[100,71,48,49,75,45,46,3215,129,134,107,44,132,230,3828,106,203,120,51,109,941,88,47,111,622,190,3259],"class_list":["post-28644","post","type-post","status-publish","format-standard","has-post-thumbnail","hentry","category-destaques","category-noticias2","category-politica","category-regiao","category-ribeira-do-pombal","tag-adustina","tag-antas","tag-araci","tag-banzae","tag-cicero-dantas","tag-cipo","tag-crisopolis","tag-eleicoes-2020","tag-euclides-da-cunha","tag-ex-prefeito","tag-fatima","tag-heliopolis","tag-itapicuru","tag-jeremoabo","tag-noticias","tag-nova-soure","tag-novo-triunfo","tag-olindina","tag-paripiranga","tag-quijingue","tag-recurso","tag-ribeira-do-amparo","tag-ribeira-do-pombal","tag-sitio-do-quinto","tag-tj-ba","tag-tucano","tag-ze-grilo"],"aioseo_notices":[],"_links":{"self":[{"href":"https:\/\/www.portalalerta.com.br\/index.php\/wp-json\/wp\/v2\/posts\/28644","targetHints":{"allow":["GET"]}}],"collection":[{"href":"https:\/\/www.portalalerta.com.br\/index.php\/wp-json\/wp\/v2\/posts"}],"about":[{"href":"https:\/\/www.portalalerta.com.br\/index.php\/wp-json\/wp\/v2\/types\/post"}],"author":[{"embeddable":true,"href":"https:\/\/www.portalalerta.com.br\/index.php\/wp-json\/wp\/v2\/users\/2"}],"replies":[{"embeddable":true,"href":"https:\/\/www.portalalerta.com.br\/index.php\/wp-json\/wp\/v2\/comments?post=28644"}],"version-history":[{"count":3,"href":"https:\/\/www.portalalerta.com.br\/index.php\/wp-json\/wp\/v2\/posts\/28644\/revisions"}],"predecessor-version":[{"id":28648,"href":"https:\/\/www.portalalerta.com.br\/index.php\/wp-json\/wp\/v2\/posts\/28644\/revisions\/28648"}],"wp:featuredmedia":[{"embeddable":true,"href":"https:\/\/www.portalalerta.com.br\/index.php\/wp-json\/wp\/v2\/media\/28645"}],"wp:attachment":[{"href":"https:\/\/www.portalalerta.com.br\/index.php\/wp-json\/wp\/v2\/media?parent=28644"}],"wp:term":[{"taxonomy":"category","embeddable":true,"href":"https:\/\/www.portalalerta.com.br\/index.php\/wp-json\/wp\/v2\/categories?post=28644"},{"taxonomy":"post_tag","embeddable":true,"href":"https:\/\/www.portalalerta.com.br\/index.php\/wp-json\/wp\/v2\/tags?post=28644"}],"curies":[{"name":"wp","href":"https:\/\/api.w.org\/{rel}","templated":true}]}}