{"id":28658,"date":"2020-08-18T21:06:09","date_gmt":"2020-08-19T00:06:09","guid":{"rendered":"https:\/\/www.portalalerta.com.br\/?p=28658"},"modified":"2020-08-18T21:06:09","modified_gmt":"2020-08-19T00:06:09","slug":"com-90-de-taxa-de-cura-da-covid-19-decreto-autoriza-a-reabertura-de-bares-e-restaurantes-em-ribeira-do-pombal-ba","status":"publish","type":"post","link":"https:\/\/www.portalalerta.com.br\/index.php\/2020\/08\/18\/com-90-de-taxa-de-cura-da-covid-19-decreto-autoriza-a-reabertura-de-bares-e-restaurantes-em-ribeira-do-pombal-ba\/","title":{"rendered":"Com 90% de taxa de cura da Covid-19, Decreto autoriza a reabertura de bares e restaurantes em Ribeira do Pombal-BA"},"content":{"rendered":"<p style=\"text-align: justify;\">O munic\u00edpio de Ribeira do Pombal-BA, atrav\u00e9s da Secretaria de Sa\u00fade, divulgou que mais tr\u00eas pessoas foram diagnosticadas com a Covid-19 (Coronav\u00edrus), e 38 foram curadas, nesta ter\u00e7a-feira, 18.<!--more--><\/p>\n<p style=\"text-align: justify;\">Desta forma o munic\u00edpio alcan\u00e7ou a marca de 560 infec\u00e7\u00f5es, sendo 48 ativos (8%), 503 curados (90%), e 09 mortes (2%).<\/p>\n<h2 style=\"text-align: justify;\">Fase 04 de reabertura do Com\u00e9rcio<\/h2>\n<p style=\"text-align: justify;\"><img fetchpriority=\"high\" decoding=\"async\" class=\"size-thumbnail wp-image-9394 alignleft\" src=\"https:\/\/www.portalalerta.com.br\/wp-content\/uploads\/2018\/07\/05elab-320x240.jpg\" alt=\"\" width=\"320\" height=\"240\" srcset=\"https:\/\/www.portalalerta.com.br\/wp-content\/uploads\/2018\/07\/05elab-320x240.jpg 320w, https:\/\/www.portalalerta.com.br\/wp-content\/uploads\/2018\/07\/05elab-195x146.jpg 195w, https:\/\/www.portalalerta.com.br\/wp-content\/uploads\/2018\/07\/05elab-50x38.jpg 50w, https:\/\/www.portalalerta.com.br\/wp-content\/uploads\/2018\/07\/05elab-100x75.jpg 100w, https:\/\/www.portalalerta.com.br\/wp-content\/uploads\/2018\/07\/05elab.jpg 400w\" sizes=\"(max-width: 320px) 100vw, 320px\" \/>Diante dos n\u00fameros, foi divulgado no mesmo dia, no Di\u00e1rio Oficial do Munic\u00edpio, o Decreto N\u00ba 059, em que institui a quarta fase da reabertura e funcionamento da Rede de Com\u00e9rcios e Servi\u00e7os. Nesta fase est\u00e1 liberada a abertura de Restaurantes, Lanchonetes, e bares, das 07:000hs \u00e0s 22:00hs, a partir da pr\u00f3xima segunda-feira, 24.<\/p>\n<p style=\"text-align: justify;\">Os estabelecimentos dever\u00e3o obedecer \u00e0s regras sanit\u00e1rias pr\u00e9-estabelecidas, al\u00e9m de solicitar a vistoria por parte da Vigil\u00e2ncia Sanit\u00e1ria. Al\u00e9m disso, dever\u00e3o ser observadas as seguintes regras: Ocupa\u00e7\u00e3o m\u00e1xima limitada a 01 pessoa por 4m\u00b2, incluindo funcion\u00e1rios e clientes; fica proibido o atendimento Serf Service; a quantidade de mesas dever\u00e1 ser reduzida, obedecendo o distanciamento m\u00ednimo de 02 metros, contados a partir da disposi\u00e7\u00e3o das cadeiras, com limite de quatro cadeiras por mesa; ap\u00f3s cada atendimento, mesas, cadeiras e demais produtos, dever\u00e3o ser higienizados; fica proibida a utiliza\u00e7\u00e3o de equipamentos sonoros, shows ao vivo ou carros de som nos estabelecimentos ou no seu entorno; todos os funcion\u00e1rios dever\u00e3o utilizar m\u00e1scaras de prote\u00e7\u00e3o, entre outras.<\/p>\n<p style=\"text-align: justify;\">Confira <a href=\"http:\/\/doem.org.br\/ba\/ribeiradopombal\/diarios\/previsualizar\/8OV6l5aG?filename=DOE-ba_ribeiradopombal-ed.1.329-ano.8.pdf&amp;_cb=20200818170536\"><strong>AQUI<\/strong><\/a> o decreto na \u00edntegra.<\/p>\n<p style=\"text-align: justify;\"><a href=\"https:\/\/www.portalalerta.com.br\/index.php\/2020\/05\/26\/saiba-como-esta-a-evolucao-do-covid-19-em-ribeira-do-pombal-ba\/\"><strong style=\"font-style: inherit;\">Clique aqui e saiba como est\u00e1 a evolu\u00e7\u00e3o do Covid-19 em Ribeira do Pombal-BA<\/strong><\/a><\/p>\n<p style=\"text-align: justify;\"><em style=\"font-weight: inherit;\">Reda\u00e7\u00e3o: Portal Alerta<\/em><\/p>\n<p style=\"text-align: justify;\"><em style=\"font-weight: inherit;\"><strong>#fiqueemcasa\u00a0\u00a0\u00a0\u00a0<\/strong><\/em><\/p>\n<p style=\"text-align: justify;\"><em style=\"font-weight: inherit;\"><strong>#usemascaras<\/strong><\/em><\/p>\n","protected":false},"excerpt":{"rendered":"<p>O munic\u00edpio de Ribeira do Pombal-BA, atrav\u00e9s da Secretaria de Sa\u00fade, divulgou que mais tr\u00eas pessoas foram diagnosticadas com a Covid-19 (Coronav\u00edrus), e 38 foram curadas, nesta ter\u00e7a-feira, 18.<\/p>\n","protected":false},"author":2,"featured_media":28659,"comment_status":"open","ping_status":"open","sticky":false,"template":"","format":"standard","meta":{"om_disable_all_campaigns":false,"_monsterinsights_skip_tracking":false,"_monsterinsights_sitenote_active":false,"_monsterinsights_sitenote_note":"","_monsterinsights_sitenote_category":0,"footnotes":""},"categories":[70,69,32,3,19],"tags":[100,71,48,49,1758,75,45,3429,3486,46,2991,129,107,44,132,230,3828,106,203,120,51,145,109,3805,3445,88,47,61,111,190],"class_list":["post-28658","post","type-post","status-publish","format-standard","has-post-thumbnail","hentry","category-destaques","category-noticias2","category-regiao","category-ribeira-do-pombal","category-saude","tag-adustina","tag-antas","tag-araci","tag-banzae","tag-bares","tag-cicero-dantas","tag-cipo","tag-coronavirus","tag-covid-19","tag-crisopolis","tag-decreto-municipal","tag-euclides-da-cunha","tag-fatima","tag-heliopolis","tag-itapicuru","tag-jeremoabo","tag-noticias","tag-nova-soure","tag-novo-triunfo","tag-olindina","tag-paripiranga","tag-prefeitura","tag-quijingue","tag-reabertura","tag-restaurante","tag-ribeira-do-amparo","tag-ribeira-do-pombal","tag-saude","tag-sitio-do-quinto","tag-tucano"],"aioseo_notices":[],"_links":{"self":[{"href":"https:\/\/www.portalalerta.com.br\/index.php\/wp-json\/wp\/v2\/posts\/28658","targetHints":{"allow":["GET"]}}],"collection":[{"href":"https:\/\/www.portalalerta.com.br\/index.php\/wp-json\/wp\/v2\/posts"}],"about":[{"href":"https:\/\/www.portalalerta.com.br\/index.php\/wp-json\/wp\/v2\/types\/post"}],"author":[{"embeddable":true,"href":"https:\/\/www.portalalerta.com.br\/index.php\/wp-json\/wp\/v2\/users\/2"}],"replies":[{"embeddable":true,"href":"https:\/\/www.portalalerta.com.br\/index.php\/wp-json\/wp\/v2\/comments?post=28658"}],"version-history":[{"count":1,"href":"https:\/\/www.portalalerta.com.br\/index.php\/wp-json\/wp\/v2\/posts\/28658\/revisions"}],"predecessor-version":[{"id":28660,"href":"https:\/\/www.portalalerta.com.br\/index.php\/wp-json\/wp\/v2\/posts\/28658\/revisions\/28660"}],"wp:featuredmedia":[{"embeddable":true,"href":"https:\/\/www.portalalerta.com.br\/index.php\/wp-json\/wp\/v2\/media\/28659"}],"wp:attachment":[{"href":"https:\/\/www.portalalerta.com.br\/index.php\/wp-json\/wp\/v2\/media?parent=28658"}],"wp:term":[{"taxonomy":"category","embeddable":true,"href":"https:\/\/www.portalalerta.com.br\/index.php\/wp-json\/wp\/v2\/categories?post=28658"},{"taxonomy":"post_tag","embeddable":true,"href":"https:\/\/www.portalalerta.com.br\/index.php\/wp-json\/wp\/v2\/tags?post=28658"}],"curies":[{"name":"wp","href":"https:\/\/api.w.org\/{rel}","templated":true}]}}