{"id":28666,"date":"2020-08-19T10:20:10","date_gmt":"2020-08-19T13:20:10","guid":{"rendered":"https:\/\/www.portalalerta.com.br\/?p=28666"},"modified":"2020-08-19T10:20:10","modified_gmt":"2020-08-19T13:20:10","slug":"nao-da-para-criar-novos-impostos-a-cada-crise-diz-maia","status":"publish","type":"post","link":"https:\/\/www.portalalerta.com.br\/index.php\/2020\/08\/19\/nao-da-para-criar-novos-impostos-a-cada-crise-diz-maia\/","title":{"rendered":"&#8216;N\u00e3o d\u00e1 para criar novos impostos a cada crise&#8217;, diz Maia"},"content":{"rendered":"<p style=\"text-align: justify;\">O presidente da C\u00e2mara, Rodrigo Maia (DEM-RJ), criticou nesta ter\u00e7a-feira (18) a possibilidade de aumento da carga tribut\u00e1ria no Brasil. Ele lembrou que o pa\u00eds n\u00e3o foi capaz de resolver os problemas da economia quando criou novos impostos e defendeu o retorno dos debates sobre as reformas que melhorem a qualidade do gasto p\u00fablico.<!--more--><\/p>\n<p style=\"text-align: justify;\"><img fetchpriority=\"high\" decoding=\"async\" class=\"size-thumbnail wp-image-28287 alignleft\" src=\"https:\/\/www.portalalerta.com.br\/wp-content\/uploads\/2020\/08\/Real-Juro-Zero-2020-240x240.jpg\" alt=\"\" width=\"240\" height=\"240\" \/>&#8220;N\u00e3o d\u00e1 para criar novos impostos a cada crise, a gente tem que olhar e voltar ao que est\u00e1vamos discutindo [equil\u00edbrio fiscal]. Pode ser mais f\u00e1cil abrir um espa\u00e7o fiscal no or\u00e7amento para aumentar o investimento p\u00fablico, mas isso \u00e9 um ciclo vicioso&#8221;, disse o deputado durante confer\u00eancia promovida pelo Banco Santander.<\/p>\n<p style=\"text-align: justify;\">A equipe do governo defende a cria\u00e7\u00e3o de um imposto sobre movimenta\u00e7\u00f5es financeiras. O ministro da Economia, Paulo Guedes, classificou como \u201cmaldade\u201d e \u201cignor\u00e2ncia\u201d chamar a tributa\u00e7\u00e3o que ele quer implementar de \u201cnova CPMF\u201d. Por\u00e9m, Maia argumentou que vai continuar \u201cachando que \u00e9 CPMF\u201d enquanto o governo n\u00e3o apresentar a proposta.<\/p>\n<p style=\"text-align: justify;\">&#8220;Vou trabalhar contra. Vou trabalhar para que ela seja, inclusive, derrotada j\u00e1 na CCJ (Comiss\u00e3o de Constitui\u00e7\u00e3o e Justi\u00e7a) para que o Brasil n\u00e3o entre nesse pesadelo de ficar criando imposto a cada crise. Vamos olhar o que deu certo no mundo e n\u00e3o vamos tentar criar o que a gente j\u00e1 fez de alguma forma&#8221;, afirmou.<\/p>\n<p style=\"text-align: justify;\"><em>Fonte: Metro1<\/em><\/p>\n","protected":false},"excerpt":{"rendered":"<p>O presidente da C\u00e2mara, Rodrigo Maia (DEM-RJ), criticou nesta ter\u00e7a-feira (18) a possibilidade de aumento da carga tribut\u00e1ria no Brasil. Ele lembrou que o pa\u00eds n\u00e3o foi capaz de resolver os problemas da economia quando criou novos impostos e defendeu o retorno dos debates sobre as reformas que melhorem a qualidade do gasto p\u00fablico.<\/p>\n","protected":false},"author":2,"featured_media":3203,"comment_status":"open","ping_status":"open","sticky":false,"template":"","format":"standard","meta":{"om_disable_all_campaigns":false,"_monsterinsights_skip_tracking":false,"_monsterinsights_sitenote_active":false,"_monsterinsights_sitenote_note":"","_monsterinsights_sitenote_category":0,"footnotes":""},"categories":[34,70,69,21],"tags":[100,71,48,49,93,186,75,45,46,129,107,44,3594,132,230,3828,106,203,120,51,1454,109,88,47,189,111,190],"class_list":["post-28666","post","type-post","status-publish","format-standard","has-post-thumbnail","hentry","category-brasil","category-destaques","category-noticias2","category-politica","tag-adustina","tag-antas","tag-araci","tag-banzae","tag-brasil","tag-camara-dos-deputados","tag-cicero-dantas","tag-cipo","tag-crisopolis","tag-euclides-da-cunha","tag-fatima","tag-heliopolis","tag-impostos","tag-itapicuru","tag-jeremoabo","tag-noticias","tag-nova-soure","tag-novo-triunfo","tag-olindina","tag-paripiranga","tag-presidente-da-camara","tag-quijingue","tag-ribeira-do-amparo","tag-ribeira-do-pombal","tag-rodrigo-maia","tag-sitio-do-quinto","tag-tucano"],"aioseo_notices":[],"_links":{"self":[{"href":"https:\/\/www.portalalerta.com.br\/index.php\/wp-json\/wp\/v2\/posts\/28666","targetHints":{"allow":["GET"]}}],"collection":[{"href":"https:\/\/www.portalalerta.com.br\/index.php\/wp-json\/wp\/v2\/posts"}],"about":[{"href":"https:\/\/www.portalalerta.com.br\/index.php\/wp-json\/wp\/v2\/types\/post"}],"author":[{"embeddable":true,"href":"https:\/\/www.portalalerta.com.br\/index.php\/wp-json\/wp\/v2\/users\/2"}],"replies":[{"embeddable":true,"href":"https:\/\/www.portalalerta.com.br\/index.php\/wp-json\/wp\/v2\/comments?post=28666"}],"version-history":[{"count":1,"href":"https:\/\/www.portalalerta.com.br\/index.php\/wp-json\/wp\/v2\/posts\/28666\/revisions"}],"predecessor-version":[{"id":28667,"href":"https:\/\/www.portalalerta.com.br\/index.php\/wp-json\/wp\/v2\/posts\/28666\/revisions\/28667"}],"wp:featuredmedia":[{"embeddable":true,"href":"https:\/\/www.portalalerta.com.br\/index.php\/wp-json\/wp\/v2\/media\/3203"}],"wp:attachment":[{"href":"https:\/\/www.portalalerta.com.br\/index.php\/wp-json\/wp\/v2\/media?parent=28666"}],"wp:term":[{"taxonomy":"category","embeddable":true,"href":"https:\/\/www.portalalerta.com.br\/index.php\/wp-json\/wp\/v2\/categories?post=28666"},{"taxonomy":"post_tag","embeddable":true,"href":"https:\/\/www.portalalerta.com.br\/index.php\/wp-json\/wp\/v2\/tags?post=28666"}],"curies":[{"name":"wp","href":"https:\/\/api.w.org\/{rel}","templated":true}]}}