{"id":28725,"date":"2020-08-21T21:15:28","date_gmt":"2020-08-22T00:15:28","guid":{"rendered":"https:\/\/www.portalalerta.com.br\/?p=28725"},"modified":"2020-08-21T21:15:28","modified_gmt":"2020-08-22T00:15:28","slug":"policia-federal-autoriza-que-cada-cidadao-compre-ate-quatro-armas-de","status":"publish","type":"post","link":"https:\/\/www.portalalerta.com.br\/index.php\/2020\/08\/21\/policia-federal-autoriza-que-cada-cidadao-compre-ate-quatro-armas-de\/","title":{"rendered":"Pol\u00edcia Federal autoriza que cada cidad\u00e3o compre at\u00e9 quatro armas de"},"content":{"rendered":"<p style=\"text-align: justify;\">A Pol\u00edcia Federal publicou hoje uma autoriza\u00e7\u00e3o que flexibiliza ainda mais as regras para compra de armas. Agora, cada cidad\u00e3o pode comprar at\u00e9 quatro armas de fogo. A autoriza\u00e7\u00e3o j\u00e1 tinha sido publicada pelo governo federal em 2019.<!--more--><\/p>\n<p style=\"text-align: justify;\">A PF \u00e9 a respons\u00e1vel pelo registro dos instrumentos e apenas formalizou as normas, que j\u00e1 haviam sido aprovadas pelo presidente.<\/p>\n<p style=\"text-align: justify;\"><img fetchpriority=\"high\" decoding=\"async\" class=\"size-thumbnail wp-image-9394 alignleft\" src=\"https:\/\/www.portalalerta.com.br\/wp-content\/uploads\/2018\/07\/05elab-320x240.jpg\" alt=\"\" width=\"320\" height=\"240\" srcset=\"https:\/\/www.portalalerta.com.br\/wp-content\/uploads\/2018\/07\/05elab-320x240.jpg 320w, https:\/\/www.portalalerta.com.br\/wp-content\/uploads\/2018\/07\/05elab-195x146.jpg 195w, https:\/\/www.portalalerta.com.br\/wp-content\/uploads\/2018\/07\/05elab-50x38.jpg 50w, https:\/\/www.portalalerta.com.br\/wp-content\/uploads\/2018\/07\/05elab-100x75.jpg 100w, https:\/\/www.portalalerta.com.br\/wp-content\/uploads\/2018\/07\/05elab.jpg 400w\" sizes=\"(max-width: 320px) 100vw, 320px\" \/>Entre as mudan\u00e7as publicadas na Instru\u00e7\u00e3o Normativa est\u00e1 a permiss\u00e3o de at\u00e9 quatro armas e amplia\u00e7\u00e3o do prazo de validade do registro para 10 anos. Al\u00e9m disso, magistrados e membros do Minist\u00e9rio P\u00fablico ter\u00e3o a capacidade t\u00e9cnica para usar armas atestadas pelas institui\u00e7\u00f5es.<\/p>\n<p style=\"text-align: justify;\">O objetivo da mudan\u00e7a \u00e9 \u201cdesburocratizar o processo de armas\u201d no pa\u00eds. A flexibiliza\u00e7\u00e3o foi uma bandeira da campanha do\u00a0presidente Jair Bolsonaro\u00a0(sem partido). Segundo o portal G1, no primeiro semestre de 2020, a PF j\u00e1 registrou 74 mil novas armas no pa\u00eds. Mais da metade delas foi comprada por cidad\u00e3os comuns.<\/p>\n<p style=\"text-align: justify;\">Com as mudan\u00e7as, todo o processo para conseguir adquirir uma arma passa a ser digital.<\/p>\n<p style=\"text-align: justify;\"><em>Fonte: Yahoo Not\u00edcias<\/em><\/p>\n","protected":false},"excerpt":{"rendered":"<p>A Pol\u00edcia Federal publicou hoje uma autoriza\u00e7\u00e3o que flexibiliza ainda mais as regras para compra de armas. Agora, cada cidad\u00e3o pode comprar at\u00e9 quatro armas de fogo. A autoriza\u00e7\u00e3o j\u00e1 tinha sido publicada pelo governo federal em 2019.<\/p>\n","protected":false},"author":2,"featured_media":28726,"comment_status":"open","ping_status":"open","sticky":false,"template":"","format":"standard","meta":{"om_disable_all_campaigns":false,"_monsterinsights_skip_tracking":false,"_monsterinsights_sitenote_active":false,"_monsterinsights_sitenote_note":"","_monsterinsights_sitenote_category":0,"footnotes":""},"categories":[34,70,69,22],"tags":[228,93,173,3858],"class_list":["post-28725","post","type-post","status-publish","format-standard","has-post-thumbnail","hentry","category-brasil","category-destaques","category-noticias2","category-seguranca","tag-arma-de-fogo","tag-brasil","tag-policia-federal","tag-registro-de-arma-de-fogo"],"aioseo_notices":[],"_links":{"self":[{"href":"https:\/\/www.portalalerta.com.br\/index.php\/wp-json\/wp\/v2\/posts\/28725","targetHints":{"allow":["GET"]}}],"collection":[{"href":"https:\/\/www.portalalerta.com.br\/index.php\/wp-json\/wp\/v2\/posts"}],"about":[{"href":"https:\/\/www.portalalerta.com.br\/index.php\/wp-json\/wp\/v2\/types\/post"}],"author":[{"embeddable":true,"href":"https:\/\/www.portalalerta.com.br\/index.php\/wp-json\/wp\/v2\/users\/2"}],"replies":[{"embeddable":true,"href":"https:\/\/www.portalalerta.com.br\/index.php\/wp-json\/wp\/v2\/comments?post=28725"}],"version-history":[{"count":1,"href":"https:\/\/www.portalalerta.com.br\/index.php\/wp-json\/wp\/v2\/posts\/28725\/revisions"}],"predecessor-version":[{"id":28727,"href":"https:\/\/www.portalalerta.com.br\/index.php\/wp-json\/wp\/v2\/posts\/28725\/revisions\/28727"}],"wp:featuredmedia":[{"embeddable":true,"href":"https:\/\/www.portalalerta.com.br\/index.php\/wp-json\/wp\/v2\/media\/28726"}],"wp:attachment":[{"href":"https:\/\/www.portalalerta.com.br\/index.php\/wp-json\/wp\/v2\/media?parent=28725"}],"wp:term":[{"taxonomy":"category","embeddable":true,"href":"https:\/\/www.portalalerta.com.br\/index.php\/wp-json\/wp\/v2\/categories?post=28725"},{"taxonomy":"post_tag","embeddable":true,"href":"https:\/\/www.portalalerta.com.br\/index.php\/wp-json\/wp\/v2\/tags?post=28725"}],"curies":[{"name":"wp","href":"https:\/\/api.w.org\/{rel}","templated":true}]}}