{"id":28728,"date":"2020-08-21T21:27:43","date_gmt":"2020-08-22T00:27:43","guid":{"rendered":"https:\/\/www.portalalerta.com.br\/?p=28728"},"modified":"2020-08-21T21:27:43","modified_gmt":"2020-08-22T00:27:43","slug":"oposicao-de-banzae-ba-faz-evento-neste-sabado-22","status":"publish","type":"post","link":"https:\/\/www.portalalerta.com.br\/index.php\/2020\/08\/21\/oposicao-de-banzae-ba-faz-evento-neste-sabado-22\/","title":{"rendered":"Oposi\u00e7\u00e3o de Banza\u00ea-BA faz evento neste s\u00e1bado, 22"},"content":{"rendered":"<p style=\"text-align: justify;\">Nas redes sociais, a oposi\u00e7\u00e3o do munic\u00edpio de Banza\u00ea-BA anuncia a realiza\u00e7\u00e3o de evento, no s\u00e1bado, 22 de agosto 2020, com a chamada &#8220;A patir de s\u00e1bado. A onda vai tomar conta de Banza\u00ea. Fiquem ligados. Juntos pela liberdade de Banza\u00ea&#8221;.<!--more--><\/p>\n<p style=\"text-align: justify;\"><img fetchpriority=\"high\" decoding=\"async\" class=\"size-thumbnail wp-image-28287 alignleft\" src=\"https:\/\/www.portalalerta.com.br\/wp-content\/uploads\/2020\/08\/Real-Juro-Zero-2020-240x240.jpg\" alt=\"\" width=\"240\" height=\"240\" \/>Segundo informa\u00e7\u00f5es o ato ser\u00e1 virtual, com in\u00edcio previsto para \u00e0s 19:00hs . N\u00e3o se tem detalhes se no s\u00e1bado ser\u00e1 anunciada a chapa completa com candidato a prefeito e o vice, e os pr\u00e9-candidatos a vereador. A expectativa \u00e9 grande no munic\u00edpio.<\/p>\n<p style=\"text-align: justify;\"><em>Fonte: Joilson Costa<\/em><\/p>\n","protected":false},"excerpt":{"rendered":"<p>Nas redes sociais, a oposi\u00e7\u00e3o do munic\u00edpio de Banza\u00ea-BA anuncia a realiza\u00e7\u00e3o de evento, no s\u00e1bado, 22 de agosto 2020, com a chamada &#8220;A patir de s\u00e1bado. A onda vai tomar conta de Banza\u00ea. Fiquem ligados. Juntos pela liberdade de Banza\u00ea&#8221;.<\/p>\n","protected":false},"author":2,"featured_media":20224,"comment_status":"open","ping_status":"open","sticky":false,"template":"","format":"standard","meta":{"om_disable_all_campaigns":false,"_monsterinsights_skip_tracking":false,"_monsterinsights_sitenote_active":false,"_monsterinsights_sitenote_note":"","_monsterinsights_sitenote_category":0,"footnotes":""},"categories":[39,70,69,21,32],"tags":[100,71,48,49,75,45,46,3215,129,107,44,132,230,3828,106,203,120,646,51,109,88,47,111,190],"class_list":["post-28728","post","type-post","status-publish","format-standard","has-post-thumbnail","hentry","category-banzae","category-destaques","category-noticias2","category-politica","category-regiao","tag-adustina","tag-antas","tag-araci","tag-banzae","tag-cicero-dantas","tag-cipo","tag-crisopolis","tag-eleicoes-2020","tag-euclides-da-cunha","tag-fatima","tag-heliopolis","tag-itapicuru","tag-jeremoabo","tag-noticias","tag-nova-soure","tag-novo-triunfo","tag-olindina","tag-oposicao","tag-paripiranga","tag-quijingue","tag-ribeira-do-amparo","tag-ribeira-do-pombal","tag-sitio-do-quinto","tag-tucano"],"aioseo_notices":[],"_links":{"self":[{"href":"https:\/\/www.portalalerta.com.br\/index.php\/wp-json\/wp\/v2\/posts\/28728","targetHints":{"allow":["GET"]}}],"collection":[{"href":"https:\/\/www.portalalerta.com.br\/index.php\/wp-json\/wp\/v2\/posts"}],"about":[{"href":"https:\/\/www.portalalerta.com.br\/index.php\/wp-json\/wp\/v2\/types\/post"}],"author":[{"embeddable":true,"href":"https:\/\/www.portalalerta.com.br\/index.php\/wp-json\/wp\/v2\/users\/2"}],"replies":[{"embeddable":true,"href":"https:\/\/www.portalalerta.com.br\/index.php\/wp-json\/wp\/v2\/comments?post=28728"}],"version-history":[{"count":1,"href":"https:\/\/www.portalalerta.com.br\/index.php\/wp-json\/wp\/v2\/posts\/28728\/revisions"}],"predecessor-version":[{"id":28729,"href":"https:\/\/www.portalalerta.com.br\/index.php\/wp-json\/wp\/v2\/posts\/28728\/revisions\/28729"}],"wp:featuredmedia":[{"embeddable":true,"href":"https:\/\/www.portalalerta.com.br\/index.php\/wp-json\/wp\/v2\/media\/20224"}],"wp:attachment":[{"href":"https:\/\/www.portalalerta.com.br\/index.php\/wp-json\/wp\/v2\/media?parent=28728"}],"wp:term":[{"taxonomy":"category","embeddable":true,"href":"https:\/\/www.portalalerta.com.br\/index.php\/wp-json\/wp\/v2\/categories?post=28728"},{"taxonomy":"post_tag","embeddable":true,"href":"https:\/\/www.portalalerta.com.br\/index.php\/wp-json\/wp\/v2\/tags?post=28728"}],"curies":[{"name":"wp","href":"https:\/\/api.w.org\/{rel}","templated":true}]}}