{"id":28730,"date":"2020-08-21T21:40:41","date_gmt":"2020-08-22T00:40:41","guid":{"rendered":"https:\/\/www.portalalerta.com.br\/?p=28730"},"modified":"2020-08-21T21:40:41","modified_gmt":"2020-08-22T00:40:41","slug":"bolsonaro-confirma-prorrogacao-de-auxilio-emergencial-ate-dezembro-mas-nao-diz-valor","status":"publish","type":"post","link":"https:\/\/www.portalalerta.com.br\/index.php\/2020\/08\/21\/bolsonaro-confirma-prorrogacao-de-auxilio-emergencial-ate-dezembro-mas-nao-diz-valor\/","title":{"rendered":"Bolsonaro confirma prorroga\u00e7\u00e3o de aux\u00edlio emergencial at\u00e9 dezembro, mas n\u00e3o diz valor"},"content":{"rendered":"<p style=\"text-align: justify;\">O presidente\u00a0Jair Bolsonaro\u00a0(sem partido) confirmou nesta sexta-feira, 21, que o\u00a0aux\u00edlio emergencial\u00a0ser\u00e1 prorrogado at\u00e9 dezembro, mas n\u00e3o adiantou qual seria o valor das futuras parcelas do benef\u00edcio pago \u00e0s pessoas para ajudar no enfrentamento ao\u00a0novo coronav\u00edrus.<!--more--><\/p>\n<p style=\"text-align: justify;\">&#8220;Infelizmente n\u00e3o pode ser definitivo&#8221;, disse Bolsonaro durante cerim\u00f4nia de entregas\u00a0de projetos federais em Ipangua\u00e7u, no interior do Rio Grande do Norte. Ao ser questionado pela plateia, o presidente afirmou que o repasse ser\u00e1 mantido at\u00e9 dezembro. &#8220;S\u00f3 n\u00e3o sei o valor&#8221;, completou.<\/p>\n<p style=\"text-align: justify;\">O presidente disse que o aux\u00edlio &#8211;atualmente no valor de 600 reais por m\u00eas&#8211; tem um custo de 50 bilh\u00f5es de reais mensais. &#8220;Enquanto for poss\u00edvel manteremos, mas \u00e9 preciso ter consci\u00eancia que n\u00e3o d\u00e1 para ser eterno&#8221;, refor\u00e7ou.<\/p>\n<div data-mvc-banner=\"leaderboard\"><\/div>\n<p><script type=\"text\/javascript\"> (function(storeName) { var b = document.createElement('script'); b.type = 'text\/javascript'; b.async = true; b.src = 'https:\/\/www.magazinevoce.com.br\/js\/banner.js?store='+ storeName; var s = document.getElementsByTagName('script')[0]; s.parentNode.insertBefore(b, s); })('Nvscosta'); <\/script><\/p>\n<p style=\"text-align: justify;\">Bolsonaro j\u00e1 havia dito publicamente que est\u00e1 buscando um meio termo entre os 200 reais propostos pelo Minist\u00e9rio da Economia e os 600 reais atuais para o valor das pr\u00f3ximas parcelas do aux\u00edlio emergencial.<\/p>\n<p style=\"text-align: justify;\">Segundo ele, 200 reais \u00e9 pouco, mas n\u00e3o \u00e9 poss\u00edvel manter os 600 reais \u00e0s custas de aumento do endividamento do pa\u00eds.<\/p>\n<p style=\"text-align: justify;\">Fontes da equipe econ\u00f4mica disseram \u00e0 Reuters que o governo estuda uma medida provis\u00f3ria para manter o aux\u00edlio para al\u00e9m de agosto. Caso o presidente fosse apenas editar um novo decreto para prorrog\u00e1-lo &#8211;a exemplo do que fez em junho&#8211; o benef\u00edcio teria que seguir em 600 reais.<\/p>\n<p style=\"text-align: justify;\">O l\u00edder do governo no Senado, Fernando Bezerra Coelho (MDB-PE), disse em entrevista \u00e0 Reuters que a prorroga\u00e7\u00e3o do aux\u00edlio ser\u00e1 anunciada oficialmente em uma grande cerim\u00f4nia na pr\u00f3xima ter\u00e7a-feira para o an\u00fancio de medidas de recupera\u00e7\u00e3o da economia do pa\u00eds.<\/p>\n<p style=\"text-align: justify;\"><em>Fonte: Yahoo Not\u00edcias<\/em><\/p>\n","protected":false},"excerpt":{"rendered":"<p>O presidente\u00a0Jair Bolsonaro\u00a0(sem partido) confirmou nesta sexta-feira, 21, que o\u00a0aux\u00edlio emergencial\u00a0ser\u00e1 prorrogado at\u00e9 dezembro, mas n\u00e3o adiantou qual seria o valor das futuras parcelas do benef\u00edcio pago \u00e0s pessoas para ajudar no enfrentamento ao\u00a0novo coronav\u00edrus.<\/p>\n","protected":false},"author":2,"featured_media":28731,"comment_status":"open","ping_status":"open","sticky":false,"template":"","format":"standard","meta":{"om_disable_all_campaigns":false,"_monsterinsights_skip_tracking":false,"_monsterinsights_sitenote_active":false,"_monsterinsights_sitenote_note":"","_monsterinsights_sitenote_category":0,"footnotes":""},"categories":[34,70,69,21],"tags":[3591,93,1395,199],"class_list":["post-28730","post","type-post","status-publish","format-standard","has-post-thumbnail","hentry","category-brasil","category-destaques","category-noticias2","category-politica","tag-auxilio-emergencial","tag-brasil","tag-jair-bolsonaro","tag-politica"],"aioseo_notices":[],"_links":{"self":[{"href":"https:\/\/www.portalalerta.com.br\/index.php\/wp-json\/wp\/v2\/posts\/28730","targetHints":{"allow":["GET"]}}],"collection":[{"href":"https:\/\/www.portalalerta.com.br\/index.php\/wp-json\/wp\/v2\/posts"}],"about":[{"href":"https:\/\/www.portalalerta.com.br\/index.php\/wp-json\/wp\/v2\/types\/post"}],"author":[{"embeddable":true,"href":"https:\/\/www.portalalerta.com.br\/index.php\/wp-json\/wp\/v2\/users\/2"}],"replies":[{"embeddable":true,"href":"https:\/\/www.portalalerta.com.br\/index.php\/wp-json\/wp\/v2\/comments?post=28730"}],"version-history":[{"count":1,"href":"https:\/\/www.portalalerta.com.br\/index.php\/wp-json\/wp\/v2\/posts\/28730\/revisions"}],"predecessor-version":[{"id":28732,"href":"https:\/\/www.portalalerta.com.br\/index.php\/wp-json\/wp\/v2\/posts\/28730\/revisions\/28732"}],"wp:featuredmedia":[{"embeddable":true,"href":"https:\/\/www.portalalerta.com.br\/index.php\/wp-json\/wp\/v2\/media\/28731"}],"wp:attachment":[{"href":"https:\/\/www.portalalerta.com.br\/index.php\/wp-json\/wp\/v2\/media?parent=28730"}],"wp:term":[{"taxonomy":"category","embeddable":true,"href":"https:\/\/www.portalalerta.com.br\/index.php\/wp-json\/wp\/v2\/categories?post=28730"},{"taxonomy":"post_tag","embeddable":true,"href":"https:\/\/www.portalalerta.com.br\/index.php\/wp-json\/wp\/v2\/tags?post=28730"}],"curies":[{"name":"wp","href":"https:\/\/api.w.org\/{rel}","templated":true}]}}