{"id":28852,"date":"2020-08-25T09:06:42","date_gmt":"2020-08-25T12:06:42","guid":{"rendered":"https:\/\/www.portalalerta.com.br\/?p=28852"},"modified":"2020-08-25T09:06:42","modified_gmt":"2020-08-25T12:06:42","slug":"prefeito-de-olindina-ba-testa-positivo-para-coronavirus","status":"publish","type":"post","link":"https:\/\/www.portalalerta.com.br\/index.php\/2020\/08\/25\/prefeito-de-olindina-ba-testa-positivo-para-coronavirus\/","title":{"rendered":"Prefeito de Olindina-BA testa positivo para coronav\u00edrus"},"content":{"rendered":"<p style=\"text-align: justify;\">O prefeito da cidade de Olindina, Vanderlei Fulco Caldas (PP), testou positivo para o coronav\u00edrus. A informa\u00e7\u00e3o foi confirmada nesta segunda-feira (24),\u00a0 pela Secretaria Municipal de Sa\u00fade do munic\u00edpio e a Assessoria de Imprensa do Gabinete do Prefeito.\u00a0<!--more--><\/p>\n<div data-mvc-banner=\"leaderboard\"><\/div>\n<p><script type=\"text\/javascript\"> (function(storeName) { var b = document.createElement('script'); b.type = 'text\/javascript'; b.async = true; b.src = 'https:\/\/www.magazinevoce.com.br\/js\/banner.js?store='+ storeName; var s = document.getElementsByTagName('script')[0]; s.parentNode.insertBefore(b, s); })('Nvscosta'); <\/script><\/p>\n<p style=\"text-align: justify;\">Segundo informa\u00e7\u00f5es divulgadas todos os cuidados est\u00e3o sendo providenciados para monitoramento e tratamento em hospital, pois o prefeito faz parte do grupo de risco. O estado de sa\u00fade atual do prefeito \u00e9 est\u00e1vel.<\/p>\n<p style=\"text-align: justify;\">At\u00e9 a tarde desta segunda-feira, quando o \u00faltimo boletim da Covid-19 foi emitido pela Secretaria Municipal da Sa\u00fade, a cidade de Olindina possui 186 casos confirmados de coronav\u00edrus, 146 recuperados e dois \u00f3bitos.<\/p>\n<p style=\"text-align: justify;\"><em>Fonte: Itapicuru Not\u00edcias <\/em><\/p>\n","protected":false},"excerpt":{"rendered":"<p>O prefeito da cidade de Olindina, Vanderlei Fulco Caldas (PP), testou positivo para o coronav\u00edrus. A informa\u00e7\u00e3o foi confirmada nesta segunda-feira (24),\u00a0 pela Secretaria Municipal de Sa\u00fade do munic\u00edpio e a Assessoria de Imprensa do Gabinete do Prefeito.\u00a0<\/p>\n","protected":false},"author":2,"featured_media":24711,"comment_status":"open","ping_status":"open","sticky":false,"template":"","format":"standard","meta":{"om_disable_all_campaigns":false,"_monsterinsights_skip_tracking":false,"_monsterinsights_sitenote_active":false,"_monsterinsights_sitenote_note":"","_monsterinsights_sitenote_category":0,"footnotes":""},"categories":[70,69,15,21,32,19],"tags":[100,71,48,49,75,45,3429,3486,46,129,107,44,132,230,3828,106,203,120,51,198,109,88,47,61,111,190,3709],"class_list":["post-28852","post","type-post","status-publish","format-standard","has-post-thumbnail","hentry","category-destaques","category-noticias2","category-olindina","category-politica","category-regiao","category-saude","tag-adustina","tag-antas","tag-araci","tag-banzae","tag-cicero-dantas","tag-cipo","tag-coronavirus","tag-covid-19","tag-crisopolis","tag-euclides-da-cunha","tag-fatima","tag-heliopolis","tag-itapicuru","tag-jeremoabo","tag-noticias","tag-nova-soure","tag-novo-triunfo","tag-olindina","tag-paripiranga","tag-prefeito","tag-quijingue","tag-ribeira-do-amparo","tag-ribeira-do-pombal","tag-saude","tag-sitio-do-quinto","tag-tucano","tag-vanderlei-caldas"],"aioseo_notices":[],"_links":{"self":[{"href":"https:\/\/www.portalalerta.com.br\/index.php\/wp-json\/wp\/v2\/posts\/28852","targetHints":{"allow":["GET"]}}],"collection":[{"href":"https:\/\/www.portalalerta.com.br\/index.php\/wp-json\/wp\/v2\/posts"}],"about":[{"href":"https:\/\/www.portalalerta.com.br\/index.php\/wp-json\/wp\/v2\/types\/post"}],"author":[{"embeddable":true,"href":"https:\/\/www.portalalerta.com.br\/index.php\/wp-json\/wp\/v2\/users\/2"}],"replies":[{"embeddable":true,"href":"https:\/\/www.portalalerta.com.br\/index.php\/wp-json\/wp\/v2\/comments?post=28852"}],"version-history":[{"count":2,"href":"https:\/\/www.portalalerta.com.br\/index.php\/wp-json\/wp\/v2\/posts\/28852\/revisions"}],"predecessor-version":[{"id":28862,"href":"https:\/\/www.portalalerta.com.br\/index.php\/wp-json\/wp\/v2\/posts\/28852\/revisions\/28862"}],"wp:featuredmedia":[{"embeddable":true,"href":"https:\/\/www.portalalerta.com.br\/index.php\/wp-json\/wp\/v2\/media\/24711"}],"wp:attachment":[{"href":"https:\/\/www.portalalerta.com.br\/index.php\/wp-json\/wp\/v2\/media?parent=28852"}],"wp:term":[{"taxonomy":"category","embeddable":true,"href":"https:\/\/www.portalalerta.com.br\/index.php\/wp-json\/wp\/v2\/categories?post=28852"},{"taxonomy":"post_tag","embeddable":true,"href":"https:\/\/www.portalalerta.com.br\/index.php\/wp-json\/wp\/v2\/tags?post=28852"}],"curies":[{"name":"wp","href":"https:\/\/api.w.org\/{rel}","templated":true}]}}