{"id":28857,"date":"2020-08-25T16:01:58","date_gmt":"2020-08-25T19:01:58","guid":{"rendered":"https:\/\/www.portalalerta.com.br\/?p=28857"},"modified":"2020-08-25T16:01:58","modified_gmt":"2020-08-25T19:01:58","slug":"lancamento-do-renda-brasil-e-adiado-pelo-governo","status":"publish","type":"post","link":"https:\/\/www.portalalerta.com.br\/index.php\/2020\/08\/25\/lancamento-do-renda-brasil-e-adiado-pelo-governo\/","title":{"rendered":"Lan\u00e7amento do Renda Brasil \u00e9 adiado pelo governo"},"content":{"rendered":"<p style=\"text-align: justify;\">O lan\u00e7amento do novo programa de transfer\u00eancia de renda, o Renda Brasil, que ir\u00e1 substituir e ampliar o Bolsa Fam\u00edlia, foi adiado pelo governo. O programa\u00a0seria anunciado nesta ter\u00e7a-feira (25),\u00a0dentro do Pr\u00f3-Brasil, plano de retomada da economia. O lan\u00e7amento do Casa Verde Amarela, no entanto, est\u00e1 mantido.\u00a0<!--more--><\/p>\n<p style=\"text-align: justify;\">O lan\u00e7amento do Renda Brasil nesta ter\u00e7a junto com demais projetos de retomada do crescimento econ\u00f4mico estava sendo chamado pelo ministro Paulo Guedes, internamente, de &#8220;Big Bang Day&#8221;.<\/p>\n<p style=\"text-align: justify;\"><img fetchpriority=\"high\" decoding=\"async\" class=\"size-thumbnail wp-image-4869 aligncenter\" src=\"https:\/\/www.portalalerta.com.br\/wp-content\/uploads\/2018\/02\/Auto-Escola-Nobre-720x181.jpg\" alt=\"\" width=\"720\" height=\"181\" srcset=\"https:\/\/www.portalalerta.com.br\/wp-content\/uploads\/2018\/02\/Auto-Escola-Nobre.jpg 720w, https:\/\/www.portalalerta.com.br\/wp-content\/uploads\/2018\/02\/Auto-Escola-Nobre-260x65.jpg 260w, https:\/\/www.portalalerta.com.br\/wp-content\/uploads\/2018\/02\/Auto-Escola-Nobre-50x13.jpg 50w, https:\/\/www.portalalerta.com.br\/wp-content\/uploads\/2018\/02\/Auto-Escola-Nobre-150x38.jpg 150w\" sizes=\"(max-width: 720px) 100vw, 720px\" \/>Em reuni\u00e3o nesta segunda (24), ministros e t\u00e9cnicos decidiram adiar o an\u00fancio do Renda Brasil e da reforma admnistrativa porque ainda faltam detalhes para deixar os projetos mais redondos. Os textos s\u00e3o mais complexos e por isso a ideia de inclu\u00ed-los no lan\u00e7amento de amanh\u00e3 foi descartada pelo governo. Inicialmente eles iriam manter o an\u00fancio do Pr\u00f3-Brasil, o plano de retomada da Economia, do qual tanto o Renda Brasil quanto o Casa Verde Amarela fazem parte.<\/p>\n<p style=\"text-align: justify;\">A cerim\u00f4mia de lan\u00e7amento do Casa Verde Amarela ser\u00e1 \u00e0s 11h desta ter\u00e7a, no Pal\u00e1cio do Planalto. O Casa Verde Amarela \u00e9 o programa que ir\u00e1 substituir o Minha Casa Minha Vida e deve focar em dinheiro para reformas, ao contr\u00e1rio de grandes obras.<\/p>\n<p style=\"text-align: justify;\"><em>Fonte: R7<\/em><\/p>\n","protected":false},"excerpt":{"rendered":"<p>O lan\u00e7amento do novo programa de transfer\u00eancia de renda, o Renda Brasil, que ir\u00e1 substituir e ampliar o Bolsa Fam\u00edlia, foi adiado pelo governo. O programa\u00a0seria anunciado nesta ter\u00e7a-feira (25),\u00a0dentro do Pr\u00f3-Brasil, plano de retomada da economia. O lan\u00e7amento do Casa Verde Amarela, no entanto, est\u00e1 mantido.\u00a0<\/p>\n","protected":false},"author":2,"featured_media":16889,"comment_status":"open","ping_status":"open","sticky":false,"template":"","format":"standard","meta":{"om_disable_all_campaigns":false,"_monsterinsights_skip_tracking":false,"_monsterinsights_sitenote_active":false,"_monsterinsights_sitenote_note":"","_monsterinsights_sitenote_category":0,"footnotes":""},"categories":[34,70,69,21],"tags":[306,93,249,3863],"class_list":["post-28857","post","type-post","status-publish","format-standard","has-post-thumbnail","hentry","category-brasil","category-destaques","category-noticias2","category-politica","tag-bolsa-familia","tag-brasil","tag-governo-federal","tag-programa-renda-brasil"],"aioseo_notices":[],"_links":{"self":[{"href":"https:\/\/www.portalalerta.com.br\/index.php\/wp-json\/wp\/v2\/posts\/28857","targetHints":{"allow":["GET"]}}],"collection":[{"href":"https:\/\/www.portalalerta.com.br\/index.php\/wp-json\/wp\/v2\/posts"}],"about":[{"href":"https:\/\/www.portalalerta.com.br\/index.php\/wp-json\/wp\/v2\/types\/post"}],"author":[{"embeddable":true,"href":"https:\/\/www.portalalerta.com.br\/index.php\/wp-json\/wp\/v2\/users\/2"}],"replies":[{"embeddable":true,"href":"https:\/\/www.portalalerta.com.br\/index.php\/wp-json\/wp\/v2\/comments?post=28857"}],"version-history":[{"count":1,"href":"https:\/\/www.portalalerta.com.br\/index.php\/wp-json\/wp\/v2\/posts\/28857\/revisions"}],"predecessor-version":[{"id":28858,"href":"https:\/\/www.portalalerta.com.br\/index.php\/wp-json\/wp\/v2\/posts\/28857\/revisions\/28858"}],"wp:featuredmedia":[{"embeddable":true,"href":"https:\/\/www.portalalerta.com.br\/index.php\/wp-json\/wp\/v2\/media\/16889"}],"wp:attachment":[{"href":"https:\/\/www.portalalerta.com.br\/index.php\/wp-json\/wp\/v2\/media?parent=28857"}],"wp:term":[{"taxonomy":"category","embeddable":true,"href":"https:\/\/www.portalalerta.com.br\/index.php\/wp-json\/wp\/v2\/categories?post=28857"},{"taxonomy":"post_tag","embeddable":true,"href":"https:\/\/www.portalalerta.com.br\/index.php\/wp-json\/wp\/v2\/tags?post=28857"}],"curies":[{"name":"wp","href":"https:\/\/api.w.org\/{rel}","templated":true}]}}