{"id":29,"date":"2017-10-17T14:13:39","date_gmt":"2017-10-17T16:13:39","guid":{"rendered":"http:\/\/www.portalalerta.com.br\/?p=29"},"modified":"2017-11-22T19:04:40","modified_gmt":"2017-11-22T21:04:40","slug":"onibus-com-criancas-tomba-na-regiao-da-chapada-diamantina-e-deixa-ao-menos-4-mortos","status":"publish","type":"post","link":"https:\/\/www.portalalerta.com.br\/index.php\/2017\/10\/17\/onibus-com-criancas-tomba-na-regiao-da-chapada-diamantina-e-deixa-ao-menos-4-mortos\/","title":{"rendered":"\u00d4NIBUS COM CRIAN\u00c7AS TOMBA NA REGI\u00c3O DA CHAPADA DIAMANTINA E DEIXA AO MENOS 4 MORTOS"},"content":{"rendered":"<div class=\"itemIntroText\">\n<p>O \u00f4nibus saiu da cidade de Itaberaba e seguia para Jacobina em uma excurs\u00e3o com v\u00e1rias crian\u00e7as.<\/p>\n<\/div>\n<div class=\"itemFullText\">\n<p>Cerca de quatro pessoas morreram e mais de 40 ficaram feridas em um acidente com um \u00f4nibus da empresa Entram, ocorrido por volta das 8h30 desta quinta-feira (12), na BA-241, em um trecho da cidade de Piritiba, regi\u00e3o da Chapada Diamantina.<\/p>\n<p>O \u00f4nibus saiu da cidade de Itaberaba e seguia para Jacobina em uma excurs\u00e3o para um parque aqu\u00e1tico, levando v\u00e1rias crian\u00e7as.<\/p>\n<p>Algumas v\u00edtimas foram atendidas no hospital de Piritiba, e outras foram levadas para o Hospital Estadual da Crian\u00e7a (HEC) e Hospital Geral Cl\u00e9riston Andrade (HGCA), em Feira de Santana, e algumas est\u00e3o em hospitais de Salvador.<\/p>\n<p><img decoding=\"async\" src=\"http:\/\/pombalalerta.com.br\/images\/autoescolanobre.jpg\" border=\"0\" \/>Foram necess\u00e1rias v\u00e1rias ambul\u00e2ncias de cidades pr\u00f3ximas ao local do acidente para fazer o transporte das v\u00edtimas para os hospitais. O p\u00e1tio do Hospital Geral Cl\u00e9riston Andrade ficou repleto de ambul\u00e2ncias. Os primeiros ve\u00edculos come\u00e7aram a chegar por volta do meio-dia.<\/p>\n<p>O motorista da ambul\u00e2ncia da cidade de Miguel Calmo, Wellington Costa da Silva, disse ao Acorda Cidade que cerca de 10 adultos foram levados para o HGCA e que outros estavam a caminho. Ainda n\u00e3o h\u00e1 informa\u00e7\u00f5es sobre a quantidade exata de adultos e crian\u00e7as feridos.<\/p>\n<p><img decoding=\"async\" class=\"alignleft\" src=\"http:\/\/pombalalerta.com.br\/images\/acidenteba241n1.jpg\" alt=\"\" border=\"0\" \/>Crian\u00e7a ferida foi socorrida para o HEC, em Feira (Foto: Ney Silva\/Acorda Cidade)<\/p>\n<p>A t\u00e9cnica de enfermagem Jusceli Macedo de Carvalho, que trabalha no hospital de Piritiba, socorreu algumas pessoas para Feira de Santana. Ela disse que o momento foi muito triste com pessoas agonizando e feridas em busca de socorro.<\/p>\n<p>Jusceli n\u00e3o soube precisar quantos feridos chegaram ao hospital. &#8220;Foi uma correria. Eram pessoas feridas gravemente, a maioria crian\u00e7as&#8221;, salientou.<\/p>\n<p>O sargento Carlos Costa, que mora em Piritiba, foi ao local do acidente. A filha dele, Ana Carla Pimentel, teve o antebra\u00e7o esquerdo amputado devido ao acidente.<\/p>\n<p>Ele informou ao Acorda Cidade que o \u00f4nibus da Entram seguia para Jacobina com cerca de 46 pessoas e que faltando cinco quil\u00f4metros para chegar a Piritiba o carro capotou.\u00a0 N\u00e3o h\u00e1 informa\u00e7\u00f5es sobre as circunst\u00e2ncias do acidente nem sobre o estado de sa\u00fade das v\u00edtimas.<\/p>\n<p><strong>Ajude as v\u00edtimas<\/strong><\/p>\n<p>As v\u00edtimas do acidente, principalmente crian\u00e7as, est\u00e3o precisando de doa\u00e7\u00e3o de sangue (qualquer tipo) e quem puder doar pode se dirigir, nesta sexta-feira (13), ao Hemoba em Feira, que fica no Hospital Geral Cl\u00e9riston Andrade. O Hemoba funciona das 8h \u00e0s 12h e das 13h \u00e0s 17h.<\/p>\n<p><em>Fonte: Acorda Cidade\u00a0<\/em><\/p>\n<\/div>\n","protected":false},"excerpt":{"rendered":"<p>O \u00f4nibus saiu da cidade de Itaberaba e seguia para Jacobina em uma excurs\u00e3o com v\u00e1rias crian\u00e7as. Cerca de quatro pessoas morreram e mais de 40 ficaram feridas em um acidente com um \u00f4nibus da empresa Entram, ocorrido por volta das 8h30 desta quinta-feira (12), na BA-241, em um trecho da cidade de Piritiba, regi\u00e3o &hellip;<\/p>\n","protected":false},"author":1,"featured_media":30,"comment_status":"open","ping_status":"open","sticky":false,"template":"","format":"standard","meta":{"om_disable_all_campaigns":false,"_monsterinsights_skip_tracking":false,"_monsterinsights_sitenote_active":false,"_monsterinsights_sitenote_note":"","_monsterinsights_sitenote_category":0,"footnotes":""},"categories":[33],"tags":[],"class_list":["post-29","post","type-post","status-publish","format-standard","has-post-thumbnail","hentry","category-bahia"],"aioseo_notices":[],"_links":{"self":[{"href":"https:\/\/www.portalalerta.com.br\/index.php\/wp-json\/wp\/v2\/posts\/29","targetHints":{"allow":["GET"]}}],"collection":[{"href":"https:\/\/www.portalalerta.com.br\/index.php\/wp-json\/wp\/v2\/posts"}],"about":[{"href":"https:\/\/www.portalalerta.com.br\/index.php\/wp-json\/wp\/v2\/types\/post"}],"author":[{"embeddable":true,"href":"https:\/\/www.portalalerta.com.br\/index.php\/wp-json\/wp\/v2\/users\/1"}],"replies":[{"embeddable":true,"href":"https:\/\/www.portalalerta.com.br\/index.php\/wp-json\/wp\/v2\/comments?post=29"}],"version-history":[{"count":0,"href":"https:\/\/www.portalalerta.com.br\/index.php\/wp-json\/wp\/v2\/posts\/29\/revisions"}],"wp:featuredmedia":[{"embeddable":true,"href":"https:\/\/www.portalalerta.com.br\/index.php\/wp-json\/wp\/v2\/media\/30"}],"wp:attachment":[{"href":"https:\/\/www.portalalerta.com.br\/index.php\/wp-json\/wp\/v2\/media?parent=29"}],"wp:term":[{"taxonomy":"category","embeddable":true,"href":"https:\/\/www.portalalerta.com.br\/index.php\/wp-json\/wp\/v2\/categories?post=29"},{"taxonomy":"post_tag","embeddable":true,"href":"https:\/\/www.portalalerta.com.br\/index.php\/wp-json\/wp\/v2\/tags?post=29"}],"curies":[{"name":"wp","href":"https:\/\/api.w.org\/{rel}","templated":true}]}}