{"id":2909,"date":"2017-11-28T01:39:56","date_gmt":"2017-11-28T03:39:56","guid":{"rendered":"http:\/\/www.portalalerta.com.br\/?p=2909"},"modified":"2017-12-15T20:30:33","modified_gmt":"2017-12-15T22:30:33","slug":"hospital-em-ribeira-do-pombal-sera-transferido-para-consorcio-de-saude","status":"publish","type":"post","link":"https:\/\/www.portalalerta.com.br\/index.php\/2017\/11\/28\/hospital-em-ribeira-do-pombal-sera-transferido-para-consorcio-de-saude\/","title":{"rendered":"Hospital em Ribeira do Pombal ser\u00e1 transferido para Cons\u00f3rcio de Sa\u00fade"},"content":{"rendered":"<p>O Secret\u00e1rio Estadual da Sa\u00fade, F\u00e1bio Vilas-Boas visitou neste s\u00e1bado (04) o Hospital Geral Santa Tereza em Ribeira do Pombal. A unidade atualmente integra a rede da\u00a0Secretaria da Sa\u00fade do Estado (Sesab), mas passar\u00e1 a ser administrado pelo Cons\u00f3rcio Interfederativo de Sa\u00fade da regi\u00e3o.<\/p>\n<p>O secret\u00e1rio esteve acompanhado por uma equipe da Sesab e representantes da Funda\u00e7\u00e3o Jos\u00e9 Silveira, que deixar\u00e1 a gest\u00e3o da unidade ap\u00f3s 14 anos \u00e0 frente. Durante a visita, o secret\u00e1rio reuniu-se com representantes dos m\u00e9dicos da unidade e garantiu que a transi\u00e7\u00e3o se far\u00e1 dentro da normalidade, preservando os postos de trabalho e a assist\u00eancia \u00e0 popula\u00e7\u00e3o.<\/p>\n<p>Na ocasi\u00e3o, F\u00e1bio anunciou ainda investimentos na reforma e amplia\u00e7\u00e3o da unidade, que passar\u00e1 a contar com UTI neonatal, uma nova UTI adulto com 10 leitos, al\u00e9m de mais duas salas cir\u00fargicas. Ser\u00e3o investidos recursos na moderniza\u00e7\u00e3o tecnol\u00f3gica, com a aquisi\u00e7\u00e3o de equipamentos, como um novo tom\u00f3grafo que j\u00e1 est\u00e1 na unidade e que ser\u00e1 instalado em uma semana, al\u00e9m de arco cir\u00fargico, novos monitores, respiradores e um novo Raio X.<\/p>\n<p>O Estado ir\u00e1 ainda construir uma Policl\u00ednica Regional de Sa\u00fade, aproveitando o pr\u00e9dio de ambulat\u00f3rios, que ser\u00e1 ampliado e incorporado ao pr\u00e9dio da Hemoba. Segundo Vilas-Boas, o governador Rui Costa elegeu a sa\u00fade como uma das prioridades do governo e est\u00e1 cumprindo o compromisso de regionalizar e descentralizar a sa\u00fade em todo o estado.<\/p>\n","protected":false},"excerpt":{"rendered":"<p>O Secret\u00e1rio Estadual da Sa\u00fade, F\u00e1bio Vilas-Boas visitou neste s\u00e1bado (04) o Hospital Geral Santa Tereza em Ribeira do Pombal. A unidade atualmente integra a rede da\u00a0Secretaria da Sa\u00fade do Estado (Sesab), mas passar\u00e1 a ser administrado pelo Cons\u00f3rcio Interfederativo de Sa\u00fade da regi\u00e3o. O secret\u00e1rio esteve acompanhado por uma equipe da Sesab e representantes &hellip;<\/p>\n","protected":false},"author":1,"featured_media":2910,"comment_status":"closed","ping_status":"open","sticky":false,"template":"","format":"standard","meta":{"om_disable_all_campaigns":false,"_monsterinsights_skip_tracking":false,"_monsterinsights_sitenote_active":false,"_monsterinsights_sitenote_note":"","_monsterinsights_sitenote_category":0,"footnotes":""},"categories":[70,19],"tags":[],"class_list":["post-2909","post","type-post","status-publish","format-standard","has-post-thumbnail","hentry","category-destaques","category-saude"],"aioseo_notices":[],"_links":{"self":[{"href":"https:\/\/www.portalalerta.com.br\/index.php\/wp-json\/wp\/v2\/posts\/2909","targetHints":{"allow":["GET"]}}],"collection":[{"href":"https:\/\/www.portalalerta.com.br\/index.php\/wp-json\/wp\/v2\/posts"}],"about":[{"href":"https:\/\/www.portalalerta.com.br\/index.php\/wp-json\/wp\/v2\/types\/post"}],"author":[{"embeddable":true,"href":"https:\/\/www.portalalerta.com.br\/index.php\/wp-json\/wp\/v2\/users\/1"}],"replies":[{"embeddable":true,"href":"https:\/\/www.portalalerta.com.br\/index.php\/wp-json\/wp\/v2\/comments?post=2909"}],"version-history":[{"count":0,"href":"https:\/\/www.portalalerta.com.br\/index.php\/wp-json\/wp\/v2\/posts\/2909\/revisions"}],"wp:featuredmedia":[{"embeddable":true,"href":"https:\/\/www.portalalerta.com.br\/index.php\/wp-json\/wp\/v2\/media\/2910"}],"wp:attachment":[{"href":"https:\/\/www.portalalerta.com.br\/index.php\/wp-json\/wp\/v2\/media?parent=2909"}],"wp:term":[{"taxonomy":"category","embeddable":true,"href":"https:\/\/www.portalalerta.com.br\/index.php\/wp-json\/wp\/v2\/categories?post=2909"},{"taxonomy":"post_tag","embeddable":true,"href":"https:\/\/www.portalalerta.com.br\/index.php\/wp-json\/wp\/v2\/tags?post=2909"}],"curies":[{"name":"wp","href":"https:\/\/api.w.org\/{rel}","templated":true}]}}