{"id":29383,"date":"2020-09-15T15:23:05","date_gmt":"2020-09-15T18:23:05","guid":{"rendered":"https:\/\/www.portalalerta.com.br\/?p=29383"},"modified":"2020-09-15T15:23:05","modified_gmt":"2020-09-15T18:23:05","slug":"crianca-de-1-ano-morre-e-mais-de-80-pessoas-passam-mal-na-zona-rural-de-araci-suspeita-e-de-agua-contaminada","status":"publish","type":"post","link":"https:\/\/www.portalalerta.com.br\/index.php\/2020\/09\/15\/crianca-de-1-ano-morre-e-mais-de-80-pessoas-passam-mal-na-zona-rural-de-araci-suspeita-e-de-agua-contaminada\/","title":{"rendered":"Crian\u00e7a de 1 ano morre e mais de 80 pessoas passam mal na zona rural de Araci; suspeita \u00e9 de \u00e1gua contaminada"},"content":{"rendered":"<p style=\"text-align: justify;\">Uma crian\u00e7a de 1 ano e 8 meses veio a \u00f3bito e mais de 80 pessoas passaram mal nas localidades de Lagoa do Boi, Lagoa dos Cavalos e Jurema, zona rural de Araci-BA.<!--more--><\/p>\n<p style=\"text-align: justify;\"><img fetchpriority=\"high\" decoding=\"async\" class=\"size-thumbnail wp-image-9394 alignleft\" src=\"https:\/\/www.portalalerta.com.br\/wp-content\/uploads\/2018\/07\/05elab-320x240.jpg\" alt=\"\" width=\"320\" height=\"240\" srcset=\"https:\/\/www.portalalerta.com.br\/wp-content\/uploads\/2018\/07\/05elab-320x240.jpg 320w, https:\/\/www.portalalerta.com.br\/wp-content\/uploads\/2018\/07\/05elab-195x146.jpg 195w, https:\/\/www.portalalerta.com.br\/wp-content\/uploads\/2018\/07\/05elab-50x38.jpg 50w, https:\/\/www.portalalerta.com.br\/wp-content\/uploads\/2018\/07\/05elab-100x75.jpg 100w, https:\/\/www.portalalerta.com.br\/wp-content\/uploads\/2018\/07\/05elab.jpg 400w\" sizes=\"(max-width: 320px) 100vw, 320px\" \/>De acordo com os dois agentes de sa\u00fade das localidades, os sintomas s\u00e3o: febre, v\u00f4mito e diarreia. Ainda segundo informa\u00e7\u00f5es, v\u00e1rias pessoas deram entrada no Hospital Municipal da cidade e no PSF da Lagoa do Boi, dessas, 5 crian\u00e7as foram transferidas para o Hospital da Crian\u00e7a em Feira de Santana (HEC) e 2 adultos foram transferidos para o Hospital Portugu\u00eas em Salvador-BA. A informa\u00e7\u00e3o foi confirmada pela prefeitura.<\/p>\n<p style=\"text-align: justify;\">A suspeita \u00e9 que a \u00e1gua fornecida pela embasa nas localidades esteja contaminada. Em nota a embasa disse que j\u00e1 fez a suspens\u00e3o preventiva do abastecimento, embora n\u00e3o haja nenhum ind\u00edcio de contamina\u00e7\u00e3o na \u00e1gua distribu\u00edda na localidade, foram realizadas coletas de amostras. J\u00e1, a prefeitura disponibilizou carros pipas para abastecer a popula\u00e7\u00e3o e enviou uma amostra da \u00e1gua para o Laborat\u00f3rio Central de Sa\u00fade P\u00fablica da Bahia (LACEN) para exames. Os resultados devem sair nos pr\u00f3ximos dias.<\/p>\n<p style=\"text-align: justify;\"><em>Fonte: A Voz do Campo<\/em><\/p>\n","protected":false},"excerpt":{"rendered":"<p>Uma crian\u00e7a de 1 ano e 8 meses veio a \u00f3bito e mais de 80 pessoas passaram mal nas localidades de Lagoa do Boi, Lagoa dos Cavalos e Jurema, zona rural de Araci-BA.<\/p>\n","protected":false},"author":2,"featured_media":29384,"comment_status":"open","ping_status":"open","sticky":false,"template":"","format":"standard","meta":{"om_disable_all_campaigns":false,"_monsterinsights_skip_tracking":false,"_monsterinsights_sitenote_active":false,"_monsterinsights_sitenote_note":"","_monsterinsights_sitenote_category":0,"footnotes":""},"categories":[41,70,69,32],"tags":[100,71,48,49,75,45,46,129,107,44,132,230,169,3828,106,203,120,51,3901,109,88,47,111,190],"class_list":["post-29383","post","type-post","status-publish","format-standard","has-post-thumbnail","hentry","category-araci","category-destaques","category-noticias2","category-regiao","tag-adustina","tag-antas","tag-araci","tag-banzae","tag-cicero-dantas","tag-cipo","tag-crisopolis","tag-euclides-da-cunha","tag-fatima","tag-heliopolis","tag-itapicuru","tag-jeremoabo","tag-morte","tag-noticias","tag-nova-soure","tag-novo-triunfo","tag-olindina","tag-paripiranga","tag-povoados","tag-quijingue","tag-ribeira-do-amparo","tag-ribeira-do-pombal","tag-sitio-do-quinto","tag-tucano"],"aioseo_notices":[],"_links":{"self":[{"href":"https:\/\/www.portalalerta.com.br\/index.php\/wp-json\/wp\/v2\/posts\/29383","targetHints":{"allow":["GET"]}}],"collection":[{"href":"https:\/\/www.portalalerta.com.br\/index.php\/wp-json\/wp\/v2\/posts"}],"about":[{"href":"https:\/\/www.portalalerta.com.br\/index.php\/wp-json\/wp\/v2\/types\/post"}],"author":[{"embeddable":true,"href":"https:\/\/www.portalalerta.com.br\/index.php\/wp-json\/wp\/v2\/users\/2"}],"replies":[{"embeddable":true,"href":"https:\/\/www.portalalerta.com.br\/index.php\/wp-json\/wp\/v2\/comments?post=29383"}],"version-history":[{"count":1,"href":"https:\/\/www.portalalerta.com.br\/index.php\/wp-json\/wp\/v2\/posts\/29383\/revisions"}],"predecessor-version":[{"id":29385,"href":"https:\/\/www.portalalerta.com.br\/index.php\/wp-json\/wp\/v2\/posts\/29383\/revisions\/29385"}],"wp:featuredmedia":[{"embeddable":true,"href":"https:\/\/www.portalalerta.com.br\/index.php\/wp-json\/wp\/v2\/media\/29384"}],"wp:attachment":[{"href":"https:\/\/www.portalalerta.com.br\/index.php\/wp-json\/wp\/v2\/media?parent=29383"}],"wp:term":[{"taxonomy":"category","embeddable":true,"href":"https:\/\/www.portalalerta.com.br\/index.php\/wp-json\/wp\/v2\/categories?post=29383"},{"taxonomy":"post_tag","embeddable":true,"href":"https:\/\/www.portalalerta.com.br\/index.php\/wp-json\/wp\/v2\/tags?post=29383"}],"curies":[{"name":"wp","href":"https:\/\/api.w.org\/{rel}","templated":true}]}}