{"id":29417,"date":"2020-09-17T11:58:45","date_gmt":"2020-09-17T14:58:45","guid":{"rendered":"https:\/\/www.portalalerta.com.br\/?p=29417"},"modified":"2020-09-17T11:58:45","modified_gmt":"2020-09-17T14:58:45","slug":"duas-pessoas-internadas-apos-beberem-agua-em-araci-sao-diagnosticadas-com-rotavirus-policia-investiga-caso","status":"publish","type":"post","link":"https:\/\/www.portalalerta.com.br\/index.php\/2020\/09\/17\/duas-pessoas-internadas-apos-beberem-agua-em-araci-sao-diagnosticadas-com-rotavirus-policia-investiga-caso\/","title":{"rendered":"Duas pessoas internadas ap\u00f3s beberem \u00e1gua em Araci s\u00e3o diagnosticadas com rotav\u00edrus; pol\u00edcia investiga caso"},"content":{"rendered":"<p style=\"text-align: justify;\">Duas das mais de 30 pessoas que passarem mal e foram hospitalizadas depois de beberem \u00e1gua na cidade de Araci, na regi\u00e3o sisaleira da Bahia, foram diagnosticadas com o rotav\u00edrus, doen\u00e7a provocada pela ingest\u00e3o de \u00e1gua ou alimentos contaminados por v\u00edrus. A informa\u00e7\u00e3o \u00e9 da secret\u00e1ria de Sa\u00fade da cidade. Um beb\u00ea morreu ap\u00f3s apresentar sintomas. Um inqu\u00e9rito policial foi aberto para apurar o caso.<!--more--><\/p>\n<p style=\"text-align: justify;\">O caso ocorreu no povoado de Lagoa do Boi, que tem cerca de 700 moradores. Inicialmente, a suspeita era de que a \u00e1gua que abastece a localidade, h\u00e1 cerca de um ano, estivesse contaminada. A Empresa Baiana de \u00c1guas e Abastecimento (Embasa), respons\u00e1vel pelo fornecimento de \u00e1gua na regi\u00e3o, no entanto, disse que os testes n\u00e3o apontaram contamina\u00e7\u00e3o. Por isso, a prefeitura da cidade investiga, tamb\u00e9m, se a caixa d\u2019\u00e1gua est\u00e1 contaminada.<\/p>\n<p style=\"text-align: justify;\">Os sintomas apresentados por alguns moradores foram: v\u00f4mitos, diarreia e dores abdominais. Vinte e tr\u00eas deles precisaram ser internados, incluindo crian\u00e7as. At\u00e9 esta quarta, 11 continuavam no Hospital municipal de Araci. Outras cinco est\u00e3o no Hospital Estadual da Crian\u00e7a, em Feira de Santana.<\/p>\n<p style=\"text-align: justify;\"><img fetchpriority=\"high\" decoding=\"async\" class=\"size-thumbnail wp-image-4869 aligncenter\" src=\"https:\/\/www.portalalerta.com.br\/wp-content\/uploads\/2018\/02\/Auto-Escola-Nobre-720x181.jpg\" alt=\"\" width=\"720\" height=\"181\" srcset=\"https:\/\/www.portalalerta.com.br\/wp-content\/uploads\/2018\/02\/Auto-Escola-Nobre.jpg 720w, https:\/\/www.portalalerta.com.br\/wp-content\/uploads\/2018\/02\/Auto-Escola-Nobre-260x65.jpg 260w, https:\/\/www.portalalerta.com.br\/wp-content\/uploads\/2018\/02\/Auto-Escola-Nobre-50x13.jpg 50w, https:\/\/www.portalalerta.com.br\/wp-content\/uploads\/2018\/02\/Auto-Escola-Nobre-150x38.jpg 150w\" sizes=\"(max-width: 720px) 100vw, 720px\" \/>O resultado para o rotav\u00edrus, no entanto, foi dos pacientes que est\u00e3o internados em Salvador.<\/p>\n<p style=\"text-align: justify;\">\u201c\u00c9 um v\u00edrus que \u00e9 muito comum na inf\u00e2ncia, mas tamb\u00e9m acomete os adultos\u201d, disse Ana Of\u00e9lia Marques, secret\u00e1ria de Sa\u00fade de Araci.<\/p>\n<p style=\"text-align: justify;\">A av\u00f3 de uma das crian\u00e7as que passaram mal falou que precisou acompanhar a neta porque outras pessoas da fam\u00edlia tamb\u00e9m tiveram sintomas ap\u00f3s beber a \u00e1gua.<\/p>\n<p style=\"text-align: justify;\">O beb\u00ea que morreu ap\u00f3s ingerir a \u00e1gua e passar mal se chamava David Ra\u00ed dos Santos e tinha 1 ano e 8 meses. O \u00f3bito foi no dia 9 de setembro. A tia da crian\u00e7a fala da dor da fam\u00edlia.<\/p>\n<p style=\"text-align: justify;\">\u201cFoi muita tristeza para a fam\u00edlia toda. Perder um bebezinho t\u00e3o sabido. Conversando tudo\u201d, disse Joseane dos Santos, tia de David.<\/p>\n<p style=\"text-align: justify;\">As amostras da \u00e1gua foram colhidas pela prefeitura e encaminhadas para serem examinadas no Laborat\u00f3rio Central de Sa\u00fade P\u00fablica (Lacen), em Salvador. Ainda n\u00e3o h\u00e1 previs\u00e3o para divulga\u00e7\u00e3o do resultado.<\/p>\n<p style=\"text-align: justify;\">A prefeitura solicitou e a Embasa suspendeu o abastecimento de \u00e1gua na zona rural do munic\u00edpio, at\u00e9 que se descubra o que causou os sintomas nos moradores. Carros-pipa do Ex\u00e9rcito foram enviados para o local para abastecer a popula\u00e7\u00e3o.<\/p>\n<p style=\"text-align: justify;\">Desde que o fornecimento foi interrompido, n\u00e3o houve registro de novos pacientes com os sintomas.<\/p>\n<p style=\"text-align: justify;\"><strong>O que diz a Embasa<\/strong><\/p>\n<p style=\"text-align: justify;\">Por meio de nota, a Embasa disse que \u201cdesde que a suspeita de que a \u00e1gua distribu\u00edda na comunidade de Lagoa do Boi, no munic\u00edpio de Araci, foi levantada pela Vigil\u00e2ncia Sanit\u00e1ria, devido a epis\u00f3dios de mal-estar na popula\u00e7\u00e3o local seguidos de hospitaliza\u00e7\u00e3o e um \u00f3bito, a Embasa iniciou uma s\u00e9rie de medidas visando a seguran\u00e7a da sa\u00fade da popula\u00e7\u00e3o local\u201d.<\/p>\n<p style=\"text-align: justify;\">A nota pontuou que, no \u201cdia 11 (de setembro), a empresa interrompeu o abastecimento nas localidades rurais de Lagoa do Boi, Lagoa dos Cavalos e Jurema e iniciou uma investiga\u00e7\u00e3o por meio da coleta de amostras no reservat\u00f3rio e na rede distribuidora local e de an\u00e1lise em laborat\u00f3rio para verificar se a \u00e1gua est\u00e1 dentro dos padr\u00f5es de potabilidade determinados pelo Minist\u00e9rio da Sa\u00fade e se existem ind\u00edcios de subst\u00e2ncias contaminantes na \u00e1gua\u201d.<\/p>\n<p style=\"text-align: justify;\">A empresa disse, tamb\u00e9m, que \u201cos resultados obtidos at\u00e9 agora indicam que a \u00e1gua distribu\u00edda na localidade tem cloro residual dentro de padr\u00e3o recomendado pelo Minist\u00e9rio da Sa\u00fade e n\u00e3o tem presen\u00e7a de microrganismos nocivos \u00e0 sa\u00fade ou que coloquem em risco a sa\u00fade da popula\u00e7\u00e3o\u201d.<\/p>\n<p style=\"text-align: justify;\">Falou tamb\u00e9m que, nesta manh\u00e3, \u201ct\u00e9cnicos da empresa coletaram amostras no reservat\u00f3rio do sistema de abastecimento para analisar mais par\u00e2metros de potabilidade e chegar a evid\u00eancias conclusivas sobre a qualidade da \u00e1gua distribu\u00edda nessas localidades\u201d.<\/p>\n<p style=\"text-align: justify;\">Pontuou que \u201co abastecimento vai continuar interrompido nas tr\u00eas localidades at\u00e9 que todas as evid\u00eancias quanto \u00e0 qualidade da \u00e1gua distribu\u00edda nessas localidades sejam apresentadas \u00e0 Vigil\u00e2ncia Sanit\u00e1ria\u201d.<\/p>\n<p style=\"text-align: justify;\">Fonte: Not\u00edcias de SantaLuz<\/p>\n","protected":false},"excerpt":{"rendered":"<p>Duas das mais de 30 pessoas que passarem mal e foram hospitalizadas depois de beberem \u00e1gua na cidade de Araci, na regi\u00e3o sisaleira da Bahia, foram diagnosticadas com o rotav\u00edrus, doen\u00e7a provocada pela ingest\u00e3o de \u00e1gua ou alimentos contaminados por v\u00edrus. A informa\u00e7\u00e3o \u00e9 da secret\u00e1ria de Sa\u00fade da cidade. Um beb\u00ea morreu ap\u00f3s apresentar &hellip;<\/p>\n","protected":false},"author":2,"featured_media":29384,"comment_status":"open","ping_status":"open","sticky":false,"template":"","format":"standard","meta":{"om_disable_all_campaigns":false,"_monsterinsights_skip_tracking":false,"_monsterinsights_sitenote_active":false,"_monsterinsights_sitenote_note":"","_monsterinsights_sitenote_category":0,"footnotes":""},"categories":[41,70,69,32,19],"tags":[100,2605,71,48,49,75,45,2606,46,129,107,44,132,230,3828,106,203,120,51,109,88,47,3906,111,190],"class_list":["post-29417","post","type-post","status-publish","format-standard","has-post-thumbnail","hentry","category-araci","category-destaques","category-noticias2","category-regiao","category-saude","tag-adustina","tag-agua","tag-antas","tag-araci","tag-banzae","tag-cicero-dantas","tag-cipo","tag-contaminacao","tag-crisopolis","tag-euclides-da-cunha","tag-fatima","tag-heliopolis","tag-itapicuru","tag-jeremoabo","tag-noticias","tag-nova-soure","tag-novo-triunfo","tag-olindina","tag-paripiranga","tag-quijingue","tag-ribeira-do-amparo","tag-ribeira-do-pombal","tag-rotavirus","tag-sitio-do-quinto","tag-tucano"],"aioseo_notices":[],"_links":{"self":[{"href":"https:\/\/www.portalalerta.com.br\/index.php\/wp-json\/wp\/v2\/posts\/29417","targetHints":{"allow":["GET"]}}],"collection":[{"href":"https:\/\/www.portalalerta.com.br\/index.php\/wp-json\/wp\/v2\/posts"}],"about":[{"href":"https:\/\/www.portalalerta.com.br\/index.php\/wp-json\/wp\/v2\/types\/post"}],"author":[{"embeddable":true,"href":"https:\/\/www.portalalerta.com.br\/index.php\/wp-json\/wp\/v2\/users\/2"}],"replies":[{"embeddable":true,"href":"https:\/\/www.portalalerta.com.br\/index.php\/wp-json\/wp\/v2\/comments?post=29417"}],"version-history":[{"count":1,"href":"https:\/\/www.portalalerta.com.br\/index.php\/wp-json\/wp\/v2\/posts\/29417\/revisions"}],"predecessor-version":[{"id":29418,"href":"https:\/\/www.portalalerta.com.br\/index.php\/wp-json\/wp\/v2\/posts\/29417\/revisions\/29418"}],"wp:featuredmedia":[{"embeddable":true,"href":"https:\/\/www.portalalerta.com.br\/index.php\/wp-json\/wp\/v2\/media\/29384"}],"wp:attachment":[{"href":"https:\/\/www.portalalerta.com.br\/index.php\/wp-json\/wp\/v2\/media?parent=29417"}],"wp:term":[{"taxonomy":"category","embeddable":true,"href":"https:\/\/www.portalalerta.com.br\/index.php\/wp-json\/wp\/v2\/categories?post=29417"},{"taxonomy":"post_tag","embeddable":true,"href":"https:\/\/www.portalalerta.com.br\/index.php\/wp-json\/wp\/v2\/tags?post=29417"}],"curies":[{"name":"wp","href":"https:\/\/api.w.org\/{rel}","templated":true}]}}