{"id":29434,"date":"2020-09-17T20:50:22","date_gmt":"2020-09-17T23:50:22","guid":{"rendered":"https:\/\/www.portalalerta.com.br\/?p=29434"},"modified":"2020-09-17T20:50:22","modified_gmt":"2020-09-17T23:50:22","slug":"vacinacao-para-covid-19-na-bahia-so-em-marco-de-2021-diz-secretario-de-saude","status":"publish","type":"post","link":"https:\/\/www.portalalerta.com.br\/index.php\/2020\/09\/17\/vacinacao-para-covid-19-na-bahia-so-em-marco-de-2021-diz-secretario-de-saude\/","title":{"rendered":"Vacina\u00e7\u00e3o para Covid-19 na Bahia s\u00f3 em mar\u00e7o de 2021, diz secret\u00e1rio de Sa\u00fade"},"content":{"rendered":"<p style=\"text-align: justify;\">A t\u00e3o sonhada vacina para a covid-19 deve demorar. Ela s\u00f3 deve come\u00e7ar a ser aplicada nos baianos a partir de mar\u00e7o de 2021. A estimativa foi feita por Fa\u0301bio Vilas-Boas, secret\u00e1rio da Sau\u0301de da Bahia, nesta ter\u00e7a-feira (15) no programa Sa\u00fade &amp; Bem-Estar, apresentado pelo jornalista Jorge Gauthier no Instagram do jornal Correio.<!--more--><\/p>\n<p style=\"text-align: justify;\">Apesar da Bahia ter a parceria com a R\u00fassia em andamento para a distribui\u00e7\u00e3o de 50 milh\u00f5es de doses da vacina, o secret\u00e1rio destacou que o prazo para o in\u00edcio da imuniza\u00e7\u00e3o ainda depende da aprova\u00e7\u00e3o e registro da vacina junto \u00e0 Anvisa. \u201cAtrav\u00e9s da Bahia, o Brasil ter\u00e1 prioridade de 50 milh\u00f5es de doses. E ela s\u00f3 ser\u00e1 vendida no pa\u00eds depois de aprovada pela Anvisa. A ag\u00eancia s\u00f3 aprova a partir de resultados cl\u00ednicos positivos. A previs\u00e3o mais racional \u00e9 que a vacina\u00e7\u00e3o comece aqui apenas em mar\u00e7o de 2021. E ser\u00e1 uma vacina de duas doses \u2013 com intervalo estimado de 21 dias entre as doses. O que \u00e9 preocupante, pois ader\u00eancia \u00e0 segunda dose, que acontecer\u00e1 cerca de um m\u00eas depois, geralmente \u00e9 menor. E vai faltar seringa no mundo, mas a Bahia j\u00e1 est\u00e1 se preparando\u201d, afirmou o secret\u00e1rio.<\/p>\n<div data-mvc-banner=\"leaderboard\"><\/div>\n<p><script type=\"text\/javascript\"> (function(storeName) { var b = document.createElement('script'); b.type = 'text\/javascript'; b.async = true; b.src = 'https:\/\/www.magazinevoce.com.br\/js\/banner.js?store='+ storeName; var s = document.getElementsByTagName('script')[0]; s.parentNode.insertBefore(b, s); })('Nvscosta'); <\/script><\/p>\n<p style=\"text-align: justify;\">Al\u00e9m disso, Vilas-Boas refor\u00e7ou que, na rede p\u00fablica, a vacina n\u00e3o ter\u00e1 como contemplar todos os baianos. \u201cA prioridade ser\u00e3o as pessoas que s\u00e3o grupos de risco\u201d, disse o secret\u00e1rio. Vilas-Boas destacou ainda que n\u00e3o acha seguro o retorno das aulas sem vacina, que os hospitais de campanha devem ser desativados progressivamente e refor\u00e7ou a necessidade das pessoas continuarem usando as m\u00e1scaras pois h\u00e1 um risco de uma segunda onda da pandemia a exemplo do que j\u00e1 aconteceu em pa\u00edses da Europa.<\/p>\n<p style=\"text-align: justify;\">O secret\u00e1rio falou tamb\u00e9m do legado de infraestrutura para a sa\u00fade do estado com a inten\u00e7\u00e3o de manuten\u00e7\u00e3o de 60% dos atuais leitos de UTI.<\/p>\n<p style=\"text-align: justify;\"><em>Fonte: A Voz do Campo<\/em><\/p>\n","protected":false},"excerpt":{"rendered":"<p>A t\u00e3o sonhada vacina para a covid-19 deve demorar. Ela s\u00f3 deve come\u00e7ar a ser aplicada nos baianos a partir de mar\u00e7o de 2021. A estimativa foi feita por Fa\u0301bio Vilas-Boas, secret\u00e1rio da Sau\u0301de da Bahia, nesta ter\u00e7a-feira (15) no programa Sa\u00fade &amp; Bem-Estar, apresentado pelo jornalista Jorge Gauthier no Instagram do jornal Correio.<\/p>\n","protected":false},"author":2,"featured_media":23152,"comment_status":"open","ping_status":"open","sticky":false,"template":"","format":"standard","meta":{"om_disable_all_campaigns":false,"_monsterinsights_skip_tracking":false,"_monsterinsights_sitenote_active":false,"_monsterinsights_sitenote_note":"","_monsterinsights_sitenote_category":0,"footnotes":""},"categories":[33,70,69,19],"tags":[54,3429,3486,3508,61,3507,371],"class_list":["post-29434","post","type-post","status-publish","format-standard","has-post-thumbnail","hentry","category-bahia","category-destaques","category-noticias2","category-saude","tag-bahia","tag-coronavirus","tag-covid-19","tag-fabio-vilas-boas","tag-saude","tag-secretario-de-saude","tag-vacinacao"],"aioseo_notices":[],"_links":{"self":[{"href":"https:\/\/www.portalalerta.com.br\/index.php\/wp-json\/wp\/v2\/posts\/29434","targetHints":{"allow":["GET"]}}],"collection":[{"href":"https:\/\/www.portalalerta.com.br\/index.php\/wp-json\/wp\/v2\/posts"}],"about":[{"href":"https:\/\/www.portalalerta.com.br\/index.php\/wp-json\/wp\/v2\/types\/post"}],"author":[{"embeddable":true,"href":"https:\/\/www.portalalerta.com.br\/index.php\/wp-json\/wp\/v2\/users\/2"}],"replies":[{"embeddable":true,"href":"https:\/\/www.portalalerta.com.br\/index.php\/wp-json\/wp\/v2\/comments?post=29434"}],"version-history":[{"count":1,"href":"https:\/\/www.portalalerta.com.br\/index.php\/wp-json\/wp\/v2\/posts\/29434\/revisions"}],"predecessor-version":[{"id":29435,"href":"https:\/\/www.portalalerta.com.br\/index.php\/wp-json\/wp\/v2\/posts\/29434\/revisions\/29435"}],"wp:featuredmedia":[{"embeddable":true,"href":"https:\/\/www.portalalerta.com.br\/index.php\/wp-json\/wp\/v2\/media\/23152"}],"wp:attachment":[{"href":"https:\/\/www.portalalerta.com.br\/index.php\/wp-json\/wp\/v2\/media?parent=29434"}],"wp:term":[{"taxonomy":"category","embeddable":true,"href":"https:\/\/www.portalalerta.com.br\/index.php\/wp-json\/wp\/v2\/categories?post=29434"},{"taxonomy":"post_tag","embeddable":true,"href":"https:\/\/www.portalalerta.com.br\/index.php\/wp-json\/wp\/v2\/tags?post=29434"}],"curies":[{"name":"wp","href":"https:\/\/api.w.org\/{rel}","templated":true}]}}