{"id":29486,"date":"2020-09-20T13:38:08","date_gmt":"2020-09-20T16:38:08","guid":{"rendered":"https:\/\/www.portalalerta.com.br\/?p=29486"},"modified":"2020-09-20T13:38:08","modified_gmt":"2020-09-20T16:38:08","slug":"no-dia-em-que-completou-87-anos-de-emancipacao-politica-ribeira-do-pombal-ba-foi-presenteada-com-acoes-e-inauguracoes-nas-areas-de-saude-educacao-e-lazer","status":"publish","type":"post","link":"https:\/\/www.portalalerta.com.br\/index.php\/2020\/09\/20\/no-dia-em-que-completou-87-anos-de-emancipacao-politica-ribeira-do-pombal-ba-foi-presenteada-com-acoes-e-inauguracoes-nas-areas-de-saude-educacao-e-lazer\/","title":{"rendered":"No dia em que completou 87 anos de Emancipa\u00e7\u00e3o Pol\u00edtica, Ribeira do Pombal-BA foi presenteada com a\u00e7\u00f5es e inaugura\u00e7\u00f5es, nas \u00e1reas de: sa\u00fade, educa\u00e7\u00e3o e lazer!"},"content":{"rendered":"<p style=\"text-align: justify;\">No \u00faltimo s\u00e1bado, 19, o munic\u00edpio de Ribeira do Pombal-BA completou 87 anos de Emancipa\u00e7\u00e3o Pol\u00edtica.<!--more--><\/p>\n<p style=\"text-align: justify;\">Por conta da Pandemia do Coronav\u00edrus, a festa de anivers\u00e1rio foi diferente dos anos anteriores, tendo em vista que n\u00e3o contou com os shows art\u00edsticos, que tem se tornado tradi\u00e7\u00e3o, por\u00e9m o munic\u00edpio teve raz\u00f5es para comemorar.<\/p>\n<p style=\"text-align: justify;\"><img fetchpriority=\"high\" decoding=\"async\" class=\"size-thumbnail wp-image-4869 aligncenter\" src=\"https:\/\/www.portalalerta.com.br\/wp-content\/uploads\/2018\/02\/Auto-Escola-Nobre-720x181.jpg\" alt=\"\" width=\"720\" height=\"181\" srcset=\"https:\/\/www.portalalerta.com.br\/wp-content\/uploads\/2018\/02\/Auto-Escola-Nobre.jpg 720w, https:\/\/www.portalalerta.com.br\/wp-content\/uploads\/2018\/02\/Auto-Escola-Nobre-260x65.jpg 260w, https:\/\/www.portalalerta.com.br\/wp-content\/uploads\/2018\/02\/Auto-Escola-Nobre-50x13.jpg 50w, https:\/\/www.portalalerta.com.br\/wp-content\/uploads\/2018\/02\/Auto-Escola-Nobre-150x38.jpg 150w\" sizes=\"(max-width: 720px) 100vw, 720px\" \/>Inicialmente, na \u00e1rea da educa\u00e7\u00e3o, moradores do Povoado Feira da Serra presenciaram a inaugura\u00e7\u00e3o do Centro Municipal de Educa\u00e7\u00e3o Infantil Nossa Senhora das Gra\u00e7as. J\u00e1 na sede, foram entregues: um Consult\u00f3rio Odontol\u00f3gico no Posto de Sa\u00fade da Zona Sul, bem como entrega de equipamentos de urg\u00eancia e emerg\u00eancia para a Secretaria Municipal de Sa\u00fade. Por fim, foi inaugurada a Pra\u00e7a Jos\u00e9 Antonio Gabriel, na Av. Pedro Rodrigues da Concei\u00e7\u00e3o.<\/p>\n<figure id=\"attachment_29487\" aria-describedby=\"caption-attachment-29487\" style=\"width: 720px\" class=\"wp-caption aligncenter\"><img decoding=\"async\" class=\"wp-image-29487 size-full\" src=\"https:\/\/www.portalalerta.com.br\/wp-content\/uploads\/2020\/09\/Centro-Odontol\u00f3gico-em-Ribeira-do-Pombal-2020.jpg\" alt=\"\" width=\"720\" height=\"477\" srcset=\"https:\/\/www.portalalerta.com.br\/wp-content\/uploads\/2020\/09\/Centro-Odontol\u00f3gico-em-Ribeira-do-Pombal-2020.jpg 720w, https:\/\/www.portalalerta.com.br\/wp-content\/uploads\/2020\/09\/Centro-Odontol\u00f3gico-em-Ribeira-do-Pombal-2020-362x240.jpg 362w, https:\/\/www.portalalerta.com.br\/wp-content\/uploads\/2020\/09\/Centro-Odontol\u00f3gico-em-Ribeira-do-Pombal-2020-220x146.jpg 220w, https:\/\/www.portalalerta.com.br\/wp-content\/uploads\/2020\/09\/Centro-Odontol\u00f3gico-em-Ribeira-do-Pombal-2020-50x33.jpg 50w, https:\/\/www.portalalerta.com.br\/wp-content\/uploads\/2020\/09\/Centro-Odontol\u00f3gico-em-Ribeira-do-Pombal-2020-113x75.jpg 113w\" sizes=\"(max-width: 720px) 100vw, 720px\" \/><figcaption id=\"caption-attachment-29487\" class=\"wp-caption-text\">Entrega do Consult\u00f3rio Odontol\u00f3gico no Posto de Sa\u00fade da Zona Sul<\/figcaption><\/figure>\n<p>&nbsp;<\/p>\n<figure id=\"attachment_29488\" aria-describedby=\"caption-attachment-29488\" style=\"width: 720px\" class=\"wp-caption aligncenter\"><img decoding=\"async\" class=\"wp-image-29488 size-full\" src=\"https:\/\/www.portalalerta.com.br\/wp-content\/uploads\/2020\/09\/entrega-de-equipamentos-de-emerg\u00eancia-e-urg\u00eancia-em-Ribeira-do-Pombal-2020.jpg\" alt=\"\" width=\"720\" height=\"462\" srcset=\"https:\/\/www.portalalerta.com.br\/wp-content\/uploads\/2020\/09\/entrega-de-equipamentos-de-emerg\u00eancia-e-urg\u00eancia-em-Ribeira-do-Pombal-2020.jpg 720w, https:\/\/www.portalalerta.com.br\/wp-content\/uploads\/2020\/09\/entrega-de-equipamentos-de-emerg\u00eancia-e-urg\u00eancia-em-Ribeira-do-Pombal-2020-374x240.jpg 374w, https:\/\/www.portalalerta.com.br\/wp-content\/uploads\/2020\/09\/entrega-de-equipamentos-de-emerg\u00eancia-e-urg\u00eancia-em-Ribeira-do-Pombal-2020-228x146.jpg 228w, https:\/\/www.portalalerta.com.br\/wp-content\/uploads\/2020\/09\/entrega-de-equipamentos-de-emerg\u00eancia-e-urg\u00eancia-em-Ribeira-do-Pombal-2020-50x32.jpg 50w, https:\/\/www.portalalerta.com.br\/wp-content\/uploads\/2020\/09\/entrega-de-equipamentos-de-emerg\u00eancia-e-urg\u00eancia-em-Ribeira-do-Pombal-2020-117x75.jpg 117w\" sizes=\"(max-width: 720px) 100vw, 720px\" \/><figcaption id=\"caption-attachment-29488\" class=\"wp-caption-text\">Equipamento de Emerg\u00eancia e Urg\u00eancia foram entregues \u00e0 Secretaria Municipal de Sa\u00fade<\/figcaption><\/figure>\n<p>&nbsp;<\/p>\n<figure id=\"attachment_29489\" aria-describedby=\"caption-attachment-29489\" style=\"width: 720px\" class=\"wp-caption aligncenter\"><img loading=\"lazy\" decoding=\"async\" class=\"wp-image-29489 size-full\" src=\"https:\/\/www.portalalerta.com.br\/wp-content\/uploads\/2020\/09\/inaugura\u00e7\u00e3o-da-Pra\u00e7a-Jos\u00e9-Antonio-Gabriel.jpg\" alt=\"\" width=\"720\" height=\"518\" srcset=\"https:\/\/www.portalalerta.com.br\/wp-content\/uploads\/2020\/09\/inaugura\u00e7\u00e3o-da-Pra\u00e7a-Jos\u00e9-Antonio-Gabriel.jpg 720w, https:\/\/www.portalalerta.com.br\/wp-content\/uploads\/2020\/09\/inaugura\u00e7\u00e3o-da-Pra\u00e7a-Jos\u00e9-Antonio-Gabriel-334x240.jpg 334w, https:\/\/www.portalalerta.com.br\/wp-content\/uploads\/2020\/09\/inaugura\u00e7\u00e3o-da-Pra\u00e7a-Jos\u00e9-Antonio-Gabriel-203x146.jpg 203w, https:\/\/www.portalalerta.com.br\/wp-content\/uploads\/2020\/09\/inaugura\u00e7\u00e3o-da-Pra\u00e7a-Jos\u00e9-Antonio-Gabriel-50x36.jpg 50w, https:\/\/www.portalalerta.com.br\/wp-content\/uploads\/2020\/09\/inaugura\u00e7\u00e3o-da-Pra\u00e7a-Jos\u00e9-Antonio-Gabriel-104x75.jpg 104w\" sizes=\"(max-width: 720px) 100vw, 720px\" \/><figcaption id=\"caption-attachment-29489\" class=\"wp-caption-text\">Pra\u00e7a Jos\u00e9 Antonio Gabriel<\/figcaption><\/figure>\n<p style=\"text-align: justify;\">O prefeito da cidade, Ricardo Maia, afirmou que \u201ca agenda de anivers\u00e1rio foi cumprida, onde foram entregues as referidas obras, bem como foram autorizadas o in\u00edcio de v\u00e1rias outras, garantindo mais novidades at\u00e9 o final do seu mandato\u201d, ao tempo em que parabenizou o munic\u00edpio pela data em quest\u00e3o.<\/p>\n<p style=\"text-align: justify;\"><em>Reda\u00e7\u00e3o: Portal Alerta<\/em><\/p>\n<p style=\"text-align: justify;\"><strong><em>#fiqueemcasa<\/em><\/strong><\/p>\n<p style=\"text-align: justify;\"><strong><em>#usemascaras<\/em><\/strong><\/p>\n","protected":false},"excerpt":{"rendered":"<p>No \u00faltimo s\u00e1bado, 19, o munic\u00edpio de Ribeira do Pombal-BA completou 87 anos de Emancipa\u00e7\u00e3o Pol\u00edtica.<\/p>\n","protected":false},"author":2,"featured_media":29490,"comment_status":"open","ping_status":"open","sticky":false,"template":"","format":"standard","meta":{"om_disable_all_campaigns":false,"_monsterinsights_skip_tracking":false,"_monsterinsights_sitenote_active":false,"_monsterinsights_sitenote_note":"","_monsterinsights_sitenote_category":0,"footnotes":""},"categories":[70,20,36,69,21,32,3,19],"tags":[100,1089,71,48,49,75,45,46,1608,129,107,44,674,132,230,3828,106,203,120,51,198,109,88,47,146,111,190],"class_list":["post-29486","post","type-post","status-publish","format-standard","has-post-thumbnail","hentry","category-destaques","category-educacao","category-lazer","category-noticias2","category-politica","category-regiao","category-ribeira-do-pombal","category-saude","tag-adustina","tag-aniversario","tag-antas","tag-araci","tag-banzae","tag-cicero-dantas","tag-cipo","tag-crisopolis","tag-emancipacao-politica","tag-euclides-da-cunha","tag-fatima","tag-heliopolis","tag-inauguracoes","tag-itapicuru","tag-jeremoabo","tag-noticias","tag-nova-soure","tag-novo-triunfo","tag-olindina","tag-paripiranga","tag-prefeito","tag-quijingue","tag-ribeira-do-amparo","tag-ribeira-do-pombal","tag-ricardo-maia","tag-sitio-do-quinto","tag-tucano"],"aioseo_notices":[],"_links":{"self":[{"href":"https:\/\/www.portalalerta.com.br\/index.php\/wp-json\/wp\/v2\/posts\/29486","targetHints":{"allow":["GET"]}}],"collection":[{"href":"https:\/\/www.portalalerta.com.br\/index.php\/wp-json\/wp\/v2\/posts"}],"about":[{"href":"https:\/\/www.portalalerta.com.br\/index.php\/wp-json\/wp\/v2\/types\/post"}],"author":[{"embeddable":true,"href":"https:\/\/www.portalalerta.com.br\/index.php\/wp-json\/wp\/v2\/users\/2"}],"replies":[{"embeddable":true,"href":"https:\/\/www.portalalerta.com.br\/index.php\/wp-json\/wp\/v2\/comments?post=29486"}],"version-history":[{"count":1,"href":"https:\/\/www.portalalerta.com.br\/index.php\/wp-json\/wp\/v2\/posts\/29486\/revisions"}],"predecessor-version":[{"id":29491,"href":"https:\/\/www.portalalerta.com.br\/index.php\/wp-json\/wp\/v2\/posts\/29486\/revisions\/29491"}],"wp:featuredmedia":[{"embeddable":true,"href":"https:\/\/www.portalalerta.com.br\/index.php\/wp-json\/wp\/v2\/media\/29490"}],"wp:attachment":[{"href":"https:\/\/www.portalalerta.com.br\/index.php\/wp-json\/wp\/v2\/media?parent=29486"}],"wp:term":[{"taxonomy":"category","embeddable":true,"href":"https:\/\/www.portalalerta.com.br\/index.php\/wp-json\/wp\/v2\/categories?post=29486"},{"taxonomy":"post_tag","embeddable":true,"href":"https:\/\/www.portalalerta.com.br\/index.php\/wp-json\/wp\/v2\/tags?post=29486"}],"curies":[{"name":"wp","href":"https:\/\/api.w.org\/{rel}","templated":true}]}}