{"id":29556,"date":"2020-09-23T06:19:07","date_gmt":"2020-09-23T09:19:07","guid":{"rendered":"https:\/\/www.portalalerta.com.br\/?p=29556"},"modified":"2020-09-23T06:19:07","modified_gmt":"2020-09-23T09:19:07","slug":"covid-19-vacina-desenvolvida-em-parceria-entre-estados-unidos-e-belgica-sera-testada-na-bahia","status":"publish","type":"post","link":"https:\/\/www.portalalerta.com.br\/index.php\/2020\/09\/23\/covid-19-vacina-desenvolvida-em-parceria-entre-estados-unidos-e-belgica-sera-testada-na-bahia\/","title":{"rendered":"Covid-19: vacina desenvolvida em parceria entre Estados Unidos e B\u00e9lgica ser\u00e1 testada na Bahia"},"content":{"rendered":"<p style=\"text-align: justify;\">A vacina contra a Covid-19, desenvolvida pela farmac\u00eautica Jansen-Cilag, em parceria entre Estados Unidos e B\u00e9lgica, ser\u00e1 testada na Bahia. Cerca de mil volunt\u00e1rios ser\u00e3o imunizados no estado. Esta \u00e9 uma das seis vacinas que est\u00e3o na terceira e \u00faltima fase de testes.<!--more--><\/p>\n<p style=\"text-align: justify;\"><img fetchpriority=\"high\" decoding=\"async\" class=\"size-thumbnail wp-image-9394 alignleft\" src=\"https:\/\/www.portalalerta.com.br\/wp-content\/uploads\/2018\/07\/05elab-320x240.jpg\" alt=\"\" width=\"320\" height=\"240\" srcset=\"https:\/\/www.portalalerta.com.br\/wp-content\/uploads\/2018\/07\/05elab-320x240.jpg 320w, https:\/\/www.portalalerta.com.br\/wp-content\/uploads\/2018\/07\/05elab-195x146.jpg 195w, https:\/\/www.portalalerta.com.br\/wp-content\/uploads\/2018\/07\/05elab-50x38.jpg 50w, https:\/\/www.portalalerta.com.br\/wp-content\/uploads\/2018\/07\/05elab-100x75.jpg 100w, https:\/\/www.portalalerta.com.br\/wp-content\/uploads\/2018\/07\/05elab.jpg 400w\" sizes=\"(max-width: 320px) 100vw, 320px\" \/>A assessoria do Complexo Hospitalar Universit\u00e1rio Professor Edgard Santos da Universidade Federal da Bahia, que vai conduzir o protocolo da pesquisa, informou ao Correio que o processo de imuniza\u00e7\u00e3o deveria ter come\u00e7ado na \u00faltima segunda-feira (21), mas foi adiado \u201cem raz\u00e3o de mudan\u00e7as com a farmac\u00eautica\u201d. O teste deve ser iniciado nos pr\u00f3ximos dias.<\/p>\n<p style=\"text-align: justify;\">Volunt\u00e1rios de outros seis estados completam o estudo no Brasil: Rio Grande do Norte, Minas Gerais, Rio de Janeiro, S\u00e3o Paulo, Paran\u00e1 e Rio Grande do Sul. No total, est\u00e1 prevista a aplica\u00e7\u00e3o dos testes em sete mil brasileiros. Ao redor do mundo, a vacina ser\u00e1 testada por at\u00e9 60 mil volunt\u00e1rios.<\/p>\n<p style=\"text-align: justify;\"><em>Fonte: Metro1<\/em><\/p>\n","protected":false},"excerpt":{"rendered":"<p>A vacina contra a Covid-19, desenvolvida pela farmac\u00eautica Jansen-Cilag, em parceria entre Estados Unidos e B\u00e9lgica, ser\u00e1 testada na Bahia. Cerca de mil volunt\u00e1rios ser\u00e3o imunizados no estado. Esta \u00e9 uma das seis vacinas que est\u00e3o na terceira e \u00faltima fase de testes.<\/p>\n","protected":false},"author":2,"featured_media":21325,"comment_status":"open","ping_status":"open","sticky":false,"template":"","format":"standard","meta":{"om_disable_all_campaigns":false,"_monsterinsights_skip_tracking":false,"_monsterinsights_sitenote_active":false,"_monsterinsights_sitenote_note":"","_monsterinsights_sitenote_category":0,"footnotes":""},"categories":[33,70,35,69,19],"tags":[100,71,48,54,49,75,45,3429,3486,46,327,129,107,44,132,230,3828,106,203,120,51,109,88,47,111,190,3570],"class_list":["post-29556","post","type-post","status-publish","format-standard","has-post-thumbnail","hentry","category-bahia","category-destaques","category-mundo","category-noticias2","category-saude","tag-adustina","tag-antas","tag-araci","tag-bahia","tag-banzae","tag-cicero-dantas","tag-cipo","tag-coronavirus","tag-covid-19","tag-crisopolis","tag-eua","tag-euclides-da-cunha","tag-fatima","tag-heliopolis","tag-itapicuru","tag-jeremoabo","tag-noticias","tag-nova-soure","tag-novo-triunfo","tag-olindina","tag-paripiranga","tag-quijingue","tag-ribeira-do-amparo","tag-ribeira-do-pombal","tag-sitio-do-quinto","tag-tucano","tag-vacina"],"aioseo_notices":[],"_links":{"self":[{"href":"https:\/\/www.portalalerta.com.br\/index.php\/wp-json\/wp\/v2\/posts\/29556","targetHints":{"allow":["GET"]}}],"collection":[{"href":"https:\/\/www.portalalerta.com.br\/index.php\/wp-json\/wp\/v2\/posts"}],"about":[{"href":"https:\/\/www.portalalerta.com.br\/index.php\/wp-json\/wp\/v2\/types\/post"}],"author":[{"embeddable":true,"href":"https:\/\/www.portalalerta.com.br\/index.php\/wp-json\/wp\/v2\/users\/2"}],"replies":[{"embeddable":true,"href":"https:\/\/www.portalalerta.com.br\/index.php\/wp-json\/wp\/v2\/comments?post=29556"}],"version-history":[{"count":1,"href":"https:\/\/www.portalalerta.com.br\/index.php\/wp-json\/wp\/v2\/posts\/29556\/revisions"}],"predecessor-version":[{"id":29557,"href":"https:\/\/www.portalalerta.com.br\/index.php\/wp-json\/wp\/v2\/posts\/29556\/revisions\/29557"}],"wp:featuredmedia":[{"embeddable":true,"href":"https:\/\/www.portalalerta.com.br\/index.php\/wp-json\/wp\/v2\/media\/21325"}],"wp:attachment":[{"href":"https:\/\/www.portalalerta.com.br\/index.php\/wp-json\/wp\/v2\/media?parent=29556"}],"wp:term":[{"taxonomy":"category","embeddable":true,"href":"https:\/\/www.portalalerta.com.br\/index.php\/wp-json\/wp\/v2\/categories?post=29556"},{"taxonomy":"post_tag","embeddable":true,"href":"https:\/\/www.portalalerta.com.br\/index.php\/wp-json\/wp\/v2\/tags?post=29556"}],"curies":[{"name":"wp","href":"https:\/\/api.w.org\/{rel}","templated":true}]}}