{"id":29561,"date":"2020-09-23T06:20:55","date_gmt":"2020-09-23T09:20:55","guid":{"rendered":"https:\/\/www.portalalerta.com.br\/?p=29561"},"modified":"2020-09-23T06:20:55","modified_gmt":"2020-09-23T09:20:55","slug":"elias-maluco-e-encontrado-morto-em-penitenciaria-no-parana","status":"publish","type":"post","link":"https:\/\/www.portalalerta.com.br\/index.php\/2020\/09\/23\/elias-maluco-e-encontrado-morto-em-penitenciaria-no-parana\/","title":{"rendered":"Elias Maluco \u00e9 encontrado morto em penitenci\u00e1ria no Paran\u00e1"},"content":{"rendered":"<p style=\"text-align: justify;\">Preso desde 2002, o traficante Elias Pereira da Silva, popularmente conhecido como Elias Maluco, foi encontrado morto nesta ter\u00e7a (22), na Penitenci\u00e1ria Federal de Catanduvas, unidade de seguran\u00e7a m\u00e1xima localizada na regi\u00e3o norte do Paran\u00e1.<!--more--><\/p>\n<p style=\"text-align: justify;\">A informa\u00e7\u00e3o foi confirmada pelo Depen (Departamento Penitenci\u00e1rio), \u00f3rg\u00e3o ligado ao Minist\u00e9rio da Justi\u00e7a e Seguran\u00e7a P\u00fablica. De acordo com o Depen, a fam\u00edlia do traficante foi informada de sua morte.<\/p>\n<p style=\"text-align: justify;\">A Pol\u00edcia Federal foi chamada para fazer per\u00edcia no local onde Elias foi encontrado morto.<\/p>\n<p style=\"text-align: justify;\">Elias Maluco foi capturado em 19 de setembro de 2002 ap\u00f3s uma a\u00e7\u00e3o policial no Complexo do Alem\u00e3o que durou tr\u00eas dias.<\/p>\n<p style=\"text-align: justify;\"><img fetchpriority=\"high\" decoding=\"async\" class=\"size-thumbnail wp-image-4869 aligncenter\" src=\"https:\/\/www.portalalerta.com.br\/wp-content\/uploads\/2018\/02\/Auto-Escola-Nobre-720x181.jpg\" alt=\"\" width=\"720\" height=\"181\" srcset=\"https:\/\/www.portalalerta.com.br\/wp-content\/uploads\/2018\/02\/Auto-Escola-Nobre.jpg 720w, https:\/\/www.portalalerta.com.br\/wp-content\/uploads\/2018\/02\/Auto-Escola-Nobre-260x65.jpg 260w, https:\/\/www.portalalerta.com.br\/wp-content\/uploads\/2018\/02\/Auto-Escola-Nobre-50x13.jpg 50w, https:\/\/www.portalalerta.com.br\/wp-content\/uploads\/2018\/02\/Auto-Escola-Nobre-150x38.jpg 150w\" sizes=\"(max-width: 720px) 100vw, 720px\" \/>Em dezembro de 2002, ele foi condenado a 13 anos de pris\u00e3o por crimes de tr\u00e1fico e associa\u00e7\u00e3o para o tr\u00e1fico de drogas. Menos de um ano depois, ele foi condenado a mais 18 anos de pris\u00e3o pelos mesmos crimes, mas em um processo diferente.<\/p>\n<p style=\"text-align: justify;\">J\u00e1 em 2005, ele foi condenado a 28,5 anos de pris\u00e3o pelos crimes de homic\u00eddio triplamente qualificado, forma\u00e7\u00e3o de quadrilha e oculta\u00e7\u00e3o de cad\u00e1ver do rep\u00f3rter Tim Lopes, da TV Globo. Lopes foi assassinado em junho do mesmo ano enquanto fazia uma reportagem sobre abuso de menores em um baile funk na favela Vila Cruzeiro, no Rio de Janeiro.<\/p>\n<p style=\"text-align: justify;\">Ele foi condenado mais uma vez, em 2013, pelo crime de lavagem de dinheiro, junto com a esposa e a sogra. A pena acertada foi de 10 anos, 7 meses e 15 dias de pris\u00e3o.<\/p>\n<p style=\"text-align: justify;\"><em>Fonte: Yahoo Not\u00edcias<\/em><\/p>\n","protected":false},"excerpt":{"rendered":"<p>Preso desde 2002, o traficante Elias Pereira da Silva, popularmente conhecido como Elias Maluco, foi encontrado morto nesta ter\u00e7a (22), na Penitenci\u00e1ria Federal de Catanduvas, unidade de seguran\u00e7a m\u00e1xima localizada na regi\u00e3o norte do Paran\u00e1.<\/p>\n","protected":false},"author":2,"featured_media":29562,"comment_status":"open","ping_status":"open","sticky":false,"template":"","format":"standard","meta":{"om_disable_all_campaigns":false,"_monsterinsights_skip_tracking":false,"_monsterinsights_sitenote_active":false,"_monsterinsights_sitenote_note":"","_monsterinsights_sitenote_category":0,"footnotes":""},"categories":[34,70,69,22],"tags":[100,71,48,49,93,3917,75,45,162,46,3343,129,107,44,132,230,169,3828,106,203,120,51,268,109,88,47,111,197,190],"class_list":["post-29561","post","type-post","status-publish","format-standard","has-post-thumbnail","hentry","category-brasil","category-destaques","category-noticias2","category-seguranca","tag-adustina","tag-antas","tag-araci","tag-banzae","tag-brasil","tag-catanduvas","tag-cicero-dantas","tag-cipo","tag-crime-organizado","tag-crisopolis","tag-elias-maluco","tag-euclides-da-cunha","tag-fatima","tag-heliopolis","tag-itapicuru","tag-jeremoabo","tag-morte","tag-noticias","tag-nova-soure","tag-novo-triunfo","tag-olindina","tag-paripiranga","tag-presidio","tag-quijingue","tag-ribeira-do-amparo","tag-ribeira-do-pombal","tag-sitio-do-quinto","tag-traficante","tag-tucano"],"aioseo_notices":[],"_links":{"self":[{"href":"https:\/\/www.portalalerta.com.br\/index.php\/wp-json\/wp\/v2\/posts\/29561","targetHints":{"allow":["GET"]}}],"collection":[{"href":"https:\/\/www.portalalerta.com.br\/index.php\/wp-json\/wp\/v2\/posts"}],"about":[{"href":"https:\/\/www.portalalerta.com.br\/index.php\/wp-json\/wp\/v2\/types\/post"}],"author":[{"embeddable":true,"href":"https:\/\/www.portalalerta.com.br\/index.php\/wp-json\/wp\/v2\/users\/2"}],"replies":[{"embeddable":true,"href":"https:\/\/www.portalalerta.com.br\/index.php\/wp-json\/wp\/v2\/comments?post=29561"}],"version-history":[{"count":2,"href":"https:\/\/www.portalalerta.com.br\/index.php\/wp-json\/wp\/v2\/posts\/29561\/revisions"}],"predecessor-version":[{"id":29567,"href":"https:\/\/www.portalalerta.com.br\/index.php\/wp-json\/wp\/v2\/posts\/29561\/revisions\/29567"}],"wp:featuredmedia":[{"embeddable":true,"href":"https:\/\/www.portalalerta.com.br\/index.php\/wp-json\/wp\/v2\/media\/29562"}],"wp:attachment":[{"href":"https:\/\/www.portalalerta.com.br\/index.php\/wp-json\/wp\/v2\/media?parent=29561"}],"wp:term":[{"taxonomy":"category","embeddable":true,"href":"https:\/\/www.portalalerta.com.br\/index.php\/wp-json\/wp\/v2\/categories?post=29561"},{"taxonomy":"post_tag","embeddable":true,"href":"https:\/\/www.portalalerta.com.br\/index.php\/wp-json\/wp\/v2\/tags?post=29561"}],"curies":[{"name":"wp","href":"https:\/\/api.w.org\/{rel}","templated":true}]}}