{"id":29569,"date":"2020-09-24T11:05:31","date_gmt":"2020-09-24T14:05:31","guid":{"rendered":"https:\/\/www.portalalerta.com.br\/?p=29569"},"modified":"2020-09-24T11:05:31","modified_gmt":"2020-09-24T14:05:31","slug":"ministerio-da-saude-autoriza-retorno-do-publico-nos-estadios-da-serie-a","status":"publish","type":"post","link":"https:\/\/www.portalalerta.com.br\/index.php\/2020\/09\/24\/ministerio-da-saude-autoriza-retorno-do-publico-nos-estadios-da-serie-a\/","title":{"rendered":"Minist\u00e9rio da Sa\u00fade autoriza retorno do p\u00fablico nos est\u00e1dios da S\u00e9rie A"},"content":{"rendered":"<p style=\"text-align: justify;\">O retorno do p\u00fablico aos est\u00e1dios brasileiros parece estar perto de se tornar realidade. Indicando apenas a necessidade da ado\u00e7\u00e3o de um padr\u00e3o de medidas sanit\u00e1rias e um protocolo de sa\u00fade, a volta da torcida foi autorizada\u00a0pelo Minist\u00e9rio da Sa\u00fade, na manh\u00e3 desta ter\u00e7a-feira, 22. A informa\u00e7\u00e3o \u00e9 do jornal O Globo.<!--more--><\/p>\n<div style=\"text-align: justify;\" data-mvc-banner=\"leaderboard\"><\/div>\n<p style=\"text-align: justify;\"><script type=\"text\/javascript\"> (function(storeName) { var b = document.createElement('script'); b.type = 'text\/javascript'; b.async = true; b.src = 'https:\/\/www.magazinevoce.com.br\/js\/banner.js?store='+ storeName; var s = document.getElementsByTagName('script')[0]; s.parentNode.insertBefore(b, s); })('Nvscosta'); <\/script><\/p>\n<p style=\"text-align: justify;\">Em resposta a Confedera\u00e7\u00e3o Brasileira de Futebol (CBF), a pasta comandada pelo ministro Eduardo Pazuello aprovou a presen\u00e7a de at\u00e9 30% do p\u00fablico em todos est\u00e1dios da S\u00e9rie A do Campeonato Brasileiro. O retorno deve ocorrer a partir de outubro.<\/p>\n<p style=\"text-align: justify;\">O aval foi concedido e endere\u00e7ado ao presidente da CBF, Rog\u00e9rio Cabloco, que ainda n\u00e3o se posicionou oficialmente em rela\u00e7\u00e3o ao caso.<\/p>\n<p style=\"text-align: justify;\"><em>Fonte: A Tarde<\/em><\/p>\n","protected":false},"excerpt":{"rendered":"<p>O retorno do p\u00fablico aos est\u00e1dios brasileiros parece estar perto de se tornar realidade. Indicando apenas a necessidade da ado\u00e7\u00e3o de um padr\u00e3o de medidas sanit\u00e1rias e um protocolo de sa\u00fade, a volta da torcida foi autorizada\u00a0pelo Minist\u00e9rio da Sa\u00fade, na manh\u00e3 desta ter\u00e7a-feira, 22. A informa\u00e7\u00e3o \u00e9 do jornal O Globo.<\/p>\n","protected":false},"author":2,"featured_media":29559,"comment_status":"open","ping_status":"open","sticky":false,"template":"","format":"standard","meta":{"om_disable_all_campaigns":false,"_monsterinsights_skip_tracking":false,"_monsterinsights_sitenote_active":false,"_monsterinsights_sitenote_note":"","_monsterinsights_sitenote_category":0,"footnotes":""},"categories":[34,70,2,19],"tags":[100,71,48,49,93,764,75,45,46,96,129,107,97,44,132,230,635,3828,106,203,120,51,109,88,47,111,2202,190],"class_list":["post-29569","post","type-post","status-publish","format-standard","has-post-thumbnail","hentry","category-brasil","category-destaques","category-esportes","category-saude","tag-adustina","tag-antas","tag-araci","tag-banzae","tag-brasil","tag-cbf","tag-cicero-dantas","tag-cipo","tag-crisopolis","tag-esporte","tag-euclides-da-cunha","tag-fatima","tag-futebol","tag-heliopolis","tag-itapicuru","tag-jeremoabo","tag-ministerio-da-saude","tag-noticias","tag-nova-soure","tag-novo-triunfo","tag-olindina","tag-paripiranga","tag-quijingue","tag-ribeira-do-amparo","tag-ribeira-do-pombal","tag-sitio-do-quinto","tag-torcida","tag-tucano"],"aioseo_notices":[],"_links":{"self":[{"href":"https:\/\/www.portalalerta.com.br\/index.php\/wp-json\/wp\/v2\/posts\/29569","targetHints":{"allow":["GET"]}}],"collection":[{"href":"https:\/\/www.portalalerta.com.br\/index.php\/wp-json\/wp\/v2\/posts"}],"about":[{"href":"https:\/\/www.portalalerta.com.br\/index.php\/wp-json\/wp\/v2\/types\/post"}],"author":[{"embeddable":true,"href":"https:\/\/www.portalalerta.com.br\/index.php\/wp-json\/wp\/v2\/users\/2"}],"replies":[{"embeddable":true,"href":"https:\/\/www.portalalerta.com.br\/index.php\/wp-json\/wp\/v2\/comments?post=29569"}],"version-history":[{"count":1,"href":"https:\/\/www.portalalerta.com.br\/index.php\/wp-json\/wp\/v2\/posts\/29569\/revisions"}],"predecessor-version":[{"id":29570,"href":"https:\/\/www.portalalerta.com.br\/index.php\/wp-json\/wp\/v2\/posts\/29569\/revisions\/29570"}],"wp:featuredmedia":[{"embeddable":true,"href":"https:\/\/www.portalalerta.com.br\/index.php\/wp-json\/wp\/v2\/media\/29559"}],"wp:attachment":[{"href":"https:\/\/www.portalalerta.com.br\/index.php\/wp-json\/wp\/v2\/media?parent=29569"}],"wp:term":[{"taxonomy":"category","embeddable":true,"href":"https:\/\/www.portalalerta.com.br\/index.php\/wp-json\/wp\/v2\/categories?post=29569"},{"taxonomy":"post_tag","embeddable":true,"href":"https:\/\/www.portalalerta.com.br\/index.php\/wp-json\/wp\/v2\/tags?post=29569"}],"curies":[{"name":"wp","href":"https:\/\/api.w.org\/{rel}","templated":true}]}}