{"id":29581,"date":"2020-09-24T17:27:09","date_gmt":"2020-09-24T20:27:09","guid":{"rendered":"https:\/\/www.portalalerta.com.br\/?p=29581"},"modified":"2020-09-24T17:27:09","modified_gmt":"2020-09-24T20:27:09","slug":"atestado-de-obito-revela-causa-da-morte-do-traficante-elias-maluco","status":"publish","type":"post","link":"https:\/\/www.portalalerta.com.br\/index.php\/2020\/09\/24\/atestado-de-obito-revela-causa-da-morte-do-traficante-elias-maluco\/","title":{"rendered":"Atestado de \u00f3bito revela causa da morte do traficante Elias Maluco"},"content":{"rendered":"<p style=\"text-align: justify;\">O atestado de \u00f3bito do traficante Elias Pereira da Silva, o Elias Maluco,\u00a0<a href=\"https:\/\/www.portalalerta.com.br\/index.php\/2020\/09\/23\/elias-maluco-e-encontrado-morto-em-penitenciaria-no-parana\/\"><strong>encontrado morto nesta ter\u00e7a-feira (22) dentro da pr\u00f3pria cela<\/strong><\/a>, aponta que a causa da morte foi asfixia mec\u00e2nica, enforcamento e compress\u00e3o do pesco\u00e7o. De acordo com a Pol\u00edcia Federal, o caso indica suic\u00eddio, por\u00e9m o \u00f3rg\u00e3o ainda ir\u00e1 aguardar o resultado da per\u00edcia para tirar conclus\u00f5es.<!--more--><\/p>\n<p style=\"text-align: justify;\">O corpo de Elias foi encontrado ontem dentro da pr\u00f3pria cela na unidade de seguran\u00e7a m\u00e1xima Penitenci\u00e1ria Federal de Catanduvas, localizada na regi\u00e3o norte do Paran\u00e1. Ele cumpria pena h\u00e1 13 anos.<\/p>\n<div data-mvc-banner=\"leaderboard\"><\/div>\n<p><script type=\"text\/javascript\"> (function(storeName) { var b = document.createElement('script'); b.type = 'text\/javascript'; b.async = true; b.src = 'https:\/\/www.magazinevoce.com.br\/js\/banner.js?store='+ storeName; var s = document.getElementsByTagName('script')[0]; s.parentNode.insertBefore(b, s); })('Nvscosta'); <\/script><\/p>\n<p style=\"text-align: justify;\">Elias foi capturado em 19 de setembro de 2002 ap\u00f3s uma a\u00e7\u00e3o policial no Complexo do Alem\u00e3o que durou tr\u00eas dias. Em dezembro de 2002, ele foi condenado a 13 anos de pris\u00e3o por crimes de tr\u00e1fico e associa\u00e7\u00e3o para o tr\u00e1fico de drogas. Menos de um ano depois, ele foi condenado a mais 18 anos de pris\u00e3o pelos mesmos crimes, mas em um processo diferente.<\/p>\n<p style=\"text-align: justify;\">O destaque na m\u00eddia veio em 2005, quando ele foi condenado a 28 anos e meio de pris\u00e3o pelos crimes de homic\u00eddio triplamente qualificado, forma\u00e7\u00e3o de quadrilha e oculta\u00e7\u00e3o de cad\u00e1ver do rep\u00f3rter Tim Lopes, da TV Globo, que foi assassinado em junho do mesmo ano enquanto fazia uma reportagem sobre abuso de menores em um baile funk na favela Vila Cruzeiro, no Rio de Janeiro.<\/p>\n<p style=\"text-align: justify;\">Ele foi condenado mais uma vez, em 2013, pelo crime de lavagem de dinheiro, junto com a esposa e a sogra. A pena acertada foi de 10 anos, 7 meses e 15 dias de pris\u00e3o.<\/p>\n<p style=\"text-align: justify;\"><em>Fonte: Yahoo Not\u00edcias<\/em><\/p>\n","protected":false},"excerpt":{"rendered":"<p>O atestado de \u00f3bito do traficante Elias Pereira da Silva, o Elias Maluco,\u00a0encontrado morto nesta ter\u00e7a-feira (22) dentro da pr\u00f3pria cela, aponta que a causa da morte foi asfixia mec\u00e2nica, enforcamento e compress\u00e3o do pesco\u00e7o. De acordo com a Pol\u00edcia Federal, o caso indica suic\u00eddio, por\u00e9m o \u00f3rg\u00e3o ainda ir\u00e1 aguardar o resultado da per\u00edcia &hellip;<\/p>\n","protected":false},"author":2,"featured_media":29562,"comment_status":"open","ping_status":"open","sticky":false,"template":"","format":"standard","meta":{"om_disable_all_campaigns":false,"_monsterinsights_skip_tracking":false,"_monsterinsights_sitenote_active":false,"_monsterinsights_sitenote_note":"","_monsterinsights_sitenote_category":0,"footnotes":""},"categories":[34,70,69,22],"tags":[100,71,48,49,93,3917,75,45,46,3343,129,107,44,132,230,169,3828,106,203,120,442,51,109,88,47,111,190],"class_list":["post-29581","post","type-post","status-publish","format-standard","has-post-thumbnail","hentry","category-brasil","category-destaques","category-noticias2","category-seguranca","tag-adustina","tag-antas","tag-araci","tag-banzae","tag-brasil","tag-catanduvas","tag-cicero-dantas","tag-cipo","tag-crisopolis","tag-elias-maluco","tag-euclides-da-cunha","tag-fatima","tag-heliopolis","tag-itapicuru","tag-jeremoabo","tag-morte","tag-noticias","tag-nova-soure","tag-novo-triunfo","tag-olindina","tag-parana","tag-paripiranga","tag-quijingue","tag-ribeira-do-amparo","tag-ribeira-do-pombal","tag-sitio-do-quinto","tag-tucano"],"aioseo_notices":[],"_links":{"self":[{"href":"https:\/\/www.portalalerta.com.br\/index.php\/wp-json\/wp\/v2\/posts\/29581","targetHints":{"allow":["GET"]}}],"collection":[{"href":"https:\/\/www.portalalerta.com.br\/index.php\/wp-json\/wp\/v2\/posts"}],"about":[{"href":"https:\/\/www.portalalerta.com.br\/index.php\/wp-json\/wp\/v2\/types\/post"}],"author":[{"embeddable":true,"href":"https:\/\/www.portalalerta.com.br\/index.php\/wp-json\/wp\/v2\/users\/2"}],"replies":[{"embeddable":true,"href":"https:\/\/www.portalalerta.com.br\/index.php\/wp-json\/wp\/v2\/comments?post=29581"}],"version-history":[{"count":1,"href":"https:\/\/www.portalalerta.com.br\/index.php\/wp-json\/wp\/v2\/posts\/29581\/revisions"}],"predecessor-version":[{"id":29582,"href":"https:\/\/www.portalalerta.com.br\/index.php\/wp-json\/wp\/v2\/posts\/29581\/revisions\/29582"}],"wp:featuredmedia":[{"embeddable":true,"href":"https:\/\/www.portalalerta.com.br\/index.php\/wp-json\/wp\/v2\/media\/29562"}],"wp:attachment":[{"href":"https:\/\/www.portalalerta.com.br\/index.php\/wp-json\/wp\/v2\/media?parent=29581"}],"wp:term":[{"taxonomy":"category","embeddable":true,"href":"https:\/\/www.portalalerta.com.br\/index.php\/wp-json\/wp\/v2\/categories?post=29581"},{"taxonomy":"post_tag","embeddable":true,"href":"https:\/\/www.portalalerta.com.br\/index.php\/wp-json\/wp\/v2\/tags?post=29581"}],"curies":[{"name":"wp","href":"https:\/\/api.w.org\/{rel}","templated":true}]}}