{"id":2960,"date":"2017-11-29T13:05:31","date_gmt":"2017-11-29T15:05:31","guid":{"rendered":"http:\/\/www.portalalerta.com.br\/?p=2960"},"modified":"2017-12-15T20:29:25","modified_gmt":"2017-12-15T22:29:25","slug":"jovem-acusado-de-matar-professor-por-nao-gostar-de-celular-e-assassinado-em-tucano-ba","status":"publish","type":"post","link":"https:\/\/www.portalalerta.com.br\/index.php\/2017\/11\/29\/jovem-acusado-de-matar-professor-por-nao-gostar-de-celular-e-assassinado-em-tucano-ba\/","title":{"rendered":"Jovem Acusado De Matar Professor Por N\u00e3o Gostar De Celular \u00c9 Assassinado Em Tucano-Ba"},"content":{"rendered":"<div class=\"itemIntroText\">\n<p>Um jovem identificado pelo prenome Jeferson, 17 anos, foi assassinado na manh\u00e3 de domingo, 26, numa localidade conhecida como Barrac\u00e3o, no Distrito de Caldas do Jorro, Tucano-BA.\u00a0 O mesmo foi encontrado ca\u00eddo ao ch\u00e3o, ao lado de uma motocicleta, com diversas perfura\u00e7\u00f5es pelo corpo, provocadas por disparos de arma de fogo.<\/p>\n<\/div>\n<div class=\"itemFullText\">\n<p>Jeferson chegou a ser socorrido para o Hospital Municipal Maria Penedo, mas n\u00e3o resistiu aos ferimentos tendo o seu \u00f3bito confirmado. Policiais Militares foram informados do crime, por\u00e9m at\u00e9 o momento do fechamento desta mat\u00e9ria nada foi informado a respeito da autoria e motiva\u00e7\u00e3o, n\u00e3o havendo tamb\u00e9m relatos de pris\u00e3o do(s) suspeito(s).<\/p>\n<p>&nbsp;<\/p>\n<p><img decoding=\"async\" class=\"aligncenter\" src=\"http:\/\/pombalalerta.com.br\/images\/autoescolanobre.jpg\" border=\"0\" \/><\/p>\n<p>O menor foi apontado como um dos autores de um homic\u00eddio realizado no dia 27 de outubro do corrente ano no povoado Creguenhem, em Tucano-BA, quando na ocasi\u00e3o anunciaram um assalto, cuja v\u00edtima era o professor Givaldo Rosa Lima, 45 anos, e por n\u00e3o gostarem do aparelho celular da v\u00edtima, os criminosos teriam realizado disparos de arma de fogo contra a mesma, que n\u00e3o resistiu aos ferimentos e morreu no Hospital Geral Cl\u00e9riston Andrade, em Feira de Santana-BA.<\/p>\n<p><img decoding=\"async\" src=\"http:\/\/pombalalerta.com.br\/images\/homicidioemtucnaon10.jpg\" alt=\"\" border=\"0\" \/><img decoding=\"async\" class=\"aligncenter\" src=\"http:\/\/pombalalerta.com.br\/images\/homicidioemtucanon10.jpg\" alt=\"\" border=\"0\" \/><\/p>\n<p>Menor que era apontado como autor de homic\u00eddio, foi assassinado em Tucano-BA<\/p>\n<p>Poucos dias ap\u00f3s o crime, a dupla foi capturada pela pol\u00edcia, quando se preparava para fugir para S\u00e3o Paulo-SP. Al\u00e9m de Jeferson, Lucas Silva Cerqueira (Bab\u00e3o), foi conduzido para a Delegacia de Pol\u00edcia Civil de Tucano-BA, onde segundo informa\u00e7\u00f5es preliminares, o menor teria assumido a autoria dos disparos. Dias depois, ambos j\u00e1 tinham conquistado a liberdade.<\/p>\n<\/div>\n","protected":false},"excerpt":{"rendered":"<p>Um jovem identificado pelo prenome Jeferson, 17 anos, foi assassinado na manh\u00e3 de domingo, 26, numa localidade conhecida como Barrac\u00e3o, no Distrito de Caldas do Jorro, Tucano-BA.\u00a0 O mesmo foi encontrado ca\u00eddo ao ch\u00e3o, ao lado de uma motocicleta, com diversas perfura\u00e7\u00f5es pelo corpo, provocadas por disparos de arma de fogo. Jeferson chegou a ser &hellip;<\/p>\n","protected":false},"author":1,"featured_media":2961,"comment_status":"closed","ping_status":"closed","sticky":false,"template":"","format":"standard","meta":{"om_disable_all_campaigns":false,"_monsterinsights_skip_tracking":false,"_monsterinsights_sitenote_active":false,"_monsterinsights_sitenote_note":"","_monsterinsights_sitenote_category":0,"footnotes":""},"categories":[70,12],"tags":[],"class_list":["post-2960","post","type-post","status-publish","format-standard","has-post-thumbnail","hentry","category-destaques","category-tucano"],"aioseo_notices":[],"_links":{"self":[{"href":"https:\/\/www.portalalerta.com.br\/index.php\/wp-json\/wp\/v2\/posts\/2960","targetHints":{"allow":["GET"]}}],"collection":[{"href":"https:\/\/www.portalalerta.com.br\/index.php\/wp-json\/wp\/v2\/posts"}],"about":[{"href":"https:\/\/www.portalalerta.com.br\/index.php\/wp-json\/wp\/v2\/types\/post"}],"author":[{"embeddable":true,"href":"https:\/\/www.portalalerta.com.br\/index.php\/wp-json\/wp\/v2\/users\/1"}],"replies":[{"embeddable":true,"href":"https:\/\/www.portalalerta.com.br\/index.php\/wp-json\/wp\/v2\/comments?post=2960"}],"version-history":[{"count":0,"href":"https:\/\/www.portalalerta.com.br\/index.php\/wp-json\/wp\/v2\/posts\/2960\/revisions"}],"wp:featuredmedia":[{"embeddable":true,"href":"https:\/\/www.portalalerta.com.br\/index.php\/wp-json\/wp\/v2\/media\/2961"}],"wp:attachment":[{"href":"https:\/\/www.portalalerta.com.br\/index.php\/wp-json\/wp\/v2\/media?parent=2960"}],"wp:term":[{"taxonomy":"category","embeddable":true,"href":"https:\/\/www.portalalerta.com.br\/index.php\/wp-json\/wp\/v2\/categories?post=2960"},{"taxonomy":"post_tag","embeddable":true,"href":"https:\/\/www.portalalerta.com.br\/index.php\/wp-json\/wp\/v2\/tags?post=2960"}],"curies":[{"name":"wp","href":"https:\/\/api.w.org\/{rel}","templated":true}]}}