{"id":29637,"date":"2020-09-25T21:01:58","date_gmt":"2020-09-26T00:01:58","guid":{"rendered":"https:\/\/www.portalalerta.com.br\/?p=29637"},"modified":"2020-09-25T21:01:58","modified_gmt":"2020-09-26T00:01:58","slug":"justica-concede-liminar-a-rubinho-ex-prefeito-de-tucano-ba","status":"publish","type":"post","link":"https:\/\/www.portalalerta.com.br\/index.php\/2020\/09\/25\/justica-concede-liminar-a-rubinho-ex-prefeito-de-tucano-ba\/","title":{"rendered":"Justi\u00e7a concede liminar a Rubinho, ex-prefeito de Tucano-BA"},"content":{"rendered":"<p style=\"text-align: justify;\">A 5\u00aa Vara da Fazenda P\u00fablica da Comarca de Salvador concedeu nesta quinta-feira (24) liminar favor\u00e1vel ao pr\u00e9-candidato \u00e0 Prefeitura de Tucano-BA, Jos\u00e9 Rubens de Santana Arruda, mais conhecido como \u201cRubinho\u201d (DEM).<!--more--><\/p>\n<div style=\"text-align: justify;\" data-mvc-banner=\"leaderboard\"><\/div>\n<p style=\"text-align: justify;\"><script type=\"text\/javascript\"> (function(storeName) { var b = document.createElement('script'); b.type = 'text\/javascript'; b.async = true; b.src = 'https:\/\/www.magazinevoce.com.br\/js\/banner.js?store='+ storeName; var s = document.getElementsByTagName('script')[0]; s.parentNode.insertBefore(b, s); })('Nvscosta'); <\/script><\/p>\n<p style=\"text-align: justify;\">A Decis\u00e3o do Juiz Pedro Rog\u00e9rio Castro Godinho, suspende a Resolu\u00e7\u00e3o n\u00ba 117\/2016 emanada no Processo do TCE (Tribunal de Contas do Estado) n\u00ba 003454\/2008. Na \u00e9poca, o TCE emitiu decis\u00e3o desaprovando as contas do ex-gestor, e aplicou multa no valor de R$500,00 (quinhentos reais) sob o fundamento de que houve omiss\u00e3o dolosa ao dever constitucional de prestar contas.<\/p>\n<p style=\"text-align: justify;\">Na decis\u00e3o desta quinta-feira, o Juiz Pedro Rog\u00e9rio, disse que o TCE n\u00e3o tem compet\u00eancia para declarar que a n\u00e3o presta\u00e7\u00e3o de contas pelo ex-prefeito se afigura como ato de improbidade administrativa vez que esta repousa na seara do Poder Judici\u00e1rio, apontando no vertente caso o v\u00edcio de legalidade e compet\u00eancia. A decis\u00e3o atende ao recurso apresentado por Rubinho.<\/p>\n<p style=\"text-align: justify;\"><em>Fonte: Pombal Not\u00edcias<\/em><\/p>\n<p style=\"text-align: justify;\"><em>Com informa\u00e7\u00f5es: Fique de Olho Agora<\/em><\/p>\n","protected":false},"excerpt":{"rendered":"<p>A 5\u00aa Vara da Fazenda P\u00fablica da Comarca de Salvador concedeu nesta quinta-feira (24) liminar favor\u00e1vel ao pr\u00e9-candidato \u00e0 Prefeitura de Tucano-BA, Jos\u00e9 Rubens de Santana Arruda, mais conhecido como \u201cRubinho\u201d (DEM).<\/p>\n","protected":false},"author":2,"featured_media":11975,"comment_status":"open","ping_status":"open","sticky":false,"template":"","format":"standard","meta":{"om_disable_all_campaigns":false,"_monsterinsights_skip_tracking":false,"_monsterinsights_sitenote_active":false,"_monsterinsights_sitenote_note":"","_monsterinsights_sitenote_category":0,"footnotes":""},"categories":[70,69,21,32,12],"tags":[100,71,48,49,75,45,46,129,134,107,44,132,230,270,1584,3828,106,203,120,51,109,88,47,3751,111,72,190],"class_list":["post-29637","post","type-post","status-publish","format-standard","has-post-thumbnail","hentry","category-destaques","category-noticias2","category-politica","category-regiao","category-tucano","tag-adustina","tag-antas","tag-araci","tag-banzae","tag-cicero-dantas","tag-cipo","tag-crisopolis","tag-euclides-da-cunha","tag-ex-prefeito","tag-fatima","tag-heliopolis","tag-itapicuru","tag-jeremoabo","tag-justica","tag-liminar","tag-noticias","tag-nova-soure","tag-novo-triunfo","tag-olindina","tag-paripiranga","tag-quijingue","tag-ribeira-do-amparo","tag-ribeira-do-pombal","tag-rubinho","tag-sitio-do-quinto","tag-tcm","tag-tucano"],"aioseo_notices":[],"_links":{"self":[{"href":"https:\/\/www.portalalerta.com.br\/index.php\/wp-json\/wp\/v2\/posts\/29637","targetHints":{"allow":["GET"]}}],"collection":[{"href":"https:\/\/www.portalalerta.com.br\/index.php\/wp-json\/wp\/v2\/posts"}],"about":[{"href":"https:\/\/www.portalalerta.com.br\/index.php\/wp-json\/wp\/v2\/types\/post"}],"author":[{"embeddable":true,"href":"https:\/\/www.portalalerta.com.br\/index.php\/wp-json\/wp\/v2\/users\/2"}],"replies":[{"embeddable":true,"href":"https:\/\/www.portalalerta.com.br\/index.php\/wp-json\/wp\/v2\/comments?post=29637"}],"version-history":[{"count":1,"href":"https:\/\/www.portalalerta.com.br\/index.php\/wp-json\/wp\/v2\/posts\/29637\/revisions"}],"predecessor-version":[{"id":29638,"href":"https:\/\/www.portalalerta.com.br\/index.php\/wp-json\/wp\/v2\/posts\/29637\/revisions\/29638"}],"wp:featuredmedia":[{"embeddable":true,"href":"https:\/\/www.portalalerta.com.br\/index.php\/wp-json\/wp\/v2\/media\/11975"}],"wp:attachment":[{"href":"https:\/\/www.portalalerta.com.br\/index.php\/wp-json\/wp\/v2\/media?parent=29637"}],"wp:term":[{"taxonomy":"category","embeddable":true,"href":"https:\/\/www.portalalerta.com.br\/index.php\/wp-json\/wp\/v2\/categories?post=29637"},{"taxonomy":"post_tag","embeddable":true,"href":"https:\/\/www.portalalerta.com.br\/index.php\/wp-json\/wp\/v2\/tags?post=29637"}],"curies":[{"name":"wp","href":"https:\/\/api.w.org\/{rel}","templated":true}]}}