{"id":29643,"date":"2020-09-25T21:56:13","date_gmt":"2020-09-26T00:56:13","guid":{"rendered":"https:\/\/www.portalalerta.com.br\/?p=29643"},"modified":"2020-09-25T21:56:13","modified_gmt":"2020-09-26T00:56:13","slug":"apos-20-semanas-de-pandemia-banzae-ba-registra-o-primeiro-obito-por-covid-19","status":"publish","type":"post","link":"https:\/\/www.portalalerta.com.br\/index.php\/2020\/09\/25\/apos-20-semanas-de-pandemia-banzae-ba-registra-o-primeiro-obito-por-covid-19\/","title":{"rendered":"Ap\u00f3s 20 semanas de pandemia, Banza\u00ea-BA registra o primeiro \u00f3bito por Covid-19"},"content":{"rendered":"<p style=\"text-align: justify;\">Em sua vig\u00e9sima semana de Pandemia, o munic\u00edpio de Banza\u00ea-BA comunicou nesta sexta-feira, 25, o primeiro \u00f3bito por causa da Covid-19 (Coronav\u00edrus).<!--more--><\/p>\n<p style=\"text-align: justify;\"><img fetchpriority=\"high\" decoding=\"async\" class=\"size-thumbnail wp-image-9394 alignleft\" src=\"https:\/\/www.portalalerta.com.br\/wp-content\/uploads\/2018\/07\/05elab-320x240.jpg\" alt=\"\" width=\"320\" height=\"240\" srcset=\"https:\/\/www.portalalerta.com.br\/wp-content\/uploads\/2018\/07\/05elab-320x240.jpg 320w, https:\/\/www.portalalerta.com.br\/wp-content\/uploads\/2018\/07\/05elab-195x146.jpg 195w, https:\/\/www.portalalerta.com.br\/wp-content\/uploads\/2018\/07\/05elab-50x38.jpg 50w, https:\/\/www.portalalerta.com.br\/wp-content\/uploads\/2018\/07\/05elab-100x75.jpg 100w, https:\/\/www.portalalerta.com.br\/wp-content\/uploads\/2018\/07\/05elab.jpg 400w\" sizes=\"(max-width: 320px) 100vw, 320px\" \/>De acordo com uma nota atribu\u00edda \u00e0 Secretaria Municipal de Sa\u00fade, a v\u00edtima foi identificada como um idoso de 75 anos de idade, que estava internado no Hospital Geral Santa Tereza, em Ribeira do Pombal-BA, onde evoluiu a \u00f3bito no \u00faltimo dia 23, e que foi submetido a um exame RT-PCR, obtendo resultado positivo para a doen\u00e7a, somente nesta sexta-feira.<\/p>\n<p style=\"text-align: justify;\">Atualmente, Banza\u00ea se encontra com 246 casos registrados, sendo 36 ativos (15%), 209 curas (85%), e 01 morte (menos que 1%).<\/p>\n<p style=\"text-align: justify;\"><a href=\"https:\/\/www.portalalerta.com.br\/index.php\/2020\/05\/27\/saiba-como-esta-a-evolucao-do-covid-19-em-banzae-ba\/\"><strong style=\"font-style: inherit;\">Clique aqui e saiba como est\u00e1 a evolu\u00e7\u00e3o do Covid-19 em Banza\u00ea-BA<\/strong><\/a><\/p>\n<p style=\"text-align: justify;\"><em style=\"font-weight: inherit;\">Reda\u00e7\u00e3o: Portal Alerta<\/em><\/p>\n<p style=\"text-align: justify;\"><strong style=\"font-style: inherit;\"><em>#fiqueemcasa<\/em><\/strong><\/p>\n<p style=\"text-align: justify;\"><em style=\"font-weight: inherit;\"><strong>#usemascaras<\/strong><\/em><\/p>\n","protected":false},"excerpt":{"rendered":"<p>Em sua vig\u00e9sima semana de Pandemia, o munic\u00edpio de Banza\u00ea-BA comunicou nesta sexta-feira, 25, o primeiro \u00f3bito por causa da Covid-19 (Coronav\u00edrus).<\/p>\n","protected":false},"author":2,"featured_media":22476,"comment_status":"open","ping_status":"open","sticky":false,"template":"","format":"standard","meta":{"om_disable_all_campaigns":false,"_monsterinsights_skip_tracking":false,"_monsterinsights_sitenote_active":false,"_monsterinsights_sitenote_note":"","_monsterinsights_sitenote_category":0,"footnotes":""},"categories":[39,70,69,32,19],"tags":[100,71,48,49,75,45,3429,3486,46,3841,129,107,44,3724,132,230,169,3828,106,203,120,51,109,88,47,61,111,190],"class_list":["post-29643","post","type-post","status-publish","format-standard","has-post-thumbnail","hentry","category-banzae","category-destaques","category-noticias2","category-regiao","category-saude","tag-adustina","tag-antas","tag-araci","tag-banzae","tag-cicero-dantas","tag-cipo","tag-coronavirus","tag-covid-19","tag-crisopolis","tag-curados","tag-euclides-da-cunha","tag-fatima","tag-heliopolis","tag-infeccao","tag-itapicuru","tag-jeremoabo","tag-morte","tag-noticias","tag-nova-soure","tag-novo-triunfo","tag-olindina","tag-paripiranga","tag-quijingue","tag-ribeira-do-amparo","tag-ribeira-do-pombal","tag-saude","tag-sitio-do-quinto","tag-tucano"],"aioseo_notices":[],"_links":{"self":[{"href":"https:\/\/www.portalalerta.com.br\/index.php\/wp-json\/wp\/v2\/posts\/29643","targetHints":{"allow":["GET"]}}],"collection":[{"href":"https:\/\/www.portalalerta.com.br\/index.php\/wp-json\/wp\/v2\/posts"}],"about":[{"href":"https:\/\/www.portalalerta.com.br\/index.php\/wp-json\/wp\/v2\/types\/post"}],"author":[{"embeddable":true,"href":"https:\/\/www.portalalerta.com.br\/index.php\/wp-json\/wp\/v2\/users\/2"}],"replies":[{"embeddable":true,"href":"https:\/\/www.portalalerta.com.br\/index.php\/wp-json\/wp\/v2\/comments?post=29643"}],"version-history":[{"count":1,"href":"https:\/\/www.portalalerta.com.br\/index.php\/wp-json\/wp\/v2\/posts\/29643\/revisions"}],"predecessor-version":[{"id":29644,"href":"https:\/\/www.portalalerta.com.br\/index.php\/wp-json\/wp\/v2\/posts\/29643\/revisions\/29644"}],"wp:featuredmedia":[{"embeddable":true,"href":"https:\/\/www.portalalerta.com.br\/index.php\/wp-json\/wp\/v2\/media\/22476"}],"wp:attachment":[{"href":"https:\/\/www.portalalerta.com.br\/index.php\/wp-json\/wp\/v2\/media?parent=29643"}],"wp:term":[{"taxonomy":"category","embeddable":true,"href":"https:\/\/www.portalalerta.com.br\/index.php\/wp-json\/wp\/v2\/categories?post=29643"},{"taxonomy":"post_tag","embeddable":true,"href":"https:\/\/www.portalalerta.com.br\/index.php\/wp-json\/wp\/v2\/tags?post=29643"}],"curies":[{"name":"wp","href":"https:\/\/api.w.org\/{rel}","templated":true}]}}