{"id":29645,"date":"2020-09-27T08:07:28","date_gmt":"2020-09-27T11:07:28","guid":{"rendered":"https:\/\/www.portalalerta.com.br\/?p=29645"},"modified":"2020-09-27T08:07:28","modified_gmt":"2020-09-27T11:07:28","slug":"brasil-acumula-141-406-mortes-pelo-novo-coronavirus","status":"publish","type":"post","link":"https:\/\/www.portalalerta.com.br\/index.php\/2020\/09\/27\/brasil-acumula-141-406-mortes-pelo-novo-coronavirus\/","title":{"rendered":"Brasil acumula 141.406 mortes pelo novo coronav\u00edrus"},"content":{"rendered":"<p style=\"text-align: justify;\">O Brasil soma 141.406 pessoas mortas pelo novo coronav\u00edrus desde o in\u00edcio da\u00a0pandemia. A taxa de letalidade, segundo o Minist\u00e9rio da Sa\u00fade est\u00e1 em 3%. Em 24 horas\u00a0desde o boletim divulgado na \u00faltima sexta-feira, 25, foram registrados 28.378 novos diagn\u00f3sticos positivos para covid-19. Com isso, o pa\u00eds soma 4.717.991\u00a0pessoas que j\u00e1 foram infectadas com o v\u00edrus.<!--more--><\/p>\n<p style=\"text-align: justify;\">Os dados foram divulgados pelo Minist\u00e9rio da Sa\u00fade no in\u00edcio da noite deste s\u00e1bado (26), na atualiza\u00e7\u00e3o di\u00e1ria publicada pela pasta.\u00a0O n\u00famero de recuperados da covid-19 chega a 4.050.837.<\/p>\n<p style=\"text-align: justify;\"><img fetchpriority=\"high\" decoding=\"async\" class=\"size-thumbnail wp-image-4869 aligncenter\" src=\"https:\/\/www.portalalerta.com.br\/wp-content\/uploads\/2018\/02\/Auto-Escola-Nobre-720x181.jpg\" alt=\"\" width=\"720\" height=\"181\" srcset=\"https:\/\/www.portalalerta.com.br\/wp-content\/uploads\/2018\/02\/Auto-Escola-Nobre.jpg 720w, https:\/\/www.portalalerta.com.br\/wp-content\/uploads\/2018\/02\/Auto-Escola-Nobre-260x65.jpg 260w, https:\/\/www.portalalerta.com.br\/wp-content\/uploads\/2018\/02\/Auto-Escola-Nobre-50x13.jpg 50w, https:\/\/www.portalalerta.com.br\/wp-content\/uploads\/2018\/02\/Auto-Escola-Nobre-150x38.jpg 150w\" sizes=\"(max-width: 720px) 100vw, 720px\" \/>Entre sexta-feira e s\u00e1bado), os novos \u00f3bitos registrados pelas secretarias estaduais de sa\u00fade totalizaram 869, mantendo a m\u00e9dia abaixo dos 1 mil di\u00e1rios das \u00faltimas semanas.<\/p>\n<p style=\"text-align: justify;\">Ainda de acordo com a atualiza\u00e7\u00e3o, 525.748 pacientes est\u00e3o em acompanhamento.<\/p>\n<p style=\"text-align: justify;\"><em>Fonte: Ag\u00eancia Brasil<\/em><\/p>\n","protected":false},"excerpt":{"rendered":"<p>O Brasil soma 141.406 pessoas mortas pelo novo coronav\u00edrus desde o in\u00edcio da\u00a0pandemia. A taxa de letalidade, segundo o Minist\u00e9rio da Sa\u00fade est\u00e1 em 3%. Em 24 horas\u00a0desde o boletim divulgado na \u00faltima sexta-feira, 25, foram registrados 28.378 novos diagn\u00f3sticos positivos para covid-19. Com isso, o pa\u00eds soma 4.717.991\u00a0pessoas que j\u00e1 foram infectadas com o &hellip;<\/p>\n","protected":false},"author":2,"featured_media":24009,"comment_status":"open","ping_status":"open","sticky":false,"template":"","format":"standard","meta":{"om_disable_all_campaigns":false,"_monsterinsights_skip_tracking":false,"_monsterinsights_sitenote_active":false,"_monsterinsights_sitenote_note":"","_monsterinsights_sitenote_category":0,"footnotes":""},"categories":[34,70,69,19],"tags":[93,3429,3486,3454,3724,439],"class_list":["post-29645","post","type-post","status-publish","format-standard","has-post-thumbnail","hentry","category-brasil","category-destaques","category-noticias2","category-saude","tag-brasil","tag-coronavirus","tag-covid-19","tag-cura","tag-infeccao","tag-mortes"],"aioseo_notices":[],"_links":{"self":[{"href":"https:\/\/www.portalalerta.com.br\/index.php\/wp-json\/wp\/v2\/posts\/29645","targetHints":{"allow":["GET"]}}],"collection":[{"href":"https:\/\/www.portalalerta.com.br\/index.php\/wp-json\/wp\/v2\/posts"}],"about":[{"href":"https:\/\/www.portalalerta.com.br\/index.php\/wp-json\/wp\/v2\/types\/post"}],"author":[{"embeddable":true,"href":"https:\/\/www.portalalerta.com.br\/index.php\/wp-json\/wp\/v2\/users\/2"}],"replies":[{"embeddable":true,"href":"https:\/\/www.portalalerta.com.br\/index.php\/wp-json\/wp\/v2\/comments?post=29645"}],"version-history":[{"count":1,"href":"https:\/\/www.portalalerta.com.br\/index.php\/wp-json\/wp\/v2\/posts\/29645\/revisions"}],"predecessor-version":[{"id":29646,"href":"https:\/\/www.portalalerta.com.br\/index.php\/wp-json\/wp\/v2\/posts\/29645\/revisions\/29646"}],"wp:featuredmedia":[{"embeddable":true,"href":"https:\/\/www.portalalerta.com.br\/index.php\/wp-json\/wp\/v2\/media\/24009"}],"wp:attachment":[{"href":"https:\/\/www.portalalerta.com.br\/index.php\/wp-json\/wp\/v2\/media?parent=29645"}],"wp:term":[{"taxonomy":"category","embeddable":true,"href":"https:\/\/www.portalalerta.com.br\/index.php\/wp-json\/wp\/v2\/categories?post=29645"},{"taxonomy":"post_tag","embeddable":true,"href":"https:\/\/www.portalalerta.com.br\/index.php\/wp-json\/wp\/v2\/tags?post=29645"}],"curies":[{"name":"wp","href":"https:\/\/api.w.org\/{rel}","templated":true}]}}