{"id":29649,"date":"2020-09-27T08:20:03","date_gmt":"2020-09-27T11:20:03","guid":{"rendered":"https:\/\/www.portalalerta.com.br\/?p=29649"},"modified":"2020-09-27T08:20:03","modified_gmt":"2020-09-27T11:20:03","slug":"bahia-registra-2-128-novos-casos-e-49-mortes-de-covid-19-nas-ultimas-24-horas","status":"publish","type":"post","link":"https:\/\/www.portalalerta.com.br\/index.php\/2020\/09\/27\/bahia-registra-2-128-novos-casos-e-49-mortes-de-covid-19-nas-ultimas-24-horas\/","title":{"rendered":"Bahia registra 2.128 novos casos e 49 mortes de Covid-19 nas \u00faltimas 24 horas"},"content":{"rendered":"<p style=\"text-align: justify;\">A Bahia registrou neste s\u00e1bado, 26, 2.128 casos de Covid-19 e 1.977 curados, os dados s\u00e3o baseados nas \u00faltimas 24 horas. Dos 305.186 casos confirmados desde o in\u00edcio da pandemia, 291.362 s\u00e3o considerados curados e 7.272 encontram-se ativos. No estado, 25.746 profissionais da sa\u00fade foram confirmados para Covid-19.<!--more--><\/p>\n<div style=\"text-align: justify;\" data-mvc-banner=\"leaderboard\"><\/div>\n<p style=\"text-align: justify;\"><script type=\"text\/javascript\"> (function(storeName) { var b = document.createElement('script'); b.type = 'text\/javascript'; b.async = true; b.src = 'https:\/\/www.magazinevoce.com.br\/js\/banner.js?store='+ storeName; var s = document.getElementsByTagName('script')[0]; s.parentNode.insertBefore(b, s); })('Nvscosta'); <\/script><\/p>\n<p style=\"text-align: justify;\">O boletim epidemiol\u00f3gico contabiliza ainda 604.757 casos descartados e 74.451 em investiga\u00e7\u00e3o. Estes dados representam notifica\u00e7\u00f5es oficiais compiladas pelo Centro de Informa\u00e7\u00f5es Estrat\u00e9gicas em Vigil\u00e2ncia em Sa\u00fade da Bahia (Cievs-BA), em conjunto com os Cievs municipais e as bases de dados do Minist\u00e9rio da Sa\u00fade at\u00e9 as 17h deste s\u00e1bado.<\/p>\n<p style=\"text-align: justify;\">De acordo com a Secretaria de Sa\u00fade da Bahia (Sesab) os casos confirmados foram registrados em 417 cidades baianas, com maior propor\u00e7\u00e3o em Salvador. Os munic\u00edpios com os maiores coeficientes de incid\u00eancia por 100.000 habitantes foram: Ibirataia (6.517,76), Almadina (6.350,66), Madre de Deus (5.940,36), Itabuna (5.917,75), S\u00e3o Jos\u00e9 da Vit\u00f3ria (5.108,71).<\/p>\n<p style=\"text-align: justify;\"><em>Fonte: A Tarde<\/em><\/p>\n","protected":false},"excerpt":{"rendered":"<p>A Bahia registrou neste s\u00e1bado, 26, 2.128 casos de Covid-19 e 1.977 curados, os dados s\u00e3o baseados nas \u00faltimas 24 horas. Dos 305.186 casos confirmados desde o in\u00edcio da pandemia, 291.362 s\u00e3o considerados curados e 7.272 encontram-se ativos. No estado, 25.746 profissionais da sa\u00fade foram confirmados para Covid-19.<\/p>\n","protected":false},"author":2,"featured_media":28768,"comment_status":"open","ping_status":"open","sticky":false,"template":"","format":"standard","meta":{"om_disable_all_campaigns":false,"_monsterinsights_skip_tracking":false,"_monsterinsights_sitenote_active":false,"_monsterinsights_sitenote_note":"","_monsterinsights_sitenote_category":0,"footnotes":""},"categories":[33,70,69,19],"tags":[100,71,48,54,49,75,45,3429,3486,46,3454,3841,129,107,44,3724,132,230,439,3828,106,203,120,51,109,88,47,111,190],"class_list":["post-29649","post","type-post","status-publish","format-standard","has-post-thumbnail","hentry","category-bahia","category-destaques","category-noticias2","category-saude","tag-adustina","tag-antas","tag-araci","tag-bahia","tag-banzae","tag-cicero-dantas","tag-cipo","tag-coronavirus","tag-covid-19","tag-crisopolis","tag-cura","tag-curados","tag-euclides-da-cunha","tag-fatima","tag-heliopolis","tag-infeccao","tag-itapicuru","tag-jeremoabo","tag-mortes","tag-noticias","tag-nova-soure","tag-novo-triunfo","tag-olindina","tag-paripiranga","tag-quijingue","tag-ribeira-do-amparo","tag-ribeira-do-pombal","tag-sitio-do-quinto","tag-tucano"],"aioseo_notices":[],"_links":{"self":[{"href":"https:\/\/www.portalalerta.com.br\/index.php\/wp-json\/wp\/v2\/posts\/29649","targetHints":{"allow":["GET"]}}],"collection":[{"href":"https:\/\/www.portalalerta.com.br\/index.php\/wp-json\/wp\/v2\/posts"}],"about":[{"href":"https:\/\/www.portalalerta.com.br\/index.php\/wp-json\/wp\/v2\/types\/post"}],"author":[{"embeddable":true,"href":"https:\/\/www.portalalerta.com.br\/index.php\/wp-json\/wp\/v2\/users\/2"}],"replies":[{"embeddable":true,"href":"https:\/\/www.portalalerta.com.br\/index.php\/wp-json\/wp\/v2\/comments?post=29649"}],"version-history":[{"count":1,"href":"https:\/\/www.portalalerta.com.br\/index.php\/wp-json\/wp\/v2\/posts\/29649\/revisions"}],"predecessor-version":[{"id":29650,"href":"https:\/\/www.portalalerta.com.br\/index.php\/wp-json\/wp\/v2\/posts\/29649\/revisions\/29650"}],"wp:featuredmedia":[{"embeddable":true,"href":"https:\/\/www.portalalerta.com.br\/index.php\/wp-json\/wp\/v2\/media\/28768"}],"wp:attachment":[{"href":"https:\/\/www.portalalerta.com.br\/index.php\/wp-json\/wp\/v2\/media?parent=29649"}],"wp:term":[{"taxonomy":"category","embeddable":true,"href":"https:\/\/www.portalalerta.com.br\/index.php\/wp-json\/wp\/v2\/categories?post=29649"},{"taxonomy":"post_tag","embeddable":true,"href":"https:\/\/www.portalalerta.com.br\/index.php\/wp-json\/wp\/v2\/tags?post=29649"}],"curies":[{"name":"wp","href":"https:\/\/api.w.org\/{rel}","templated":true}]}}