{"id":29660,"date":"2020-09-27T20:56:46","date_gmt":"2020-09-27T23:56:46","guid":{"rendered":"https:\/\/www.portalalerta.com.br\/?p=29660"},"modified":"2020-09-27T20:56:46","modified_gmt":"2020-09-27T23:56:46","slug":"candidato-pede-registro-de-candidatura-e-declara-ao-tse-r-32-milhoes-em-bens-em-conceicao-de-coite-ba","status":"publish","type":"post","link":"https:\/\/www.portalalerta.com.br\/index.php\/2020\/09\/27\/candidato-pede-registro-de-candidatura-e-declara-ao-tse-r-32-milhoes-em-bens-em-conceicao-de-coite-ba\/","title":{"rendered":"Candidato pede registro de candidatura e declara ao TSE R$ 32 milh\u00f5es em bens, em Concei\u00e7\u00e3o de Coit\u00e9-BA"},"content":{"rendered":"<p style=\"text-align: justify;\">O candidato do DEM \u00e0 Prefeitura de Concei\u00e7\u00e3o do Coit\u00e9-BA, Marcelo, declarou ter um patrim\u00f4nio de\u00a0R$ 32 milh\u00f5es\u00a0ao fazer, nesta semana o pedido de registro de sua candidatura ao TSE (Tribunal Superior Eleitoral). At\u00e9 o momento, Marcelo \u00e9 o candidato mais rico da regi\u00e3o do sisal. A maior parte do patrim\u00f4nio do candidato est\u00e1 distribu\u00edda entre aplica\u00e7\u00f5es de renda fixa, participa\u00e7\u00f5es em empresas e im\u00f3veis.<!--more--><\/p>\n<div data-mvc-banner=\"leaderboard\"><\/div>\n<p><script type=\"text\/javascript\"> (function(storeName) { var b = document.createElement('script'); b.type = 'text\/javascript'; b.async = true; b.src = 'https:\/\/www.magazinevoce.com.br\/js\/banner.js?store='+ storeName; var s = document.getElementsByTagName('script')[0]; s.parentNode.insertBefore(b, s); })('Nvscosta'); <\/script><\/p>\n<p>Em tese, o patrim\u00f4nio de Marcelo permitiria que ele bancasse por inteiro sua pr\u00f3pria campanha, j\u00e1 que o limite de gastos previsto em lei para a campanha \u00e0 prefeitura de Coit\u00e9 \u00e9 de R$ 362 mil por candidato.\u00a0Aos 50 anos, Marcelo \u00e9 natural de Concei\u00e7\u00e3o do Coit\u00e9. Engenheiro Civil, ele fez carreira como empres\u00e1rio no ramo de sisal. J\u00e1 seu candidato a vice-prefeito na chapa, Renato Souza (DEM), declarou pouco mais de R$ 221 mil em patrim\u00f4nio ao TSE.<\/p>\n<p style=\"text-align: justify;\"><img fetchpriority=\"high\" decoding=\"async\" class=\"aligncenter wp-image-29661 size-full\" src=\"https:\/\/www.portalalerta.com.br\/wp-content\/uploads\/2020\/09\/Marcelo-Coit\u00e9-2020.1.jpg\" alt=\"\" width=\"720\" height=\"358\" srcset=\"https:\/\/www.portalalerta.com.br\/wp-content\/uploads\/2020\/09\/Marcelo-Coit\u00e9-2020.1.jpg 720w, https:\/\/www.portalalerta.com.br\/wp-content\/uploads\/2020\/09\/Marcelo-Coit\u00e9-2020.1-483x240.jpg 483w, https:\/\/www.portalalerta.com.br\/wp-content\/uploads\/2020\/09\/Marcelo-Coit\u00e9-2020.1-260x129.jpg 260w, https:\/\/www.portalalerta.com.br\/wp-content\/uploads\/2020\/09\/Marcelo-Coit\u00e9-2020.1-50x25.jpg 50w, https:\/\/www.portalalerta.com.br\/wp-content\/uploads\/2020\/09\/Marcelo-Coit\u00e9-2020.1-150x75.jpg 150w\" sizes=\"(max-width: 720px) 100vw, 720px\" \/>Fonte: A Voz do Campo<\/p>\n","protected":false},"excerpt":{"rendered":"<p>O candidato do DEM \u00e0 Prefeitura de Concei\u00e7\u00e3o do Coit\u00e9-BA, Marcelo, declarou ter um patrim\u00f4nio de\u00a0R$ 32 milh\u00f5es\u00a0ao fazer, nesta semana o pedido de registro de sua candidatura ao TSE (Tribunal Superior Eleitoral). At\u00e9 o momento, Marcelo \u00e9 o candidato mais rico da regi\u00e3o do sisal. A maior parte do patrim\u00f4nio do candidato est\u00e1 distribu\u00edda &hellip;<\/p>\n","protected":false},"author":2,"featured_media":29662,"comment_status":"open","ping_status":"open","sticky":false,"template":"","format":"standard","meta":{"om_disable_all_campaigns":false,"_monsterinsights_skip_tracking":false,"_monsterinsights_sitenote_active":false,"_monsterinsights_sitenote_note":"","_monsterinsights_sitenote_category":0,"footnotes":""},"categories":[33,70,69,21],"tags":[100,71,48,54,49,75,45,700,46,3215,129,107,44,132,230,3828,106,203,120,51,109,88,47,111,190],"class_list":["post-29660","post","type-post","status-publish","format-standard","has-post-thumbnail","hentry","category-bahia","category-destaques","category-noticias2","category-politica","tag-adustina","tag-antas","tag-araci","tag-bahia","tag-banzae","tag-cicero-dantas","tag-cipo","tag-conceicao-do-coite","tag-crisopolis","tag-eleicoes-2020","tag-euclides-da-cunha","tag-fatima","tag-heliopolis","tag-itapicuru","tag-jeremoabo","tag-noticias","tag-nova-soure","tag-novo-triunfo","tag-olindina","tag-paripiranga","tag-quijingue","tag-ribeira-do-amparo","tag-ribeira-do-pombal","tag-sitio-do-quinto","tag-tucano"],"aioseo_notices":[],"_links":{"self":[{"href":"https:\/\/www.portalalerta.com.br\/index.php\/wp-json\/wp\/v2\/posts\/29660","targetHints":{"allow":["GET"]}}],"collection":[{"href":"https:\/\/www.portalalerta.com.br\/index.php\/wp-json\/wp\/v2\/posts"}],"about":[{"href":"https:\/\/www.portalalerta.com.br\/index.php\/wp-json\/wp\/v2\/types\/post"}],"author":[{"embeddable":true,"href":"https:\/\/www.portalalerta.com.br\/index.php\/wp-json\/wp\/v2\/users\/2"}],"replies":[{"embeddable":true,"href":"https:\/\/www.portalalerta.com.br\/index.php\/wp-json\/wp\/v2\/comments?post=29660"}],"version-history":[{"count":2,"href":"https:\/\/www.portalalerta.com.br\/index.php\/wp-json\/wp\/v2\/posts\/29660\/revisions"}],"predecessor-version":[{"id":29669,"href":"https:\/\/www.portalalerta.com.br\/index.php\/wp-json\/wp\/v2\/posts\/29660\/revisions\/29669"}],"wp:featuredmedia":[{"embeddable":true,"href":"https:\/\/www.portalalerta.com.br\/index.php\/wp-json\/wp\/v2\/media\/29662"}],"wp:attachment":[{"href":"https:\/\/www.portalalerta.com.br\/index.php\/wp-json\/wp\/v2\/media?parent=29660"}],"wp:term":[{"taxonomy":"category","embeddable":true,"href":"https:\/\/www.portalalerta.com.br\/index.php\/wp-json\/wp\/v2\/categories?post=29660"},{"taxonomy":"post_tag","embeddable":true,"href":"https:\/\/www.portalalerta.com.br\/index.php\/wp-json\/wp\/v2\/tags?post=29660"}],"curies":[{"name":"wp","href":"https:\/\/api.w.org\/{rel}","templated":true}]}}