{"id":29672,"date":"2020-09-28T17:21:35","date_gmt":"2020-09-28T20:21:35","guid":{"rendered":"https:\/\/www.portalalerta.com.br\/?p=29672"},"modified":"2020-09-28T17:21:35","modified_gmt":"2020-09-28T20:21:35","slug":"tse-em-pronunciamento-barroso-pede-cuidado-com-pandemia-e-fake-news","status":"publish","type":"post","link":"https:\/\/www.portalalerta.com.br\/index.php\/2020\/09\/28\/tse-em-pronunciamento-barroso-pede-cuidado-com-pandemia-e-fake-news\/","title":{"rendered":"TSE: em pronunciamento, Barroso pede cuidado com pandemia e fake news"},"content":{"rendered":"<p style=\"text-align: justify;\">O presidente do Tribunal Superior Eleitoral (TSE), Lu\u00eds Roberto Barroso, fez na noite do \u00faltimo s\u00e1bado (26) um pronunciamento de r\u00e1dio e TV sobre a campanha eleitoral, que come\u00e7a neste domingo, e pediu que o eleitor \u201cn\u00e3o abra m\u00e3o da sua chance de fazer a diferen\u00e7a\u201d. Barroso alertou o eleitor ainda sobre os cuidados por causa de dois \u201cv\u00edrus\u201d: a pandemia e as\u00a0<em>fake news<\/em>\u00a0(not\u00edcias falsas).\u00a0<!--more--><\/p>\n<p style=\"text-align: justify;\">\u201cH\u00e1 um outro v\u00edrus que ronda as elei\u00e7\u00f5es, capaz de comprometer n\u00e3o a sa\u00fade p\u00fablica, mas a pr\u00f3pria democracia. Trata-se das not\u00edcias falsas, das campanhas de desinforma\u00e7\u00e3o e de difama\u00e7\u00e3o\u201d, disse Barroso, que tamb\u00e9m \u00e9 ministro do Supremo Tribunal Federal (STF).<\/p>\n<p style=\"text-align: justify;\">\u201cVamos fazer uma campanha com debate p\u00fablico de qualidade, franco e robusto, mas com respeito e considera\u00e7\u00e3o pelas pessoas e por suas ideias, mesmo que diferentes das nossas\u201d.<\/p>\n<p style=\"text-align: justify;\"><img fetchpriority=\"high\" decoding=\"async\" class=\"size-thumbnail wp-image-4869 aligncenter\" src=\"https:\/\/www.portalalerta.com.br\/wp-content\/uploads\/2018\/02\/Auto-Escola-Nobre-720x181.jpg\" alt=\"\" width=\"720\" height=\"181\" srcset=\"https:\/\/www.portalalerta.com.br\/wp-content\/uploads\/2018\/02\/Auto-Escola-Nobre.jpg 720w, https:\/\/www.portalalerta.com.br\/wp-content\/uploads\/2018\/02\/Auto-Escola-Nobre-260x65.jpg 260w, https:\/\/www.portalalerta.com.br\/wp-content\/uploads\/2018\/02\/Auto-Escola-Nobre-50x13.jpg 50w, https:\/\/www.portalalerta.com.br\/wp-content\/uploads\/2018\/02\/Auto-Escola-Nobre-150x38.jpg 150w\" sizes=\"(max-width: 720px) 100vw, 720px\" \/>Conforme o presidente do TSE, a pandemia imp\u00f5e cuidados especiais na campanha para a prote\u00e7\u00e3o de eleitores e de candidatos. Com base na informa\u00e7\u00e3o colhida com especialistas, o TSE recomendou distanciamento social durante a campanha.<\/p>\n<p style=\"text-align: justify;\">\u201cA principal forma de transmiss\u00e3o da doen\u00e7a ocorre quando uma pessoa fala ou respira pr\u00f3xima da outra. Por essa raz\u00e3o, as recomenda\u00e7\u00f5es mais importantes s\u00e3o: evitar aglomera\u00e7\u00f5es, manter dist\u00e2ncia m\u00ednima de 1 metro das outras pessoas e sempre utilizar m\u00e1scara. Al\u00e9m disso, reuni\u00f5es devem ser feitas em lugares abertos e deve-se evitar a distribui\u00e7\u00e3o de impressos. Sempre que poss\u00edvel lave as m\u00e3os ou utilize \u00e1lcool gel ap\u00f3s ter contato com algu\u00e9m ou com algum objeto. Com esses cuidados, fica minimizado o risco de contamina\u00e7\u00e3o\u201d, disse Barroso.<\/p>\n<p style=\"text-align: justify;\">Segundo o TSE, 148 milh\u00f5es de eleitores est\u00e3o habilitados a votar para prefeitos e vereadores em mais de cinco mil e quinhentas cidades em todo o pa\u00eds.<\/p>\n<p style=\"text-align: justify;\"><em>Fonte: Ag\u00eancia Brasil<\/em><\/p>\n","protected":false},"excerpt":{"rendered":"<p>O presidente do Tribunal Superior Eleitoral (TSE), Lu\u00eds Roberto Barroso, fez na noite do \u00faltimo s\u00e1bado (26) um pronunciamento de r\u00e1dio e TV sobre a campanha eleitoral, que come\u00e7a neste domingo, e pediu que o eleitor \u201cn\u00e3o abra m\u00e3o da sua chance de fazer a diferen\u00e7a\u201d. Barroso alertou o eleitor ainda sobre os cuidados por &hellip;<\/p>\n","protected":false},"author":2,"featured_media":21487,"comment_status":"open","ping_status":"open","sticky":false,"template":"","format":"standard","meta":{"om_disable_all_campaigns":false,"_monsterinsights_skip_tracking":false,"_monsterinsights_sitenote_active":false,"_monsterinsights_sitenote_note":"","_monsterinsights_sitenote_category":0,"footnotes":""},"categories":[34,70,69,21,19],"tags":[93,3429,3486,3215,3399,805,3742,549],"class_list":["post-29672","post","type-post","status-publish","format-standard","has-post-thumbnail","hentry","category-brasil","category-destaques","category-noticias2","category-politica","category-saude","tag-brasil","tag-coronavirus","tag-covid-19","tag-eleicoes-2020","tag-fake-news","tag-luiz-roberto-barroso","tag-pandemia","tag-tse"],"aioseo_notices":[],"_links":{"self":[{"href":"https:\/\/www.portalalerta.com.br\/index.php\/wp-json\/wp\/v2\/posts\/29672","targetHints":{"allow":["GET"]}}],"collection":[{"href":"https:\/\/www.portalalerta.com.br\/index.php\/wp-json\/wp\/v2\/posts"}],"about":[{"href":"https:\/\/www.portalalerta.com.br\/index.php\/wp-json\/wp\/v2\/types\/post"}],"author":[{"embeddable":true,"href":"https:\/\/www.portalalerta.com.br\/index.php\/wp-json\/wp\/v2\/users\/2"}],"replies":[{"embeddable":true,"href":"https:\/\/www.portalalerta.com.br\/index.php\/wp-json\/wp\/v2\/comments?post=29672"}],"version-history":[{"count":1,"href":"https:\/\/www.portalalerta.com.br\/index.php\/wp-json\/wp\/v2\/posts\/29672\/revisions"}],"predecessor-version":[{"id":29673,"href":"https:\/\/www.portalalerta.com.br\/index.php\/wp-json\/wp\/v2\/posts\/29672\/revisions\/29673"}],"wp:featuredmedia":[{"embeddable":true,"href":"https:\/\/www.portalalerta.com.br\/index.php\/wp-json\/wp\/v2\/media\/21487"}],"wp:attachment":[{"href":"https:\/\/www.portalalerta.com.br\/index.php\/wp-json\/wp\/v2\/media?parent=29672"}],"wp:term":[{"taxonomy":"category","embeddable":true,"href":"https:\/\/www.portalalerta.com.br\/index.php\/wp-json\/wp\/v2\/categories?post=29672"},{"taxonomy":"post_tag","embeddable":true,"href":"https:\/\/www.portalalerta.com.br\/index.php\/wp-json\/wp\/v2\/tags?post=29672"}],"curies":[{"name":"wp","href":"https:\/\/api.w.org\/{rel}","templated":true}]}}